{"id":33739,"date":"2019-05-11T11:18:04","date_gmt":"2019-05-11T15:18:04","guid":{"rendered":"https:\/\/linitiative.ca\/International\/hausse-de-5-de-la-production-industrielle-en-zone-uemoa\/"},"modified":"2019-05-11T11:18:04","modified_gmt":"2019-05-11T15:18:04","slug":"hausse-de-5-de-la-production-industrielle-en-zone-uemoa","status":"publish","type":"post","link":"https:\/\/linitiative.ca\/International\/hausse-de-5-de-la-production-industrielle-en-zone-uemoa\/","title":{"rendered":"Hausse de 5% de la production industrielle en zone Uemoa"},"content":{"rendered":"<div readability=\"32\">\n<p>Publi\u00e9 le 11.05.2019 \u00e0 16h18 par APA News<\/p>\n<\/div>\n<div readability=\"53\">\n<p>La production industrielle de l\u2019Union \u00e9conomique et mon\u00e9taire ouest africaine (Uemoa) a progress\u00e9 de 5,0% en mars 2019, a appris samedi APA aupr\u00e8s de la Banque centrale des Etats de l\u2019Afrique de l\u2019Ouest (BCEAO).Cette production s\u2019est n\u00e9anmoins repli\u00e9e de 2,7 points de pourcentage compar\u00e9e \u00e0 son niveau de f\u00e9vrier 2019 o\u00f9 elle se situait \u00e0 7,7%.<\/p>\n<p>Quant \u00e0 l\u2019indice du chiffre d\u2019affaires du commerce de d\u00e9tail, il a progress\u00e9 de 4,5%, en rythme annuel, apr\u00e8s une augmentation de 5,1% en f\u00e9vrier 2019.<\/p>\n<p><ins data-revive-zoneid=\"9\" data-revive-id=\"10111e19d28d19d031742ee3b0b33eb0\"\/> <\/p>\n<p>De son cot\u00e9, l\u2019indice du chiffre d\u2019affaires dans les services marchands est ressorti en hausse de 6,0% en mars 2019 contre 6,1% le mois pr\u00e9c\u00e9dent.<\/p>\n<\/div>\n<p>Auteur: APA News<br \/>\n<a href=\"https:\/\/www.journalducameroun.com\/fr\/hausse-de-5-de-la-production-industrielle-en-zone-uemoa\/\">Cliquez ici pour lire l&rsquo;article depuis sa source.<\/a><\/p>\n","protected":false},"excerpt":{"rendered":"<p>Publi\u00e9 le 11.05.2019 \u00e0 16h18 par APA News La production industrielle de l\u2019Union \u00e9conomique et mon\u00e9taire ouest africaine (Uemoa) a progress\u00e9 de 5,0% en mars 2019, a appris samedi APA aupr\u00e8s de la Banque centrale des Etats de l\u2019Afrique de l\u2019Ouest (BCEAO).Cette production s\u2019est n\u00e9anmoins repli\u00e9e de 2,7 points de pourcentage compar\u00e9e \u00e0 son niveau [&hellip;]<\/p>\n","protected":false},"author":1965,"featured_media":0,"comment_status":"closed","ping_status":"closed","sticky":false,"template":"","format":"standard","meta":{"fifu_image_url":"","fifu_image_alt":"","footnotes":""},"categories":[73,82],"tags":[],"class_list":["post-33739","post","type-post","status-publish","format-standard","hentry","category-actualite","category-cameroun"],"_links":{"self":[{"href":"https:\/\/linitiative.ca\/International\/wp-json\/wp\/v2\/posts\/33739","targetHints":{"allow":["GET"]}}],"collection":[{"href":"https:\/\/linitiative.ca\/International\/wp-json\/wp\/v2\/posts"}],"about":[{"href":"https:\/\/linitiative.ca\/International\/wp-json\/wp\/v2\/types\/post"}],"author":[{"embeddable":true,"href":"https:\/\/linitiative.ca\/International\/wp-json\/wp\/v2\/users\/1965"}],"replies":[{"embeddable":true,"href":"https:\/\/linitiative.ca\/International\/wp-json\/wp\/v2\/comments?post=33739"}],"version-history":[{"count":0,"href":"https:\/\/linitiative.ca\/International\/wp-json\/wp\/v2\/posts\/33739\/revisions"}],"wp:attachment":[{"href":"https:\/\/linitiative.ca\/International\/wp-json\/wp\/v2\/media?parent=33739"}],"wp:term":[{"taxonomy":"category","embeddable":true,"href":"https:\/\/linitiative.ca\/International\/wp-json\/wp\/v2\/categories?post=33739"},{"taxonomy":"post_tag","embeddable":true,"href":"https:\/\/linitiative.ca\/International\/wp-json\/wp\/v2\/tags?post=33739"}],"curies":[{"name":"wp","href":"https:\/\/api.w.org\/{rel}","templated":true}]}}