{"id":33740,"date":"2019-05-11T12:18:03","date_gmt":"2019-05-11T16:18:03","guid":{"rendered":"https:\/\/linitiative.ca\/International\/cote-divoire-des-artistes-annoncent-un-sit-in-eclate-pour-liberer-le-burida\/"},"modified":"2019-05-11T12:18:03","modified_gmt":"2019-05-11T16:18:03","slug":"cote-divoire-des-artistes-annoncent-un-sit-in-eclate-pour-liberer-le-burida","status":"publish","type":"post","link":"https:\/\/linitiative.ca\/International\/cote-divoire-des-artistes-annoncent-un-sit-in-eclate-pour-liberer-le-burida\/","title":{"rendered":"C\u00f4te d\u2019Ivoire: des artistes annoncent un sit-in \u00e9clat\u00e9 pour \u00ab lib\u00e9rer \u00bb le BURIDA"},"content":{"rendered":"<div readability=\"32\">\n<p>Publi\u00e9 le 11.05.2019 \u00e0 17h18 par APA News<\/p>\n<\/div>\n<div readability=\"135\">\n<p>Dans un courrier adress\u00e9 au Pr\u00e9fet d\u2019Abidjan pour autorisation et dont APA s\u2019est procur\u00e9 copie, samedi, des artistes regroup\u00e9s dans trois syndicats annoncent un \u00ab sit-in pacifique \u00e9clat\u00e9 illimit\u00e9 \u00bb pour exiger le d\u00e9part de Mme Ir\u00e8ne Vieira \u00e0 la t\u00eate du Bureau ivoirien des droits de l\u2019auteur (BURIDA).Cette manifestation pr\u00e9vue pour le 14 mai prochain se tiendra, simultan\u00e9ment, \u00ab devant le si\u00e8ge du BURIDA \u00e0 Cocody-2 Plateaux, devant le Minist\u00e8re de la Culture et de la Francophonie au Plateau et devant les locaux de la Grande Chancellerie \u00e0 Cocody \u00bb, lit-on.<\/p>\n<p>A l\u2019initiative conjointe du Collectif d\u2019Artistes pour le Changement au Burida (CACB) de Fadal Dey, du Syndicat des Artistes Musiciens de C\u00f4te d\u2019Ivoire (SAMCI) de Dan Log et du \u00a0Syndicat National des Artistes Interpr\u00e8tes et Intermittents du Spectacle de C\u00f4te d\u2019Ivoire (SYNARIS-CI) de l\u2019artiste com\u00e9dien Nestor Eboua dit Akow\u00e9, \u00ab ce sit-in \u00e9clat\u00e9 illimit\u00e9 se tiendra de 06h du matin \u00e0 23h45 minutes chaque jour jusqu\u2019\u00e0 ce que Mme Vieira quitte d\u00e9finitivement notre maison \u00e0 tous le BURIDA \u00bb, pr\u00e9cisent les organisateurs.<\/p>\n<p>Une accusation \u00ab infond\u00e9e \u00bb, r\u00e9plique un autre groupe d\u2019artistes \u00a0favorables au maintien \u00e0 son poste de la directrice g\u00e9n\u00e9rale. Pour ces derniers, sous la gouvernance d\u2019Ir\u00e8ne Vieira, \u00ab le BURIDA est pass\u00e9 de 60 millions FCFA de financement des droits d\u2019auteurs de 2008 \u00e0 2011, \u00e0 plus d\u2019un milliard depuis 3 ans \u00bb.<\/p>\n<p>Un d\u00e9bat t\u00e9l\u00e9vis\u00e9 sur la premi\u00e8re cha\u00eene de la t\u00e9l\u00e9vision nationale r\u00e9unissant \u00a0Nahounou Paulin repr\u00e9sentant les artistes pro-Vieira, Fadal Dey pour les contestataires, Fausseni Demb\u00e9l\u00e9, alors Directeur de cabinet au minist\u00e8re de la Culture et de la francophonie et la directrice g\u00e9n\u00e9rale du Burida est organis\u00e9 le 13 novembre 2018.<\/p>\n<p>Ce jour-l\u00e0, Mme Vieira explique que le BURIDA est sorti de son d\u00e9ficit. \u00ab Depuis 2017, nous avons non seulement \u00e9quilibr\u00e9 les comptes, mais nous avons fait un r\u00e9sultat exc\u00e9dentaire. Nous avons d\u00e9gag\u00e9 un exc\u00e9dent de 116 millions de FCFA \u00bb, a-t-elle ass\u00e9n\u00e9, se d\u00e9fendant des accusations de mauvaise gestion de ses pourfendeurs.<\/p>\n<p>R\u00e9pondant au collectif d\u2019artistes qui r\u00e9clame son d\u00e9part pour \u00ab faute lourde\u00bb relativement \u00e0 une activit\u00e9 de son institution o\u00f9 elle aurait engag\u00e9 120 millions FCFA et r\u00e9colter en retour 35 millions FCFA, Mme Vieira a soutenu que certes l\u2019investissement \u00ab a \u00e9t\u00e9 d\u00e9ficitaire, mais n\u2019a pas montr\u00e9 de fraude\u00bb en rappelant aux artistes \u00ab les enjeux \u00bb sur lesquels ils doivent se \u00ab reconcentrer \u00bb, notamment, celui du \u00ab num\u00e9rique \u00bb.<\/p>\n<p>Dans la m\u00eame veine, Fausseni Demb\u00e9l\u00e9, a invit\u00e9, \u00e0 son tour, les artistes \u00ab \u00e0 sortir du cycle de l\u2019instabilit\u00e9 \u00bb estimant \u00ab qu\u2019avec cette fa\u00e7on de fonctionner le BURIDA n\u2019ira nulle part \u00bb.<\/p>\n<p><ins data-revive-zoneid=\"9\" data-revive-id=\"10111e19d28d19d031742ee3b0b33eb0\"\/> <\/p>\n<p>Dans la foul\u00e9e de ce plateau t\u00e9l\u00e9vis\u00e9, le ministre de la culture, Maurice Bandama Kouakou annonce dans un communiqu\u00e9 que \u00ab l\u2019Inspection G\u00e9n\u00e9rale d\u2019Etat a commandit\u00e9 un audit g\u00e9n\u00e9ral du BURIDA \u00bb. Cette enqu\u00eate a \u00e9t\u00e9 confi\u00e9e \u00e0 \u00ab l\u2019un des plus grands cabinets d\u2019audit implant\u00e9 en dans notre pays \u00bb, pr\u00e9cise le ministre Bandama qui, dans l\u2019attente des conclusions de l\u2019audit, invite \u00ab toutes les parties prenantes \u00e0 faire preuve de retenue et de responsabilit\u00e9 \u00bb.<\/p>\n<p>\u00c0 l\u2019issue d\u2019une r\u00e9union de Conseil d\u2019Administration tenue ce vendredi 10 mai \u00e0 la salle de conf\u00e9rence BURIDA, dix Administrateurs dont le Pr\u00e9sident du Conseil d\u2019administration (PCA) Sery Sylvain se sont \u00abd\u00e9solidaris\u00e9s \u00bb du sit-in dont ils ne se \u00ab reconnaissent nullement pas \u00bb.<\/p>\n<p>Par ailleurs, le Conseil d\u2019Administration invite les initiateurs de la manifestation, \u00e0 \u00ab attendre les r\u00e9sultats de l\u2019Audit qui \u00e9claireront tout le monde sur la mat\u00e9rialit\u00e9 des fautes dont le CACB accuse la Directrice g\u00e9n\u00e9rale \u00a0et de savoir \u00a0raison garder et de cesser ces activit\u00e9s de nature \u00e0 troubler non seulement la s\u00e9r\u00e9nit\u00e9 des soci\u00e9taires du BURIDA et du BURIDA lui-m\u00eame, mais aussi \u00e9ventuellement l\u2019ordre public \u00bb.<\/p>\n<p>Pour Yves Konan, le nouveau Directeur de cabinet du ministre de la Culture et de la Francophonie, qui a marqu\u00e9 sa surprise pour une telle \u00ab manifestation \u00bb, le cabinet n\u2019est pas inform\u00e9.<\/p>\n<p>Cependant, il a estim\u00e9 que \u00ab la situation du BURIDA est suffisamment connue des Ivoiriens pour avoir suivi le d\u00e9bat organis\u00e9 \u00e0 la t\u00e9l\u00e9vision sur la question \u00bb qu\u2019il parait judicieux pour les organisateurs de ce sit-in \u00ab d\u2019attendre les conclusions de l\u2019audit \u00bb.<\/p>\n<p>\u00a0Depuis mi-ao\u00fbt 2018, le BURIDA est secou\u00e9 par une crise. Des artistes r\u00e9unis au sein d\u2019un collectif ont demand\u00e9 le limogeage d\u2019Ir\u00e8ne Viera, la Directrice g\u00e9n\u00e9rale du BURIDA, pour selon eux, \u00abmauvaise gestion \u00bb.<\/p>\n<\/div>\n<p>Auteur: APA News<br \/>\n<a href=\"https:\/\/www.journalducameroun.com\/fr\/cote-divoire-des-artistes-annoncent-un-sit-in-eclate-pour-liberer-le-burida\/\">Cliquez ici pour lire l&rsquo;article depuis sa source.<\/a><\/p>\n","protected":false},"excerpt":{"rendered":"<p>Publi\u00e9 le 11.05.2019 \u00e0 17h18 par APA News Dans un courrier adress\u00e9 au Pr\u00e9fet d\u2019Abidjan pour autorisation et dont APA s\u2019est procur\u00e9 copie, samedi, des artistes regroup\u00e9s dans trois syndicats annoncent un \u00ab sit-in pacifique \u00e9clat\u00e9 illimit\u00e9 \u00bb pour exiger le d\u00e9part de Mme Ir\u00e8ne Vieira \u00e0 la t\u00eate du Bureau ivoirien des droits de [&hellip;]<\/p>\n","protected":false},"author":1965,"featured_media":0,"comment_status":"closed","ping_status":"closed","sticky":false,"template":"","format":"standard","meta":{"fifu_image_url":"","fifu_image_alt":"","footnotes":""},"categories":[73,82],"tags":[],"class_list":["post-33740","post","type-post","status-publish","format-standard","hentry","category-actualite","category-cameroun"],"_links":{"self":[{"href":"https:\/\/linitiative.ca\/International\/wp-json\/wp\/v2\/posts\/33740","targetHints":{"allow":["GET"]}}],"collection":[{"href":"https:\/\/linitiative.ca\/International\/wp-json\/wp\/v2\/posts"}],"about":[{"href":"https:\/\/linitiative.ca\/International\/wp-json\/wp\/v2\/types\/post"}],"author":[{"embeddable":true,"href":"https:\/\/linitiative.ca\/International\/wp-json\/wp\/v2\/users\/1965"}],"replies":[{"embeddable":true,"href":"https:\/\/linitiative.ca\/International\/wp-json\/wp\/v2\/comments?post=33740"}],"version-history":[{"count":0,"href":"https:\/\/linitiative.ca\/International\/wp-json\/wp\/v2\/posts\/33740\/revisions"}],"wp:attachment":[{"href":"https:\/\/linitiative.ca\/International\/wp-json\/wp\/v2\/media?parent=33740"}],"wp:term":[{"taxonomy":"category","embeddable":true,"href":"https:\/\/linitiative.ca\/International\/wp-json\/wp\/v2\/categories?post=33740"},{"taxonomy":"post_tag","embeddable":true,"href":"https:\/\/linitiative.ca\/International\/wp-json\/wp\/v2\/tags?post=33740"}],"curies":[{"name":"wp","href":"https:\/\/api.w.org\/{rel}","templated":true}]}}