{"id":33742,"date":"2019-05-11T12:50:01","date_gmt":"2019-05-11T16:50:01","guid":{"rendered":"https:\/\/linitiative.ca\/International\/attaque-dun-hotel-du-port-de-gwadar-au-pakistan-au-moins-un-mort\/"},"modified":"2019-05-11T12:50:01","modified_gmt":"2019-05-11T16:50:01","slug":"attaque-dun-hotel-du-port-de-gwadar-au-pakistan-au-moins-un-mort","status":"publish","type":"post","link":"https:\/\/linitiative.ca\/International\/attaque-dun-hotel-du-port-de-gwadar-au-pakistan-au-moins-un-mort\/","title":{"rendered":"Attaque d\u2019un h\u00f4tel du port de Gwadar au Pakistan, au moins un mort"},"content":{"rendered":"<div readability=\"32\">\n<p>Publi\u00e9 le 11.05.2019 \u00e0 17h50 par AFP<\/p>\n<\/div>\n<div readability=\"130\">\n<p>Au moins un homme est mort samedi dans l\u2019attaque par des hommes arm\u00e9s d\u2019un h\u00f4tel de luxe \u00e0 Gwadar, ville du sud-ouest du Pakistan o\u00f9 la Chine a construit un port en eaux profondes dans le cadre d\u2019un vaste projet commercial, a annonc\u00e9 l\u2019arm\u00e9e pakistanaise.<\/p>\n<p>\u00ab\u00a0Trois terroristes ont tent\u00e9 de forcer l\u2019entr\u00e9e du PC (Pearl continental, NDLR) de Gwadar. Un garde a r\u00e9sist\u00e9. Les terroristes ont ouvert le feu sur ce garde, qui est mort\u00a0\u00bb, a indiqu\u00e9 la cellule communication de l\u2019arm\u00e9e dans un communiqu\u00e9.<\/p>\n<p>\u00ab\u00a0Les forces de s\u00e9curit\u00e9 ont boucl\u00e9 la zone. Les clients ont \u00e9t\u00e9 \u00e9vacu\u00e9s en toute s\u00e9curit\u00e9. Les terroristes sont encercl\u00e9s par les forces de s\u00e9curit\u00e9 dans l\u2019escalier menant au dernier \u00e9tage\u00a0\u00bb, a d\u00e9clar\u00e9 un porte-parole de l\u2019arm\u00e9e \u00e0 l\u2019AFP.<\/p>\n<p>Plus t\u00f4t, le ministre de l\u2019Int\u00e9rieur de la province du Baloutchistan, o\u00f9 se trouve Gwadar, Ziaullah Langu, avait dit \u00e0 l\u2019AFP que \u00ab\u00a0jusqu\u2019\u00e0 quatre hommes arm\u00e9s (\u00e9taient) entr\u00e9s dans l\u2019h\u00f4tel Pearl continental et (avaient) ouvert le feu\u00a0\u00bb.<\/p>\n<p>\u00ab\u00a0On nous a signal\u00e9 que quelques personnes avaient \u00e9t\u00e9 l\u00e9g\u00e8rement bless\u00e9es\u00a0\u00bb, avait-il pr\u00e9cis\u00e9 au t\u00e9l\u00e9phone.<\/p>\n<p>Des ambulances et du personnel de secours attendaient sur une route menant \u00e0 l\u2019h\u00f4tel, a racont\u00e9 Mohammad Aslam, un policier de Gwadar, qui a dit entendre des coups de feu de son bureau, tandis que l\u2019op\u00e9ration des forces de l\u2019ordre touchait selon lui \u00e0 sa fin.<\/p>\n<p>\u00ab\u00a0Il n\u2019y avait pas de clients chinois ou pakistanais dans l\u2019h\u00f4tel\u00a0\u00bb mais seulement du personnel, a-t-il soulign\u00e9.<\/p>\n<p>\u2013 Symbole \u2013<\/p>\n<p>Aucun groupe n\u2019a pour le moment revendiqu\u00e9 cette attaque contre un lieu tr\u00e8s symbolique, le Pearl continental \u00e9tant l\u2019unique h\u00f4tel de luxe de Gwadar. Situ\u00e9 sur une corniche, il surplombe en outre le port en eaux profondes creus\u00e9 par la Chine, vaisseau amiral du Corridor \u00e9conomique Chine-Pakistan (CPEC), dans lequel la Chine a investi des dizaines de milliards d\u2019euros.<\/p>\n<p><ins data-revive-zoneid=\"9\" data-revive-id=\"10111e19d28d19d031742ee3b0b33eb0\"\/> <\/p>\n<p>Ce projet vise \u00e0 relier la province occidentale chinoise du Xinjiang au port de Gwadar. De nombreuses infrastructures \u2013 autoroutes, centrales \u00e9lectriques, h\u00f4pitaux, etc. \u2013 doivent \u00eatre construites dans ce cadre. Le CPEC donnera aux produits chinois un acc\u00e8s direct \u00e0 la mer d\u2019Arabie.<\/p>\n<p>Pour le Pakistan, ce projet repr\u00e9sente un d\u00e9fi \u00e9norme, notamment s\u00e9curitaire, des groupes arm\u00e9s s\u00e9vissant dans plusieurs provinces qu\u2019il traverse, tout particuli\u00e8rement le Baloutchistan.<\/p>\n<p>Frontalier de l\u2019Afghanistan et l\u2019Iran, le Baloutchistan est la plus pauvre des quatre provinces du Pakistan, malgr\u00e9 des gisements d\u2019hydrocarbures et de min\u00e9raux.<\/p>\n<p>C\u2019est aussi la plus instable : une insurrection s\u00e9paratiste et des violences islamistes y ont fait des centaines de morts ces derni\u00e8res ann\u00e9es.<\/p>\n<p>Il y a trois semaines, un groupe de s\u00e9paratistes baloutches avait abattu 14 passagers de diff\u00e9rents autocars au Baloutchistan. Fin novembre, quatre personnes avaient \u00e9t\u00e9 tu\u00e9es dans l\u2019attaque du consulat de Chine \u00e0 Karachi par des hommes arm\u00e9s. L\u2019assaut avait \u00e9galement \u00e9t\u00e9 revendiqu\u00e9 par des s\u00e9paratistes baloutches.<\/p>\n<p>En d\u00e9pit de ces attaques, la s\u00e9curit\u00e9 s\u2019est tr\u00e8s nettement am\u00e9lior\u00e9e au Pakistan, o\u00f9 les attentats constituaient la routine entre 2001 et 2015.<\/p>\n<p>D\u2019apr\u00e8s le CRSS, un think-tank pakistanais, 1.131 personnes ont \u00e9t\u00e9 tu\u00e9es dans des violences extr\u00e9mistes, politiques ou criminelles en 2018, soit une chute de plus de 80% par rapport \u00e0 2015.<\/p>\n<p>Mercredi, un attentat-suicide revendiqu\u00e9 par les talibans pakistanais a tu\u00e9 au moins 12 personnes \u00e0 Lahores (Est). L\u2019attaque \u00e9tait survenue dans une zone fr\u00e9quent\u00e9e de la deuxi\u00e8me ville du pays, pr\u00e8s de l\u2019entr\u00e9e r\u00e9serv\u00e9e aux femmes d\u2019un mausol\u00e9e soufi du XIe si\u00e8cle, un des plus grands d\u2019Asie du sud.<\/p>\n<\/div>\n<p>Auteur: AFP<br \/>\n<a href=\"https:\/\/www.journalducameroun.com\/fr\/attaque-dun-hotel-du-port-de-gwadar-au-pakistan-au-moins-un-mort\/\">Cliquez ici pour lire l&rsquo;article depuis sa source.<\/a><\/p>\n","protected":false},"excerpt":{"rendered":"<p>Publi\u00e9 le 11.05.2019 \u00e0 17h50 par AFP Au moins un homme est mort samedi dans l\u2019attaque par des hommes arm\u00e9s d\u2019un h\u00f4tel de luxe \u00e0 Gwadar, ville du sud-ouest du Pakistan o\u00f9 la Chine a construit un port en eaux profondes dans le cadre d\u2019un vaste projet commercial, a annonc\u00e9 l\u2019arm\u00e9e pakistanaise. \u00ab\u00a0Trois terroristes ont [&hellip;]<\/p>\n","protected":false},"author":1965,"featured_media":0,"comment_status":"closed","ping_status":"closed","sticky":false,"template":"","format":"standard","meta":{"fifu_image_url":"","fifu_image_alt":"","footnotes":""},"categories":[73,82],"tags":[],"class_list":["post-33742","post","type-post","status-publish","format-standard","hentry","category-actualite","category-cameroun"],"_links":{"self":[{"href":"https:\/\/linitiative.ca\/International\/wp-json\/wp\/v2\/posts\/33742","targetHints":{"allow":["GET"]}}],"collection":[{"href":"https:\/\/linitiative.ca\/International\/wp-json\/wp\/v2\/posts"}],"about":[{"href":"https:\/\/linitiative.ca\/International\/wp-json\/wp\/v2\/types\/post"}],"author":[{"embeddable":true,"href":"https:\/\/linitiative.ca\/International\/wp-json\/wp\/v2\/users\/1965"}],"replies":[{"embeddable":true,"href":"https:\/\/linitiative.ca\/International\/wp-json\/wp\/v2\/comments?post=33742"}],"version-history":[{"count":0,"href":"https:\/\/linitiative.ca\/International\/wp-json\/wp\/v2\/posts\/33742\/revisions"}],"wp:attachment":[{"href":"https:\/\/linitiative.ca\/International\/wp-json\/wp\/v2\/media?parent=33742"}],"wp:term":[{"taxonomy":"category","embeddable":true,"href":"https:\/\/linitiative.ca\/International\/wp-json\/wp\/v2\/categories?post=33742"},{"taxonomy":"post_tag","embeddable":true,"href":"https:\/\/linitiative.ca\/International\/wp-json\/wp\/v2\/tags?post=33742"}],"curies":[{"name":"wp","href":"https:\/\/api.w.org\/{rel}","templated":true}]}}