{"id":33764,"date":"2019-05-12T05:01:03","date_gmt":"2019-05-12T09:01:03","guid":{"rendered":"https:\/\/linitiative.ca\/International\/en-une-journee-arrestation-de-5-malfrats-recherches-par-la-police\/"},"modified":"2019-05-12T05:01:03","modified_gmt":"2019-05-12T09:01:03","slug":"en-une-journee-arrestation-de-5-malfrats-recherches-par-la-police","status":"publish","type":"post","link":"https:\/\/linitiative.ca\/International\/en-une-journee-arrestation-de-5-malfrats-recherches-par-la-police\/","title":{"rendered":"En une journ\u00e9e, arrestation  de 5 malfrats recherch\u00e9s  par la police"},"content":{"rendered":"<header>\n<\/header>\n<div class=\"entry-content clearfix\" readability=\"51\"><img decoding=\"async\" class=\"post_layout_5_img\" src=\"http:\/\/aujourdhui.ma\/wp-content\/uploads\/2019\/05\/arrestation-maroc-police.jpg?x29840\" alt=\"En une journ\u00e9e, arrestation de 5 malfrats recherch\u00e9s par la police\"\/><\/p>\n<p class=\"p1\"><span class=\"c4\"><strong>Cinq malfaiteurs, tous des repris de justice, faisant l\u2019objet de notes de recherche \u00e0 l\u2019\u00e9chelle locale ou nationale, ont \u00e9t\u00e9 arr\u00eat\u00e9s en une seule journ\u00e9e par les \u00e9l\u00e9ments de la brigade des investigations et des interventions relevant de la s\u00fbret\u00e9 publique de la pr\u00e9fecture de La\u00e2youne.<\/strong><\/span> <span id=\"more-311003\"\/><\/p>\n<p class=\"p1\">Ces malfrats \u00e9taient tous recherch\u00e9s pour leur implication dans des affaires de vol qualifi\u00e9 ou vol simple. Le premier \u00e9tait recherch\u00e9 pour son implication dans deux agressions \u00e0 main arm\u00e9e, alors que le deuxi\u00e8me, sur lequel la police a saisi une quantit\u00e9 de haschich, l\u2019\u00e9tait pour vol qualifi\u00e9.<\/p>\n<p class=\"p1\">Le troisi\u00e8me malfrat a \u00e9t\u00e9 arr\u00eat\u00e9 au niveau du lotissement Al \u00c2ouda en flagrant d\u00e9lit de vol d\u2019un v\u00e9lomoteur. Ce dernier \u00e9tait en possession d\u2019une \u00e9p\u00e9e saisie par la police qui a \u00e9galement saisi un couteau \u00e0 cran d\u2019arr\u00eat chez le cinqui\u00e8me suspect impliqu\u00e9 dans une affaire de vol.<\/p>\n<\/div>\n<p>Auteur: Abderrafii ALOUMLIKI<br \/>\n<a href=\"http:\/\/aujourdhui.ma\/faits-divers\/en-une-journee-arrestation-de-5-malfrats-recherches-par-la-police\">Cliquez ici pour lire l&rsquo;article depuis sa source.<\/a><\/p>\n","protected":false},"excerpt":{"rendered":"<p>Cinq malfaiteurs, tous des repris de justice, faisant l\u2019objet de notes de recherche \u00e0 l\u2019\u00e9chelle locale ou nationale, ont \u00e9t\u00e9 arr\u00eat\u00e9s en une seule journ\u00e9e par les \u00e9l\u00e9ments de la brigade des investigations et des interventions relevant de la s\u00fbret\u00e9 publique de la pr\u00e9fecture de La\u00e2youne. Ces malfrats \u00e9taient tous recherch\u00e9s pour leur implication dans [&hellip;]<\/p>\n","protected":false},"author":1759,"featured_media":0,"comment_status":"closed","ping_status":"closed","sticky":false,"template":"","format":"standard","meta":{"fifu_image_url":"","fifu_image_alt":"","footnotes":""},"categories":[73,54],"tags":[],"class_list":["post-33764","post","type-post","status-publish","format-standard","hentry","category-actualite","category-maroc"],"_links":{"self":[{"href":"https:\/\/linitiative.ca\/International\/wp-json\/wp\/v2\/posts\/33764","targetHints":{"allow":["GET"]}}],"collection":[{"href":"https:\/\/linitiative.ca\/International\/wp-json\/wp\/v2\/posts"}],"about":[{"href":"https:\/\/linitiative.ca\/International\/wp-json\/wp\/v2\/types\/post"}],"author":[{"embeddable":true,"href":"https:\/\/linitiative.ca\/International\/wp-json\/wp\/v2\/users\/1759"}],"replies":[{"embeddable":true,"href":"https:\/\/linitiative.ca\/International\/wp-json\/wp\/v2\/comments?post=33764"}],"version-history":[{"count":0,"href":"https:\/\/linitiative.ca\/International\/wp-json\/wp\/v2\/posts\/33764\/revisions"}],"wp:attachment":[{"href":"https:\/\/linitiative.ca\/International\/wp-json\/wp\/v2\/media?parent=33764"}],"wp:term":[{"taxonomy":"category","embeddable":true,"href":"https:\/\/linitiative.ca\/International\/wp-json\/wp\/v2\/categories?post=33764"},{"taxonomy":"post_tag","embeddable":true,"href":"https:\/\/linitiative.ca\/International\/wp-json\/wp\/v2\/tags?post=33764"}],"curies":[{"name":"wp","href":"https:\/\/api.w.org\/{rel}","templated":true}]}}