{"id":33765,"date":"2019-05-12T05:03:07","date_gmt":"2019-05-12T09:03:07","guid":{"rendered":"https:\/\/linitiative.ca\/International\/casablanca-la-librairie-porte-danfa-organise-son-premier-salon-du-livre\/"},"modified":"2019-05-12T05:03:07","modified_gmt":"2019-05-12T09:03:07","slug":"casablanca-la-librairie-porte-danfa-organise-son-premier-salon-du-livre","status":"publish","type":"post","link":"https:\/\/linitiative.ca\/International\/casablanca-la-librairie-porte-danfa-organise-son-premier-salon-du-livre\/","title":{"rendered":"Casablanca : La librairie Porte d\u2019Anfa organise son premier Salon du livre"},"content":{"rendered":"<header>\n<div class=\"entry-post-meta\">\n<div class=\"author-link\">Publi\u00e9 par <a itemprop=\"author\" itemscope=\"\" itemtype=\"https:\/\/schema.org\/Person\" href=\"http:\/\/aujourdhui.ma\/profile\/kaid\" rel=\"author\"><span itemprop=\"name\">ALM<\/span><\/a><\/div>\n<p>Date\u00a0:<time content=\"2019-05-12T09:03:07+00:00\" class=\"entry-date updated\" datetime=\"2019-05-12T09:03:07+00:00\">mai 12, 2019<\/time><\/p>\n<div class=\"entry-cat\">dans:<a href=\"http:\/\/aujourdhui.ma\/category\/culture\/livre\" rel=\"category tag\">Livre<\/a>, <a href=\"http:\/\/aujourdhui.ma\/category\/une\" rel=\"category tag\">Une<\/a><\/div>\n<p>6Vues<\/p>\n<\/div>\n<\/header>\n<div class=\"entry-content clearfix\" readability=\"48\"><img decoding=\"async\" class=\"post_layout_5_img\" src=\"http:\/\/aujourdhui.ma\/wp-content\/uploads\/2019\/05\/La-librairie-Porte-d%E2%80%99Anfa.jpg?x29840\" alt=\"Casablanca : La librairie Porte d\u2019Anfa organise son premier Salon du livre\"\/><\/p>\n<p class=\"p1\"><span class=\"s1\"><span class=\"c4\"><strong>La librairie Porte d\u2019Anfa (LPA) organise, du 14 au 16 juin \u00e0 l\u2019\u00c9cole fran\u00e7aise internationale de Casablanca, la premi\u00e8re \u00e9dition du Salon du livre jeunesse, avec la participation de plusieurs auteurs de livres pour enfants<\/strong><\/span><em><span class=\"c4\"><strong>.<\/strong><\/span><\/em><\/span> <span id=\"more-311004\"\/><\/p>\n<p class=\"p1\"><span class=\"s1\"><em>\u00abHuit auteurs sont pour l\u2019instant confirm\u00e9s tandis que d\u2019autres s\u2019ajouteront d\u2019ici la fin du mois pour cet \u00e9v\u00e9nement qui a pour ambition de donner aux enfants l\u2019envie de lire\u00bb,<\/em> indique un communiqu\u00e9 des organisateurs, faisant savoir que les auteurs invit\u00e9s publient des livres pour les enfants de 3 \u00e0 13 ans, notamment Jean-Philippe Arrou-Vignod, Aur\u00e9lie Gerlach, Richad Normandon, Florence Pinaud et Junko Shibuya.<\/span><\/p>\n<\/div>\n<p>Auteur: ALM<br \/>\n<a href=\"http:\/\/aujourdhui.ma\/culture\/livre\/casablanca-la-librairie-porte-danfa-organise-son-premier-salon-du-livre\">Cliquez ici pour lire l&rsquo;article depuis sa source.<\/a><\/p>\n","protected":false},"excerpt":{"rendered":"<p>Publi\u00e9 par ALM Date\u00a0:mai 12, 2019 dans:Livre, Une 6Vues La librairie Porte d\u2019Anfa (LPA) organise, du 14 au 16 juin \u00e0 l\u2019\u00c9cole fran\u00e7aise internationale de Casablanca, la premi\u00e8re \u00e9dition du Salon du livre jeunesse, avec la participation de plusieurs auteurs de livres pour enfants. \u00abHuit auteurs sont pour l\u2019instant confirm\u00e9s tandis que d\u2019autres s\u2019ajouteront d\u2019ici [&hellip;]<\/p>\n","protected":false},"author":1759,"featured_media":0,"comment_status":"closed","ping_status":"closed","sticky":false,"template":"","format":"standard","meta":{"fifu_image_url":"","fifu_image_alt":"","footnotes":""},"categories":[73,54],"tags":[],"class_list":["post-33765","post","type-post","status-publish","format-standard","hentry","category-actualite","category-maroc"],"_links":{"self":[{"href":"https:\/\/linitiative.ca\/International\/wp-json\/wp\/v2\/posts\/33765","targetHints":{"allow":["GET"]}}],"collection":[{"href":"https:\/\/linitiative.ca\/International\/wp-json\/wp\/v2\/posts"}],"about":[{"href":"https:\/\/linitiative.ca\/International\/wp-json\/wp\/v2\/types\/post"}],"author":[{"embeddable":true,"href":"https:\/\/linitiative.ca\/International\/wp-json\/wp\/v2\/users\/1759"}],"replies":[{"embeddable":true,"href":"https:\/\/linitiative.ca\/International\/wp-json\/wp\/v2\/comments?post=33765"}],"version-history":[{"count":0,"href":"https:\/\/linitiative.ca\/International\/wp-json\/wp\/v2\/posts\/33765\/revisions"}],"wp:attachment":[{"href":"https:\/\/linitiative.ca\/International\/wp-json\/wp\/v2\/media?parent=33765"}],"wp:term":[{"taxonomy":"category","embeddable":true,"href":"https:\/\/linitiative.ca\/International\/wp-json\/wp\/v2\/categories?post=33765"},{"taxonomy":"post_tag","embeddable":true,"href":"https:\/\/linitiative.ca\/International\/wp-json\/wp\/v2\/tags?post=33765"}],"curies":[{"name":"wp","href":"https:\/\/api.w.org\/{rel}","templated":true}]}}