{"id":33766,"date":"2019-05-12T05:03:50","date_gmt":"2019-05-12T09:03:50","guid":{"rendered":"https:\/\/linitiative.ca\/International\/laayoune-le-1er-festival-regional-du-poeme-bedouin-hassani-du-17-au-19-mai\/"},"modified":"2019-05-12T05:03:50","modified_gmt":"2019-05-12T09:03:50","slug":"laayoune-le-1er-festival-regional-du-poeme-bedouin-hassani-du-17-au-19-mai","status":"publish","type":"post","link":"https:\/\/linitiative.ca\/International\/laayoune-le-1er-festival-regional-du-poeme-bedouin-hassani-du-17-au-19-mai\/","title":{"rendered":"La\u00e2youne : Le 1er Festival r\u00e9gional du po\u00e8me b\u00e9douin-hassani du  17 au 19 mai"},"content":{"rendered":"<header>\n<\/header>\n<div class=\"entry-content clearfix\" readability=\"42\"><img decoding=\"async\" class=\"post_layout_5_img\" src=\"http:\/\/aujourdhui.ma\/wp-content\/uploads\/2016\/02\/Sahara-Laayoune-Maroc.jpg?x29840\" alt=\"La\u00e2youne : Le 1er Festival r\u00e9gional du po\u00e8me b\u00e9douin-hassani du 17 au 19 mai\"\/><\/p>\n<p class=\"p1\"><span class=\"s1 c5\"><span class=\"c4\"><strong>La premi\u00e8re \u00e9dition du Festival r\u00e9gional du po\u00e8me b\u00e9douin-hassani aura lieu du 17 au 19 mai \u00e0 La\u00e2youne, \u00e0 l\u2019initiative de la direction r\u00e9gionale de la culture, en partenariat avec la R\u00e9gion de La\u00e2youne-Sakia El Hamra.<\/strong><\/span><\/span><span id=\"more-310996\"\/><\/p>\n<p class=\"p1\"><span class=\"s1\">Organis\u00e9e sous le slogan \u00abLa po\u00e9sie hassanie : c\u00e9l\u00e9bration des valeurs\u00bb, cette manifestation vise \u00e0 redonner au po\u00e8me b\u00e9douin-hassani la place qui lui revient sur la sc\u00e8ne culturelle nationale, indique un communiqu\u00e9 des organisateurs.<\/span><\/p>\n<\/div>\n<p>Auteur: ALM<br \/>\n<a href=\"http:\/\/aujourdhui.ma\/culture\/laayoune-le-1er-festival-regional-du-poeme-bedouin-hassani-du-17-au-19-mai\">Cliquez ici pour lire l&rsquo;article depuis sa source.<\/a><\/p>\n","protected":false},"excerpt":{"rendered":"<p>La premi\u00e8re \u00e9dition du Festival r\u00e9gional du po\u00e8me b\u00e9douin-hassani aura lieu du 17 au 19 mai \u00e0 La\u00e2youne, \u00e0 l\u2019initiative de la direction r\u00e9gionale de la culture, en partenariat avec la R\u00e9gion de La\u00e2youne-Sakia El Hamra. Organis\u00e9e sous le slogan \u00abLa po\u00e9sie hassanie : c\u00e9l\u00e9bration des valeurs\u00bb, cette manifestation vise \u00e0 redonner au po\u00e8me b\u00e9douin-hassani [&hellip;]<\/p>\n","protected":false},"author":1759,"featured_media":0,"comment_status":"closed","ping_status":"closed","sticky":false,"template":"","format":"standard","meta":{"fifu_image_url":"","fifu_image_alt":"","footnotes":""},"categories":[73,54],"tags":[],"class_list":["post-33766","post","type-post","status-publish","format-standard","hentry","category-actualite","category-maroc"],"_links":{"self":[{"href":"https:\/\/linitiative.ca\/International\/wp-json\/wp\/v2\/posts\/33766","targetHints":{"allow":["GET"]}}],"collection":[{"href":"https:\/\/linitiative.ca\/International\/wp-json\/wp\/v2\/posts"}],"about":[{"href":"https:\/\/linitiative.ca\/International\/wp-json\/wp\/v2\/types\/post"}],"author":[{"embeddable":true,"href":"https:\/\/linitiative.ca\/International\/wp-json\/wp\/v2\/users\/1759"}],"replies":[{"embeddable":true,"href":"https:\/\/linitiative.ca\/International\/wp-json\/wp\/v2\/comments?post=33766"}],"version-history":[{"count":0,"href":"https:\/\/linitiative.ca\/International\/wp-json\/wp\/v2\/posts\/33766\/revisions"}],"wp:attachment":[{"href":"https:\/\/linitiative.ca\/International\/wp-json\/wp\/v2\/media?parent=33766"}],"wp:term":[{"taxonomy":"category","embeddable":true,"href":"https:\/\/linitiative.ca\/International\/wp-json\/wp\/v2\/categories?post=33766"},{"taxonomy":"post_tag","embeddable":true,"href":"https:\/\/linitiative.ca\/International\/wp-json\/wp\/v2\/tags?post=33766"}],"curies":[{"name":"wp","href":"https:\/\/api.w.org\/{rel}","templated":true}]}}