{"id":33768,"date":"2019-05-12T05:04:03","date_gmt":"2019-05-12T09:04:03","guid":{"rendered":"https:\/\/linitiative.ca\/International\/management-situationnel-vers-lautonomie-et-la-responsabilisation-de-dominique-tissier\/"},"modified":"2019-05-12T05:04:03","modified_gmt":"2019-05-12T09:04:03","slug":"management-situationnel-vers-lautonomie-et-la-responsabilisation-de-dominique-tissier","status":"publish","type":"post","link":"https:\/\/linitiative.ca\/International\/management-situationnel-vers-lautonomie-et-la-responsabilisation-de-dominique-tissier\/","title":{"rendered":"Management situationnel : vers l\u2019autonomie et la responsabilisation, de Dominique Tissier"},"content":{"rendered":"<header>\n<\/header>\n<div class=\"entry-content clearfix\" readability=\"58\"><img decoding=\"async\" class=\"post_layout_5_img\" src=\"http:\/\/aujourdhui.ma\/wp-content\/uploads\/2019\/05\/Management-situationnel-Dominique-Tissier-.jpg?x29840\" alt=\"Management situationnel : vers l\u2019autonomie et la responsabilisation, de Dominique Tissier\"\/><\/p>\n<p class=\"p1\"><span class=\"s1 c5\"><span class=\"c4\"><strong>Partant du fait qu\u2019il n\u2019existe pas de bon style de management, l\u2019auteur identifie le bon manager comme \u00e9tant celui qui sait s\u2019adapter aux situations et aux personnes qu\u2019il rencontre en n\u2019\u00e9tant ni girouette ni opportuniste\u2026<\/strong><\/span><\/span> <span id=\"more-310705\"\/><\/p>\n<p class=\"p1\"><span class=\"s1\">Compte tenu des transformations de l\u2019entreprise impos\u00e9es par un environnement changeant et de plus en plus ouvert, le management situationnel est un outil qui permet \u00e0 tout manager de prendre du recul par rapport \u00e0 ses pratiques de management.<span class=\"Apple-converted-space\">\u00a0<\/span> L\u2019auteur pousse ainsi les d\u00e9cideurs \u00e0 \u00eatre plus souples et plus en accord avec leur environnement. Ce livre est r\u00e9solument un point de rep\u00e8re au manager pour d\u00e9velopper l\u2019autonomie des personnes et des groupes sous sa responsabilit\u00e9.<\/span><\/p>\n<p class=\"p1\"><span class=\"s1\">Ing\u00e9nieur des mines, \u00e0 la base, Dominique Tissier est dipl\u00f4m\u00e9 en psychologie. Il a \u00e9t\u00e9 responsable de la direction de d\u00e9veloppement du Groupe Michelin jusqu\u2019en 2015. Il intervient, aujourd\u2019hui, \u00e0 l\u2019Edhec<span class=\"Apple-converted-space\">\u00a0<\/span> dans le cadre de l\u2019Advanced Management Programme et de Programmes Corporate et Fellow de la chaire Innovation et transformation permanente.<\/span><\/p>\n<p class=\"p1\"><span class=\"s1\">Il est journaliste aupr\u00e8s du groupe AEF\/Arcaneo pour la construction et l\u2019animation des congr\u00e8s HR, LTD, ETI, DSI. Il est aussi conf\u00e9rencier et consultant aupr\u00e8s de dirigeants et d\u2019\u00e9quipes dirigeantes d\u2019entreprises. Il est laur\u00e9at en 2014 du \u00abTroph\u00e9e du Capital Humain\u00bb d\u00e9cern\u00e9 par Le Monde\/HEC pour son action chez Michelin.<\/span><\/p>\n<p class=\"p4\"><strong><span class=\"s1\"><em>Ed. Eyrolles 1\/ 2\/ 2018<\/em><\/span><\/strong><\/p>\n<\/div>\n<p>Auteur: ALM<br \/>\n<a href=\"http:\/\/aujourdhui.ma\/emploi\/management-situationnel-vers-lautonomie-et-la-responsabilisation-de-dominique-tissier\">Cliquez ici pour lire l&rsquo;article depuis sa source.<\/a><\/p>\n","protected":false},"excerpt":{"rendered":"<p>Partant du fait qu\u2019il n\u2019existe pas de bon style de management, l\u2019auteur identifie le bon manager comme \u00e9tant celui qui sait s\u2019adapter aux situations et aux personnes qu\u2019il rencontre en n\u2019\u00e9tant ni girouette ni opportuniste\u2026 Compte tenu des transformations de l\u2019entreprise impos\u00e9es par un environnement changeant et de plus en plus ouvert, le management situationnel [&hellip;]<\/p>\n","protected":false},"author":1759,"featured_media":0,"comment_status":"closed","ping_status":"closed","sticky":false,"template":"","format":"standard","meta":{"fifu_image_url":"","fifu_image_alt":"","footnotes":""},"categories":[73,54],"tags":[],"class_list":["post-33768","post","type-post","status-publish","format-standard","hentry","category-actualite","category-maroc"],"_links":{"self":[{"href":"https:\/\/linitiative.ca\/International\/wp-json\/wp\/v2\/posts\/33768","targetHints":{"allow":["GET"]}}],"collection":[{"href":"https:\/\/linitiative.ca\/International\/wp-json\/wp\/v2\/posts"}],"about":[{"href":"https:\/\/linitiative.ca\/International\/wp-json\/wp\/v2\/types\/post"}],"author":[{"embeddable":true,"href":"https:\/\/linitiative.ca\/International\/wp-json\/wp\/v2\/users\/1759"}],"replies":[{"embeddable":true,"href":"https:\/\/linitiative.ca\/International\/wp-json\/wp\/v2\/comments?post=33768"}],"version-history":[{"count":0,"href":"https:\/\/linitiative.ca\/International\/wp-json\/wp\/v2\/posts\/33768\/revisions"}],"wp:attachment":[{"href":"https:\/\/linitiative.ca\/International\/wp-json\/wp\/v2\/media?parent=33768"}],"wp:term":[{"taxonomy":"category","embeddable":true,"href":"https:\/\/linitiative.ca\/International\/wp-json\/wp\/v2\/categories?post=33768"},{"taxonomy":"post_tag","embeddable":true,"href":"https:\/\/linitiative.ca\/International\/wp-json\/wp\/v2\/tags?post=33768"}],"curies":[{"name":"wp","href":"https:\/\/api.w.org\/{rel}","templated":true}]}}