{"id":33769,"date":"2019-05-12T05:05:24","date_gmt":"2019-05-12T09:05:24","guid":{"rendered":"https:\/\/linitiative.ca\/International\/tetouan-se-prepare-pour-lete\/"},"modified":"2019-05-12T05:05:24","modified_gmt":"2019-05-12T09:05:24","slug":"tetouan-se-prepare-pour-lete","status":"publish","type":"post","link":"https:\/\/linitiative.ca\/International\/tetouan-se-prepare-pour-lete\/","title":{"rendered":"T\u00e9touan se pr\u00e9pare pour l\u2019\u00e9t\u00e9"},"content":{"rendered":"<p><img decoding=\"async\" class=\"post_layout_5_img\" src=\"http:\/\/aujourdhui.ma\/wp-content\/uploads\/2019\/05\/Te%CC%81touan.jpg?x29840\" alt=\"T\u00e9touan se pr\u00e9pare pour l\u2019\u00e9t\u00e9\"\/><\/p>\n<p class=\"p1\"><span class=\"c4\"><strong><em>Am\u00e9lioration de l\u2019\u00e9clairage public, d\u00e9congestion du trafic automobile, embellissement\u00a0<\/em><em>et entretien des espaces verts\u00a0<\/em><\/strong><\/span><span id=\"more-310975\"\/><\/p>\n<div class=\"base-box mom_box_sc_custom mom_box_sc clear c5\" readability=\"8\">\n<p class=\"p1\">Un programme permet l\u2019\u00e9lagage des arbres et l\u2019enl\u00e8vement des arbres morts ainsi que le nettoyage des espaces publics.<\/p>\n<\/div>\n<p class=\"p1\"><span class=\"s1\">R\u00e9put\u00e9e pour sa vocation touristique baln\u00e9aire par excellence, la Colombe blanche continue d\u2019avoir la cote aupr\u00e8s des estivants nationaux et internationaux durant leurs vacances d\u2019\u00e9t\u00e9. A cet effet et \u00e0 l\u2019approche de la p\u00e9riode estivale, la commune de T\u00e9touan vient d\u2019annoncer la mobilisation de toutes ses \u00e9quipes, \u00e0 leur t\u00eate la direction g\u00e9n\u00e9rale des services, pour r\u00e9ussir ses pr\u00e9paratifs pour cette saison. Concernant l\u2019\u00e9clairage public, la mairie s\u2019est f\u00e9licit\u00e9e, \u00e0 travers son site web officiel, des efforts d\u00e9ploy\u00e9s pour le d\u00e9veloppement de ce r\u00e9seau \u00e0 travers son territoire urbain.<\/span><\/p>\n<p class=\"p1\"><span class=\"s1\">Il faut penser \u00e0 <em>\u00abredoubler d\u2019efforts pour am\u00e9liorer les performances de l\u2019\u00e9clairage public dans certaines rues du centre-ville et enlever les anciens poteaux \u00e9lectriques\u00bb<\/em>, selon l\u2019\u00e9quipe dirigeante de la mairie, faisant part \u00e9galement de la n\u00e9cessit\u00e9 de <em>\u00abl\u2019enfouissement de ce qui reste des fils \u00e9lectriques dans les brefs d\u00e9lais\u00bb.<\/em><\/span><\/p>\n<p class=\"p1\"><span class=\"s1\">Les discussions men\u00e9es par les responsables des d\u00e9partements administratifs au sein de la commune de T\u00e9touan, lors des premi\u00e8res r\u00e9unions concernant ces pr\u00e9paratifs, ont port\u00e9 aussi sur des probl\u00e8mes li\u00e9s \u00e0 la gestion d\u2019autres services communaux, dont l\u2019arrosage des espaces publics r\u00e9partis sur l\u2019ensemble du territoire urbain. Il est pr\u00e9vu ainsi de doter la ville de nouveaux camions bien \u00e9quip\u00e9s en vue d\u2019am\u00e9liorer ce service d\u2019arrosage. Il s\u2019agit \u00e9galement de coordonner avec Amendis pour le renforcement et l\u2019extension du r\u00e9seau d\u2019eau dans des zones \u00e9lev\u00e9es ou plus \u00e9loign\u00e9es du centre-ville.<\/span><\/p>\n<p class=\"p1\"><span class=\"s1\">Il est \u00e0 noter que la mairie de T\u00e9touan vient, dans ce m\u00eame contexte, de mettre en place un programme d\u2019embellissement et d\u2019entretien des espaces verts sur le territoire urbain. Op\u00e9rationnel depuis le d\u00e9but du mois en cours, ce programme permet l\u2019\u00e9lagage des arbres et l\u2019enl\u00e8vement des arbres morts ainsi que le nettoyage des espaces publics. Cette op\u00e9ration a permis, dans le cadre de cette premi\u00e8re \u00e9tape, de couvrir les rues du 9 Avril, Hassan 1er, Moulay El Hassan Belmehdi jusqu\u2019\u00e0 la route de Tanger et Chefchaouen. Il est pr\u00e9vu que ce programme profite \u00e0 d\u2019autres parties de la ville. En plus de l\u2019op\u00e9ration de l\u2019\u00e9vacuation des espaces publics des marchands ambulants, T\u00e9touan verra la mise en place d\u2019autres mesures pour pouvoir contribuer \u00e0 la d\u00e9congestion du trafic automobile pendant la p\u00e9riode estivale.<\/span><\/p>\n<p class=\"p1\"><span class=\"s1\">Soulignons que l\u2019arriv\u00e9e de la saison estivale 2019 se distingue par la cr\u00e9ation, en mars dernier, du Conseil provincial du tourisme (CPT). Les membres du premier bureau de cette nouvelle instance sont appel\u00e9s \u00e0 redoubler d\u2019efforts pour pouvoir sortir de la saisonnalit\u00e9 de T\u00e9touan et des autres villes c\u00f4ti\u00e8res avoisinantes, d\u2019autant plus que la Colombe blanche dispose d\u2019un riche patrimoine historique et naturel lui permettant de prendre le pas sur d\u2019autres destinations par son offre touristique diversifi\u00e9e.<\/span><\/p>\n<p>Auteur: Najat Fa\u00efssal<br \/>\n<a href=\"http:\/\/aujourdhui.ma\/economie\/tetouan-se-prepare-pour-lete\">Cliquez ici pour lire l&rsquo;article depuis sa source.<\/a><\/p>\n","protected":false},"excerpt":{"rendered":"<p>Am\u00e9lioration de l\u2019\u00e9clairage public, d\u00e9congestion du trafic automobile, embellissement\u00a0et entretien des espaces verts\u00a0 Un programme permet l\u2019\u00e9lagage des arbres et l\u2019enl\u00e8vement des arbres morts ainsi que le nettoyage des espaces publics. R\u00e9put\u00e9e pour sa vocation touristique baln\u00e9aire par excellence, la Colombe blanche continue d\u2019avoir la cote aupr\u00e8s des estivants nationaux et internationaux durant leurs vacances [&hellip;]<\/p>\n","protected":false},"author":1759,"featured_media":0,"comment_status":"closed","ping_status":"closed","sticky":false,"template":"","format":"standard","meta":{"fifu_image_url":"","fifu_image_alt":"","footnotes":""},"categories":[73,54],"tags":[],"class_list":["post-33769","post","type-post","status-publish","format-standard","hentry","category-actualite","category-maroc"],"_links":{"self":[{"href":"https:\/\/linitiative.ca\/International\/wp-json\/wp\/v2\/posts\/33769","targetHints":{"allow":["GET"]}}],"collection":[{"href":"https:\/\/linitiative.ca\/International\/wp-json\/wp\/v2\/posts"}],"about":[{"href":"https:\/\/linitiative.ca\/International\/wp-json\/wp\/v2\/types\/post"}],"author":[{"embeddable":true,"href":"https:\/\/linitiative.ca\/International\/wp-json\/wp\/v2\/users\/1759"}],"replies":[{"embeddable":true,"href":"https:\/\/linitiative.ca\/International\/wp-json\/wp\/v2\/comments?post=33769"}],"version-history":[{"count":0,"href":"https:\/\/linitiative.ca\/International\/wp-json\/wp\/v2\/posts\/33769\/revisions"}],"wp:attachment":[{"href":"https:\/\/linitiative.ca\/International\/wp-json\/wp\/v2\/media?parent=33769"}],"wp:term":[{"taxonomy":"category","embeddable":true,"href":"https:\/\/linitiative.ca\/International\/wp-json\/wp\/v2\/categories?post=33769"},{"taxonomy":"post_tag","embeddable":true,"href":"https:\/\/linitiative.ca\/International\/wp-json\/wp\/v2\/tags?post=33769"}],"curies":[{"name":"wp","href":"https:\/\/api.w.org\/{rel}","templated":true}]}}