{"id":33774,"date":"2019-05-12T06:11:58","date_gmt":"2019-05-12T10:11:58","guid":{"rendered":"https:\/\/linitiative.ca\/International\/mohamed-hassan-al-joundi-le-tenor-a-la-voix-grave\/"},"modified":"2019-05-12T06:11:58","modified_gmt":"2019-05-12T10:11:58","slug":"mohamed-hassan-al-joundi-le-tenor-a-la-voix-grave","status":"publish","type":"post","link":"https:\/\/linitiative.ca\/International\/mohamed-hassan-al-joundi-le-tenor-a-la-voix-grave\/","title":{"rendered":"Mohamed Hassan Al Joundi: Le t\u00e9nor \u00e0 la voix grave"},"content":{"rendered":"<p class=\"c4\"><strong><span class=\"c2\">C<\/span><span class=\"c3\">omment peut-on d\u00e9crire et d\u00e9finir Mohamed Hassan Al Joundi, acteur et homme de th\u00e9\u00e2tre hors pair ? Comment peut-on saisir un personnage aussi charismatique et g\u00e9n\u00e9reux sur sc\u00e8ne ? Mohamed Hassan Al Joundi demeure une figure incontournable et inoubliable quand il s\u2019agit d\u2019\u00e9voquer l\u2019histoire du th\u00e9\u00e2tre, du cin\u00e9ma, de la t\u00e9l\u00e9vision et de la radio.<\/span><\/strong><\/p>\n<p class=\"c4\">Originaire de Marrakech, le d\u00e9funt, qui a tir\u00e9 sa r\u00e9v\u00e9rence \u00e0 l\u2019\u00e2ge de 79 ans,\u00a0 a \u00e9t\u00e9 une passerelle culturelle entre le Maroc et le reste de l\u2019Orient. Al Joundi est un homme engag\u00e9 qui fut l\u2019un des piliers de la premi\u00e8re g\u00e9n\u00e9ration d\u2019artistes et l\u2019un des fils prodigues du th\u00e9\u00e2tre arabe durant plus de 50 ans. \u00abMohamed Hassan Al Joundi est un artiste incontournable, un Marrakchi qui a \u00e9t\u00e9 d\u00e9couvert par les auditeurs et les auditrices marocains de la radio nationale \u00e0 une \u00e9poque o\u00f9 la t\u00e9l\u00e9vision n\u2019existait pas encore. Sa voix \u00e9tait unique, elle est rest\u00e9e grav\u00e9e dans la m\u00e9moire du public marocain et arabe\u00bb,\u00a0 confie le dramaturge et metteur en sc\u00e8ne,\u00a0 Abdeljabar Khoumrane.<\/p>\n<p class=\"c4\">La voix de t\u00e9nor de Mohamed Hassan Al Joundi r\u00e9sonne dans les esprits du grand public marocain, comme une m\u00e9lodie puissante qui se r\u00e9p\u00e8te. Dans la troupe de th\u00e9\u00e2tre de la radio et t\u00e9l\u00e9vision marocaine avec des noms inoubliables tels que Larbi Doghmi, Abderrazak Hakam, le d\u00e9funt a pu se faire une place parmi les grands. Sa voix, \u00e0 elle seule, suffisait pour interpr\u00e9ter les c\u00e9l\u00e8bres pi\u00e8ces de th\u00e9\u00e2tre qui cartonnaient \u00e0 l\u2019\u00e9poque dont\u00a0 \u00abal antariya\u00bb, \u00abmoi et Chama\u00bb, \u00abal Azalia\u00bb. Quelques ann\u00e9es plus tard, l\u2019artiste s\u2019est ouvert sur des horizons plus vastes et ouverts.<\/p>\n<p class=\"c4\">Entre 1977 et 78, sa voix d\u00e9passait les fronti\u00e8res marocaines, pour s\u2019adresser au public arabe \u00e0 travers l\u2019\u00e9mission \u00abKachkoul Al Maghrib\u00bb r\u00e9alis\u00e9e pour la radio \u00ab\u00a0BBC\u00bb. C\u2019est \u00e0 travers cette nouvelle fen\u00eatre que l\u2019artiste commen\u00e7a \u00e0 tisser des liens entre la culture marocaine et maghr\u00e9bine avec les auditeurs arabes. \u00abLe d\u00e9funt est l\u2019un des artistes qui portent la marque de la ville o\u00f9 ils vivaient. Il a pu pr\u00e9senter les personnages, l\u2019\u00e2me et l\u2019esprit de la ville de Marrakech. Il a donn\u00e9 \u00e0 cette dimension locale une ampleur nationale et arabe. C\u2019est une figure de proue de la ville et du paysage artistique, audiovisuel, cin\u00e9matographique national et international\u00bb, ajoute Abdeljabar Khoumrane. Selon le dramaturge, Al Joundi a port\u00e9 en lui-m\u00eame toute une ville avec son h\u00e9ritage civilisationnel et culturel \u00e0 travers le th\u00e9\u00e2tre\u00bb.<\/p>\n<p class=\"c4\">Dans le domaine du th\u00e9\u00e2tre, il a r\u00e9alis\u00e9 des pi\u00e8ces de th\u00e9\u00e2tre patriotiques qui mettent \u00e0 l\u2019honneur les \u00e9pop\u00e9es de la Nation, ainsi que la profondeur de l\u2019Histoire et du patrimoine marocain riche et multiple dont la fameuse pi\u00e8ce \u00abMalhamat Al ahd\u00bb\u00a0 qui a \u00e9t\u00e9 jou\u00e9e dans le fameux th\u00e9\u00e2tre de l\u2019Op\u00e9ra au Caire, dans la capitale \u00e9gyptienne\u2026 Un autre travail qui a fait d\u00e9couvrir au public arabe l\u2019h\u00e9ritage mill\u00e9naire et \u00e9panoui des Marocains et leurs talents aux multiples facettes.<\/p>\n<p class=\"c4\">Mohamed Hassan Al Joundi avait ce talent d\u2019incarner des r\u00f4les \u00e0 la fois complexes et difficiles dans un arabe classique parfait qui sonne merveilleusement bien dans l\u2019oreille. Il avait incarn\u00e9 de nombreux personnages dans des films qui ont marqu\u00e9 le 7e art marocain et arabe dont l\u2019\u0153uvre cin\u00e9matographique \u00abA l\u2019ombre du pharaon\u00bb (1996) du r\u00e9alisateur marocain\u00a0 qui a connu la participation de Mohamed Miftah, Florinda Bolkan, Helmut Berger\u00a0 et \u00abArrissala\u00bb r\u00e9alis\u00e9 en\u00a0 1976 par le r\u00e9alisateur Syrien Mustapha Al-Akkad sans oublier, \u00abQadisiya\u00bb (1982 ) du r\u00e9alisateur \u00e9gyptien Salah Abou Seif, \u00abBamou\u00bb r\u00e9alis\u00e9 en 1983 par \u00a0Driss Mrini. Le public arabe se souvient certainement de son visage et de son jeu dans le feuilleton de 30 \u00e9pisodes tr\u00e8s connu dans le monde arabe, \u00abSakr Qoreich\u00bb, r\u00e9alis\u00e9 par Wahid Seif et Hatem Ali et dans lequel il a incarn\u00e9 le r\u00f4le de Youssef Al Fihri, l\u2019\u00e9mir de Cordoue.<\/p>\n<p class=\"c4\">Al Joundi a contribu\u00e9 \u00e9norm\u00e9ment \u00e0 la t\u00e9l\u00e9vision et la radio. Le public a d\u00e9couvert une autre facette du d\u00e9funt dans le feuilleton \u00abAmoud\u00bb de la r\u00e9alisatrice marocaine Fatima Boubekdi. A cela s\u2019ajoute son aventure dans le domaine de la r\u00e9alisation\u00a0 et l\u2019\u00e9criture sc\u00e9naristique. IL a notamment r\u00e9alis\u00e9 le feuilleton \u00abAoulad Al Halal\u00bb et a \u00e9crit le sc\u00e9nario et r\u00e9alis\u00e9 le t\u00e9l\u00e9-feuilleton \u00abCol\u00e8re d\u2019un p\u00e8re\u00bb. Al Joundi, pour rappel, a occup\u00e9 le poste de pr\u00e9sident du Syndicat marocain des professionnels du th\u00e9\u00e2tre. Mohamed Hassan Al Joundi est d\u00e9c\u00e9d\u00e9 alors m\u00eame qu\u2019il naissait, artistiquement, \u00e0 une vie nouvelle.<\/p>\n<p class=\"c5\"><strong>Mohamd Nait Youssef<\/strong><\/p>\n<p>Auteur: rahal mehamed<br \/>\n<a href=\"http:\/\/albayane.press.ma\/mohamed-hassan-al-joundi-le-tenor-a-la-voix-grave.html\">Cliquez ici pour lire l&rsquo;article depuis sa source.<\/a><\/p>\n","protected":false},"excerpt":{"rendered":"<p>Comment peut-on d\u00e9crire et d\u00e9finir Mohamed Hassan Al Joundi, acteur et homme de th\u00e9\u00e2tre hors pair ? Comment peut-on saisir un personnage aussi charismatique et g\u00e9n\u00e9reux sur sc\u00e8ne ? Mohamed Hassan Al Joundi demeure une figure incontournable et inoubliable quand il s\u2019agit d\u2019\u00e9voquer l\u2019histoire du th\u00e9\u00e2tre, du cin\u00e9ma, de la t\u00e9l\u00e9vision et de la radio. [&hellip;]<\/p>\n","protected":false},"author":1760,"featured_media":0,"comment_status":"closed","ping_status":"closed","sticky":false,"template":"","format":"standard","meta":{"fifu_image_url":"","fifu_image_alt":"","footnotes":""},"categories":[73,54],"tags":[],"class_list":["post-33774","post","type-post","status-publish","format-standard","hentry","category-actualite","category-maroc"],"_links":{"self":[{"href":"https:\/\/linitiative.ca\/International\/wp-json\/wp\/v2\/posts\/33774","targetHints":{"allow":["GET"]}}],"collection":[{"href":"https:\/\/linitiative.ca\/International\/wp-json\/wp\/v2\/posts"}],"about":[{"href":"https:\/\/linitiative.ca\/International\/wp-json\/wp\/v2\/types\/post"}],"author":[{"embeddable":true,"href":"https:\/\/linitiative.ca\/International\/wp-json\/wp\/v2\/users\/1760"}],"replies":[{"embeddable":true,"href":"https:\/\/linitiative.ca\/International\/wp-json\/wp\/v2\/comments?post=33774"}],"version-history":[{"count":0,"href":"https:\/\/linitiative.ca\/International\/wp-json\/wp\/v2\/posts\/33774\/revisions"}],"wp:attachment":[{"href":"https:\/\/linitiative.ca\/International\/wp-json\/wp\/v2\/media?parent=33774"}],"wp:term":[{"taxonomy":"category","embeddable":true,"href":"https:\/\/linitiative.ca\/International\/wp-json\/wp\/v2\/categories?post=33774"},{"taxonomy":"post_tag","embeddable":true,"href":"https:\/\/linitiative.ca\/International\/wp-json\/wp\/v2\/tags?post=33774"}],"curies":[{"name":"wp","href":"https:\/\/api.w.org\/{rel}","templated":true}]}}