{"id":33775,"date":"2019-05-12T06:17:55","date_gmt":"2019-05-12T10:17:55","guid":{"rendered":"https:\/\/linitiative.ca\/International\/le-parcours-militant-de-lamazighite\/"},"modified":"2019-05-12T06:17:55","modified_gmt":"2019-05-12T10:17:55","slug":"le-parcours-militant-de-lamazighite","status":"publish","type":"post","link":"https:\/\/linitiative.ca\/International\/le-parcours-militant-de-lamazighite\/","title":{"rendered":"Le parcours militant de l\u2019amazighit\u00e9!"},"content":{"rendered":"<p class=\"c4\"><strong><span class=\"c2\">L<\/span><span class=\"c3\">e projet de lois organiques de la langue Amazigh continue toujours \u00e0 moisir dans les tiroirs de la primature. Il est parmi les plus rares \u00e0 conna\u00eetre le m\u00eame sort de l\u2019actuel mandat et son pr\u00e9c\u00e9dent. Depuis son officialisation dans le texte supr\u00eame, en 1911, l\u2019Amazighit\u00e9 tra\u00eene un boulet de fer dont le \u00abpanarabisme\u00bb hostile \u00e0 son \u00e9panouissement, lui avait cadenass\u00e9 les forceps.<\/span><\/strong><\/p>\n<p class=\"c4\">On d\u00e9plorera alors ce blocage chronique qui avorte tout un entrain autour de la langue et la culture Amazighe dont les premi\u00e8res flammes avaient pris naissance au coeur du mouvement Amazigh national, depuis d\u00e9j\u00e0 des d\u00e9cennies.<\/p>\n<p class=\"c4\">A cet \u00e9gard, on se souviendra, comme si cela datait d\u2019hier, de la lutte acharn\u00e9e que menaient sans rel\u00e2che, des militantes et des militants de la cause Amazighe, dans nombre\u00a0 de r\u00e9gions du pays. Soutenus par une position claire dont faisaient preuve des voix politiques, \u00e0 l\u2019\u00e9poque, notamment le PPS, en toute conviction non sans humilit\u00e9, les activistes Amazighes multipliaient les formes et les formules de combat, avec t\u00e9m\u00e9rit\u00e9 et transcendance. Ce n\u2019\u00e9tait pas souvent \u00e9vident, puisque les poches de r\u00e9sistance de \u00abl\u2019arabisme\u00bb sectaire opposaient \u00e0 ce droit l\u00e9gitime d\u2019acerbes affronts et de blocages.<\/p>\n<p class=\"c4\">A cet \u00e9gard, on se souviendra, entre autres, du parcours de l\u2019association de l\u2019universit\u00e9 d\u2019\u00e9t\u00e9 d\u2019Agadir, au d\u00e9but des ann\u00e9es 80. Une s\u00e9rie de rencontres des fervents partisans de cette composante indissociable de l\u2019identit\u00e9 nationale se donnait rendez-vous dans la capitale du Souss et d\u00e9battait de la probl\u00e9matique qui secouait, dans le temps, les ardents d\u00e9fenseurs de l\u2019amazighit\u00e9, toutes tendances confondues.<\/p>\n<p class=\"c4\">Des moments de haute intensit\u00e9 culturelle et politique qui drainaient une pl\u00e9iade d\u2019intellectuels, de juristes, d\u2019\u00e9rudits en mati\u00e8re des sciences humaines, d\u2019artistes\u2026Cette activit\u00e9 notoire qui exprimait de vive voix une profonde volont\u00e9 de s\u2019affirmer et qui se soldait par de pertinentes requ\u00eates pour la reconnaissance l\u00e9gale, dans la s\u00e9r\u00e9nit\u00e9, la concorde et la conscience collective, tissait une r\u00e9elle plate-forme du passage du d\u00e9sir \u00e0 la concr\u00e9tisation.<\/p>\n<p class=\"c4\">C\u2019\u00e9tait des moments historiques qui marquaient sensiblement l\u2019itin\u00e9raire laborieux d\u2019un droit auquel aspire toute une communaut\u00e9 int\u00e9gr\u00e9e et indivisible. Le slogan central de l\u2019action payante de l\u2019universit\u00e9 d\u2019\u00e9t\u00e9 qu\u2019est \u00abl\u2019union dans la diversit\u00e9\u00bb, avait cette capacit\u00e9 singuli\u00e8re de drainer les divers d\u00e9mocrates imbus d\u2019acception et de tol\u00e9rance, parmi toutes les franges de la soci\u00e9t\u00e9 aussi bien amazighophone qu\u2019arabophone.<\/p>\n<p class=\"c4\">Aujourd\u2019hui, certes, cette belle mobilisation \u00e0 laquelle s\u2019attelaient les forces authentiques, a finalement abouti \u00e0 l\u2019officialisation de la langue Amazighe. La bataille est remport\u00e9e sur les mentalit\u00e9s r\u00e9ductrices, mais pas la guerre, dit-on dans le langage martial. Beaucoup reste \u00e0 faire pour gagner cette seconde manche. Il est vrai que l\u2019universit\u00e9 d\u2019\u00e9t\u00e9 et bien d\u2019autres structures existent toujours, mais le ton a beaucoup baiss\u00e9.<\/p>\n<p class=\"c4\">Il va donc falloir s\u2019inspirer de la belle \u00e9poque d\u2019antan et se ressaisir, peut-\u00eatre sous d\u2019autres fronts, pour faire pression sur les d\u00e9cideurs et les acculer \u00e0 se pencher s\u00e9rieusement sur la mise en \u0153uvre des lois organiques et des moyens politiques, techniques et logistiques \u00e0 leur vulgarisation au concret.<\/p>\n<p class=\"c5\"><strong>Saoudi El Amalki<\/strong><\/p>\n<p>Auteur: rahal mehamed<br \/>\n<a href=\"http:\/\/albayane.press.ma\/le-parcours-militant-de-lamazighite.html\">Cliquez ici pour lire l&rsquo;article depuis sa source.<\/a><\/p>\n","protected":false},"excerpt":{"rendered":"<p>Le projet de lois organiques de la langue Amazigh continue toujours \u00e0 moisir dans les tiroirs de la primature. Il est parmi les plus rares \u00e0 conna\u00eetre le m\u00eame sort de l\u2019actuel mandat et son pr\u00e9c\u00e9dent. Depuis son officialisation dans le texte supr\u00eame, en 1911, l\u2019Amazighit\u00e9 tra\u00eene un boulet de fer dont le \u00abpanarabisme\u00bb hostile [&hellip;]<\/p>\n","protected":false},"author":1760,"featured_media":0,"comment_status":"closed","ping_status":"closed","sticky":false,"template":"","format":"standard","meta":{"fifu_image_url":"","fifu_image_alt":"","footnotes":""},"categories":[73,54],"tags":[],"class_list":["post-33775","post","type-post","status-publish","format-standard","hentry","category-actualite","category-maroc"],"_links":{"self":[{"href":"https:\/\/linitiative.ca\/International\/wp-json\/wp\/v2\/posts\/33775","targetHints":{"allow":["GET"]}}],"collection":[{"href":"https:\/\/linitiative.ca\/International\/wp-json\/wp\/v2\/posts"}],"about":[{"href":"https:\/\/linitiative.ca\/International\/wp-json\/wp\/v2\/types\/post"}],"author":[{"embeddable":true,"href":"https:\/\/linitiative.ca\/International\/wp-json\/wp\/v2\/users\/1760"}],"replies":[{"embeddable":true,"href":"https:\/\/linitiative.ca\/International\/wp-json\/wp\/v2\/comments?post=33775"}],"version-history":[{"count":0,"href":"https:\/\/linitiative.ca\/International\/wp-json\/wp\/v2\/posts\/33775\/revisions"}],"wp:attachment":[{"href":"https:\/\/linitiative.ca\/International\/wp-json\/wp\/v2\/media?parent=33775"}],"wp:term":[{"taxonomy":"category","embeddable":true,"href":"https:\/\/linitiative.ca\/International\/wp-json\/wp\/v2\/categories?post=33775"},{"taxonomy":"post_tag","embeddable":true,"href":"https:\/\/linitiative.ca\/International\/wp-json\/wp\/v2\/tags?post=33775"}],"curies":[{"name":"wp","href":"https:\/\/api.w.org\/{rel}","templated":true}]}}