{"id":33776,"date":"2019-05-12T06:29:20","date_gmt":"2019-05-12T10:29:20","guid":{"rendered":"https:\/\/linitiative.ca\/International\/abdallah-layachi-belal-lintellectuel-revolutionnaire-exemplaire\/"},"modified":"2019-05-12T06:29:20","modified_gmt":"2019-05-12T10:29:20","slug":"abdallah-layachi-belal-lintellectuel-revolutionnaire-exemplaire","status":"publish","type":"post","link":"https:\/\/linitiative.ca\/International\/abdallah-layachi-belal-lintellectuel-revolutionnaire-exemplaire\/","title":{"rendered":"Abdallah Layachi: \u00abBelal, l\u2019intellectuel r\u00e9volutionnaire exemplaire\u00bb"},"content":{"rendered":"<p class=\"c4\"><em><strong><span class=\"c2\"><img loading=\"lazy\" decoding=\"async\" class=\" wp-image-78639 alignright\" src=\"http:\/\/albayane.press.ma\/wp-content\/uploads\/Ali-Yata-et-Abdellah-Layachi-230x130.jpg\" alt=\"\" width=\"223\" height=\"126\"\/>N<\/span><\/strong><span class=\"c3\">otre regrett\u00e9 camarade Aziz Belal, en d\u00e9pit de sa subite et tragique disparition, demeurera vivant parmi nous, restera, comme par le pass\u00e9, pr\u00e9sent dans nos luttes, continuant ainsi de servir son parti, le PPS, et la cause r\u00e9volutionnaire pour laquelle ce parti a \u00e9t\u00e9 cr\u00e9\u00e9, \u00e0 condition, cependant, que nous prenions soin du dernier h\u00e9ritage, si riche, si f\u00e9cond, qu\u2019il nous l\u00e8gue, que nous nous appliquions \u00e0 enseigner les le\u00e7ons de sa vie d\u2019intellectuel r\u00e9volutionnaire aux jeunes militants, que nous incitions ces derniers \u00e0 suivre son exemple.<\/span><\/em><\/p>\n<p class=\"c5\">Beaucoup parmi ceux qui sont venus s\u2019associer \u00e0 notre douleur n\u2019ont pas manqu\u00e9 de souligner l\u2019immensit\u00e9 de la perte que repr\u00e9sente, pour le pays tout entier, celle d\u2019une telle valeur intellectuelle quasiment unique au Maroc, selon eux.<\/p>\n<p class=\"c5\"><strong><span class=\"c2\">Un rayonnement d\u00e9passant nos fronti\u00e8res<\/span><\/strong><\/p>\n<p class=\"c5\">Notre regrett\u00e9 camarade, dont le Maroc entier a ressenti douloureusement la mort, \u00e9tait, il est vrai, un intellectuel, un esprit universel, il \u00e9tait d\u2019une comp\u00e9tence notoire dans sa sp\u00e9cialit\u00e9, l\u2019\u00e9conomie politique, au point d\u2019en \u00eatre devenu une autorit\u00e9 et une r\u00e9f\u00e9rence dont le rayonnement d\u00e9passait nos fronti\u00e8res. Il \u00e9tait aussi tr\u00e8s vers\u00e9 dans de nombreux autres domaines du savoir et de la culture o\u00f9 il ne cessait d\u2019\u00e9tendre et d\u2019approfondir ses connaissances, pas seulement par curiosit\u00e9 intellectuelle, mais aussi et surtout pour mieux appr\u00e9hender ses taches d\u2019universitaire multidimensionnel.<\/p>\n<p class=\"c5\">Mais, peut-on affirmer, pour autant, que c\u2019\u00e9tait en la mati\u00e8re, un cas unique ? Nous ne le pensons pas. Notre Pays, heureusement dispose, sur le plan intellectuel pur, de nombreuses valeurs. Mieux, notre d\u00e9veloppement \u00e9conomique et social retardant sur notre formation intellectuelle, le Maroc n\u2019est plus seulement exportateur de mains-d\u2019\u0153uvre ouvri\u00e8res mais aussi de cerveaux. Cependant, quelque chose de tr\u00e8s important distinguait notre Aziz. Il \u00e9tait, contrairement \u00e0 certains de ses pairs, tr\u00e8s nombreux h\u00e9las, d\u2019intellectuels r\u00e9volutionnaires engag\u00e9s, celui qui mettait ses brillantes facult\u00e9s et connaissances intellectuelles non pas pour favoriser ses int\u00e9r\u00eats personnels, mais pour servir la cause de sa patrie, celle des travailleurs et de son parti, le PPS, qui cristallise cette cause et combat pour son triomphe.<\/p>\n<p class=\"c5\"><strong><span class=\"c2\">Les tentations mat\u00e9rielles m\u00e9pris\u00e9es<\/span><\/strong><\/p>\n<p class=\"c5\">Ce qui distinguait Aziz Belal, c\u2019est qu\u2019il subordonnait tout, dans sa vie, lui qui s\u2019y \u00e9tait donn\u00e9 d\u00e8s l\u2019\u00e2ge de 19ans et auquel il est rest\u00e9 fid\u00e8lement attach\u00e9 pendant 31-ans, c\u2019est- \u00e0-dire, jusqu\u2019\u00e0 sa mort tragique. Fid\u00e8le \u00e0 toute \u00e9preuve que rien n\u2019a pu \u00e9branler, ni les temp\u00eates politiques multiples, ni les tentations mat\u00e9rielles qu\u2019il a toujours m\u00e9pris\u00e9es, ni les mirages des honneurs et des hautes fonctions.<\/p>\n<p class=\"c5\">De m\u00eame, chez Aziz, l\u2019engagement id\u00e9ologique et politique n\u2019\u00e9tait pas un simple bavardage\u00a0; l\u2019ultra r\u00e9volutionnaire est, pour lui, la parole devant toujours \u00eatre l\u2019action, la pens\u00e9e et son application. La th\u00e9orie ne pouvait avoir, pour lui de valeur que si celle-ci en d\u00e9montre la justesse. Et dans sa r\u00e9flexion et son analyse th\u00e9orique, de m\u00eame que dans son action politique qui en d\u00e9coulait, Aziz Belal se plaisait rigoureusement sur les positions de la classe ouvri\u00e8re, industrielle et agricole, prenant en consid\u00e9ration essentiellement, ses int\u00e9r\u00eats et aspirations. Cette d\u00e9marche lui \u00e9tait dict\u00e9e par la conviction que l\u2019affranchissement total, politique, \u00e9conomique et social de cette classe ouvri\u00e8re, est la condition de l\u2019\u00e9mancipation de la soci\u00e9t\u00e9, elle-m\u00eame, d\u2019o\u00f9 le r\u00f4le d\u2019avant-garde qui lui revient historiquement de jouer \u00e0 la t\u00eate\u00a0 des autres masses populaires en vue de r\u00e9aliser les transformations nationales et d\u00e9mocratiques auxquelles aspire notre peuple et d\u2019aller vers le socialisme.<\/p>\n<p class=\"c5\">C\u2019est cette pr\u00e9coce prise de conscience qui a amen\u00e9 Aziz Belal, il y a trente et un ans, \u00e0 rejoindre les premiers r\u00e9volutionnaires marocains qui militaient, depuis le d\u00e9but des ann\u00e9es 40 au sein du Parti Communiste Marocain, convaincus qu\u2019ils \u00e9taient de la n\u00e9cessit\u00e9 historique de l\u2019existence d\u2019un tel parti en tant que courant ind\u00e9pendant au sein du mouvement national.<\/p>\n<p class=\"c5\">En effet, la classe ouvri\u00e8re avait besoin, imp\u00e9rativement et en ce moment de son histoire, de disposer de son propre parti, un parti qui fonde son analyse et son action sur la base des principes du socialisme scientifique, sa doctrine de classe.<\/p>\n<p class=\"c5\">Il s\u2019agissait d\u2019un parti r\u00e9volutionnaire et d\u2019avant-garde qui combine la lutte pour les int\u00e9r\u00eats sp\u00e9cifiques des travailleurs et le combat pour la cause nationale, dans un processus o\u00f9 les deux formes d\u2019action se compl\u00e8tent et se conditionnent.<\/p>\n<p class=\"c5\">Cette double action avait pour but essentiel d\u2019amener la classe ouvri\u00e8re \u00e0 acc\u00e9der simultan\u00e9ment \u00e0 la conscience nationale et \u00e0 la conscience de classe, donc de jouer un r\u00f4le d\u2019avant-garde conscient dans la lutte pour l\u2019ind\u00e9pendance et \u00e0 faire en sorte que cette ind\u00e9pendance se r\u00e9alis\u00e2t conform\u00e9ment aux aspirations d\u00e9mocratiques du peuple.<\/p>\n<p class=\"c5\">Telle fut la vision clairvoyante qui a pr\u00e9sid\u00e9 la fondation, il y aura bient\u00f4t quarante ans, du parti de classe ouvri\u00e8re, le Parti Communiste Marocain.<\/p>\n<p class=\"c5\">\u00c0 l\u2019\u00e9poque, il n\u2019\u00e9tait pas facile d\u2019acc\u00e9der \u00e0 une telle prise de conscience, encore moins de la mettre en pratique.<\/p>\n<p class=\"c5\">L\u2019unanimit\u00e9 nationale faite autour d\u2019un mot d\u2019ordre de l\u2019ind\u00e9pendance obscurcissait la nature v\u00e9ritable de la lutte des classes dans une soci\u00e9t\u00e9 ou c\u2019\u00e9tait un adversaire \u00e9tranger, le colonialisme, qui imposait son h\u00e9g\u00e9monie sur l\u2019ensemble de la vie politique, administrative, \u00e9conomique et sociale du pays.<\/p>\n<p class=\"c5\"><span class=\"c2\"><strong>Une fid\u00e9lit\u00e9 sans faille<\/strong><\/span><\/p>\n<p class=\"c5\">Au surplus, la bourgeoisie nationale qui avait la direction du mouvement nationale \u00e9tait non consciente de ses aspirations et int\u00e9r\u00eats\u00a0 de classes futurs et de leur contradiction avec ceux de la classe ouvri\u00e8re. Elle craignait donc, par-dessus tout, de voir cette classe ouvri\u00e8re \u00e9chapper \u00e0 son h\u00e9g\u00e9monie id\u00e9ologique, politique et d\u2019organisation. Elle craignait, en fin de compte, de la voir s\u2019orienter vers son parti de classe, le PCM. Pour tenter d\u2019emp\u00eacher cela, elle ne reculait devant aucun moyen pour combattre ce parti, d\u00e9naturant son id\u00e9ologie et sa politique,\u00a0 pers\u00e9cutant, moralement et m\u00eame physiquement, ses dirigeants et ses militants.<\/p>\n<p class=\"c5\">Notre parti devait donc mener, d\u00e8s sa naissance, un double combat, le combat pour son droit \u00e0 l\u2019existence dans le cadre du pluralisme id\u00e9ologique, politique et d\u2019organisation, et le combat pour l\u2019union de toutes les forces progressistes et patriotiques. Cette ligne constitue, \u00e0 ce jour encore, un aspect fondamental de la strat\u00e9gie de notre parti, ligne que Aziz Belal, excellait dans son application: attachement inconditionnel \u00e0 son parti, le PPS, et, en m\u00eame temps, la main tendue pour le dialogue constructif, pour l\u2019action unie sur les objectifs communs.<\/p>\n<p class=\"c5\">Tels sont bross\u00e9s les grands traits, quelques-unes des caract\u00e9ristiques essentielles qui faisaient de Aziz Belal l\u2019intellectuel r\u00e9volutionnaire exemplaire : fid\u00e8le \u00e0 la cause de sa patrie et celle du peuple travailleur, attachement sans failles \u00e0 son parti sous ses trois appellations successives, Parti Communiste Marocain, Parti de La Lib\u00e9ration et du socialisme et Parti du Progr\u00e8s et du Socialisme.<\/p>\n<p class=\"c5\">Suivre sa voie, pour les jeunes militants, est le meilleur moyen pour eux d\u2019honorer sa m\u00e9moire.<\/p>\n<p>Auteur: rahal mehamed<br \/>\n<a href=\"http:\/\/albayane.press.ma\/abdallah-layachi-belal-lintellectuel-revolutionnaire-exemplaire.html\">Cliquez ici pour lire l&rsquo;article depuis sa source.<\/a><\/p>\n","protected":false},"excerpt":{"rendered":"<p>Notre regrett\u00e9 camarade Aziz Belal, en d\u00e9pit de sa subite et tragique disparition, demeurera vivant parmi nous, restera, comme par le pass\u00e9, pr\u00e9sent dans nos luttes, continuant ainsi de servir son parti, le PPS, et la cause r\u00e9volutionnaire pour laquelle ce parti a \u00e9t\u00e9 cr\u00e9\u00e9, \u00e0 condition, cependant, que nous prenions soin du dernier h\u00e9ritage, [&hellip;]<\/p>\n","protected":false},"author":1760,"featured_media":33777,"comment_status":"closed","ping_status":"closed","sticky":false,"template":"","format":"standard","meta":{"fifu_image_url":"","fifu_image_alt":"","footnotes":""},"categories":[73,54],"tags":[],"class_list":["post-33776","post","type-post","status-publish","format-standard","has-post-thumbnail","hentry","category-actualite","category-maroc"],"_links":{"self":[{"href":"https:\/\/linitiative.ca\/International\/wp-json\/wp\/v2\/posts\/33776","targetHints":{"allow":["GET"]}}],"collection":[{"href":"https:\/\/linitiative.ca\/International\/wp-json\/wp\/v2\/posts"}],"about":[{"href":"https:\/\/linitiative.ca\/International\/wp-json\/wp\/v2\/types\/post"}],"author":[{"embeddable":true,"href":"https:\/\/linitiative.ca\/International\/wp-json\/wp\/v2\/users\/1760"}],"replies":[{"embeddable":true,"href":"https:\/\/linitiative.ca\/International\/wp-json\/wp\/v2\/comments?post=33776"}],"version-history":[{"count":0,"href":"https:\/\/linitiative.ca\/International\/wp-json\/wp\/v2\/posts\/33776\/revisions"}],"wp:featuredmedia":[{"embeddable":true,"href":"https:\/\/linitiative.ca\/International\/wp-json\/"}],"wp:attachment":[{"href":"https:\/\/linitiative.ca\/International\/wp-json\/wp\/v2\/media?parent=33776"}],"wp:term":[{"taxonomy":"category","embeddable":true,"href":"https:\/\/linitiative.ca\/International\/wp-json\/wp\/v2\/categories?post=33776"},{"taxonomy":"post_tag","embeddable":true,"href":"https:\/\/linitiative.ca\/International\/wp-json\/wp\/v2\/tags?post=33776"}],"curies":[{"name":"wp","href":"https:\/\/api.w.org\/{rel}","templated":true}]}}