{"id":33778,"date":"2019-05-12T06:42:38","date_gmt":"2019-05-12T10:42:38","guid":{"rendered":"https:\/\/linitiative.ca\/International\/reinventer-le-secteur-du-tourisme\/"},"modified":"2019-05-12T06:42:38","modified_gmt":"2019-05-12T10:42:38","slug":"reinventer-le-secteur-du-tourisme","status":"publish","type":"post","link":"https:\/\/linitiative.ca\/International\/reinventer-le-secteur-du-tourisme\/","title":{"rendered":"R\u00e9inventer le secteur du tourisme!"},"content":{"rendered":"<p class=\"c4\"><span class=\"c3\"><strong><span class=\"c2\">D<\/span>e quelle levure sera mont\u00e9 le proche avenir de l\u2019industrie du tourisme dans la premi\u00e8re station du royaume? Il n\u2019est pas n\u00e9cessaire d\u2019\u00eatre devin pour pr\u00e9dire un dessein dont les conditions ne sont pas encore r\u00e9unies.<\/strong><\/span><\/p>\n<p class=\"c4\">A commencer, bien entendu, par l\u2019implication efficiente de l\u2019Etat qui, \u00e0 l\u2019image de son bin\u00f4me en charge du secteur, mi\u00e8vre et fade, ne parvient pas \u00e0 insuffler suffisamment les turbos adapt\u00e9s pour une telle \u00e9bauche! Hormis quelques pi\u00e8tres sursauts, la vision 2020, fruit d\u2019une r\u00e9elle dynamique de l\u2019ensemble des acteurs du domaine, est s\u00e9rieusement affecter par les couacs pour la mise en \u0153uvre d\u2019une strat\u00e9gie globale, \u00e9quitable et coh\u00e9rente \u00e0 l\u2019adresse de l\u2019ensemble des destinations porteuses du pays.<\/p>\n<p class=\"c4\">Depuis d\u00e9j\u00e0 des ann\u00e9es, on ne fait que t\u00e2tonner et pondre des visions qui\u00a0 visent \u00e0 c\u00f4t\u00e9 de la cible escompt\u00e9e, \u00e0 l\u2019instar de Maroc Azur dont le bilan est on ne peut plus calamiteux, en fin de compte. La politique publique, \u00e0 ce titre, d\u00e9ficiente et vell\u00e9itaire, a engrang\u00e9 des fonds fous et des temps perdus pour aboutir \u00e0 des modicit\u00e9s d\u00e9lirantes.<\/p>\n<p class=\"c4\">Il est bien \u00e9vident\u00a0 qu\u2019on ne peut, exclusivement jeter le pav\u00e9\u00a0 dans la mare de l\u2019Etat dont la quasi majorit\u00e9 des ministres \u00e9tait globalement \u00e0 c\u00f4t\u00e9 de la plaque du d\u00e9partement des voyages. Il n\u2019en demeure pas moins vrai que la gestion locale laissait \u00e0 d\u00e9sirer, pour des calculs de prestige et des al\u00e9as d\u2019inaptitude.<\/p>\n<p class=\"c4\">Cependant, on ne saurait amputer la d\u00e9b\u00e2cle du tourisme nationale, dans sa globalit\u00e9, aux institutions et structures r\u00e9gionales, tant que l\u2019Etat en assume la part du lion des choix adopt\u00e9s en mati\u00e8re d\u2019orientation et de planification \u00e0 court et long terme. En parall\u00e8le, comme le malheur ne vient pas seul, on s\u2019est obstin\u00e9, non sans marasme av\u00e9r\u00e9, \u00e0 laisser prosp\u00e9rer d\u00e9mesur\u00e9ment la maudite formule connue sous le nom du \u00abAll Inclusive\u00bb, dans la plupart des structures h\u00f4teli\u00e8res commercialis\u00e9es.<\/p>\n<p class=\"c4\">D\u00e8s lors, consid\u00e9rant l\u2019espace touristique national comme des \u00abghettos\u00bb pour des touristes, en qu\u00eate de d\u00e9couverte et d\u2019exotisme, ces promoteurs des voyages intensifient leur emprise sur le produit local, limit\u00e9 aux plaisirs des bains de soleil, vendus aux clients bien \u00e0 l\u2019avance, dans les pays de provenance, comme si Agadir \u00e9tait en plein site des Cara\u00efbes.<\/p>\n<p class=\"c4\">En outre, si l\u2019h\u00f4tellerie en p\u00e2tit cruellement, il y a lieu d\u2019en dire autant au niveau de la restauration raffin\u00e9e, de l\u2019excursionnisme int\u00e9rieur, de l\u2019artisanat typique\u2026.Or, face \u00e0 une d\u00e9rive qui ronge l\u2019un des piliers fondateurs de l\u2019\u00e9conomie nationale, l\u2019Etat a bel et bien le droit de regard sur les int\u00e9r\u00eats supr\u00eames de la nation afin d\u2019intervenir et rectifier les tirs.<\/p>\n<p class=\"c4\">En effet, dans le cas d\u2019esp\u00e8ce, il est mondialement connu que cette formule exclusiviste n\u2019est valable que dans des r\u00e9gions isol\u00e9es de la plan\u00e8te. Le Maroc n\u2019en est pas une. Bien au contraire, notre pays, de par son \u00e9lan d\u00e9veloppemental, son temp\u00e9rament soci\u00e9tal agissant et son registre de havre de tol\u00e9rance, est un berceau de choix \u00e0 s\u2019ouvrir constamment sur l\u2019autre.<\/p>\n<p>Auteur: rahal mehamed<br \/>\n<a href=\"http:\/\/albayane.press.ma\/reinventer-le-secteur-du-tourisme.html\">Cliquez ici pour lire l&rsquo;article depuis sa source.<\/a><\/p>\n","protected":false},"excerpt":{"rendered":"<p>De quelle levure sera mont\u00e9 le proche avenir de l\u2019industrie du tourisme dans la premi\u00e8re station du royaume? Il n\u2019est pas n\u00e9cessaire d\u2019\u00eatre devin pour pr\u00e9dire un dessein dont les conditions ne sont pas encore r\u00e9unies. A commencer, bien entendu, par l\u2019implication efficiente de l\u2019Etat qui, \u00e0 l\u2019image de son bin\u00f4me en charge du secteur, [&hellip;]<\/p>\n","protected":false},"author":1760,"featured_media":0,"comment_status":"closed","ping_status":"closed","sticky":false,"template":"","format":"standard","meta":{"fifu_image_url":"","fifu_image_alt":"","footnotes":""},"categories":[73,54],"tags":[],"class_list":["post-33778","post","type-post","status-publish","format-standard","hentry","category-actualite","category-maroc"],"_links":{"self":[{"href":"https:\/\/linitiative.ca\/International\/wp-json\/wp\/v2\/posts\/33778","targetHints":{"allow":["GET"]}}],"collection":[{"href":"https:\/\/linitiative.ca\/International\/wp-json\/wp\/v2\/posts"}],"about":[{"href":"https:\/\/linitiative.ca\/International\/wp-json\/wp\/v2\/types\/post"}],"author":[{"embeddable":true,"href":"https:\/\/linitiative.ca\/International\/wp-json\/wp\/v2\/users\/1760"}],"replies":[{"embeddable":true,"href":"https:\/\/linitiative.ca\/International\/wp-json\/wp\/v2\/comments?post=33778"}],"version-history":[{"count":0,"href":"https:\/\/linitiative.ca\/International\/wp-json\/wp\/v2\/posts\/33778\/revisions"}],"wp:attachment":[{"href":"https:\/\/linitiative.ca\/International\/wp-json\/wp\/v2\/media?parent=33778"}],"wp:term":[{"taxonomy":"category","embeddable":true,"href":"https:\/\/linitiative.ca\/International\/wp-json\/wp\/v2\/categories?post=33778"},{"taxonomy":"post_tag","embeddable":true,"href":"https:\/\/linitiative.ca\/International\/wp-json\/wp\/v2\/tags?post=33778"}],"curies":[{"name":"wp","href":"https:\/\/api.w.org\/{rel}","templated":true}]}}