{"id":33788,"date":"2019-05-12T06:00:00","date_gmt":"2019-05-12T10:00:00","guid":{"rendered":"https:\/\/linitiative.ca\/International\/des-rencontres-algero-francaises-sur-la-sous-traitance-automobile\/"},"modified":"2019-05-12T06:00:00","modified_gmt":"2019-05-12T10:00:00","slug":"des-rencontres-algero-francaises-sur-la-sous-traitance-automobile","status":"publish","type":"post","link":"https:\/\/linitiative.ca\/International\/des-rencontres-algero-francaises-sur-la-sous-traitance-automobile\/","title":{"rendered":"Des rencontres alg\u00e9ro-fran\u00e7aises sur la sous-traitance automobile"},"content":{"rendered":"<div id=\"originalText\" readability=\"37\">\n<p class=\"c10\">Afin d\u2019\u00e9changer entre op\u00e9rateurs alg\u00e9riens et fran\u00e7ais sur les opportunit\u00e9s d\u2019investissement dans le secteur de l\u2019industrie et de la sous-traitance automobiles, encore balbutiant dans notre pays, une rencontre est pr\u00e9vue en juin prochain \u00e0 Alger \u00e0 l\u2019initiative de l\u2019agence Business France. Il s\u2019agit en effet de la premi\u00e8re \u00e9dition des rencontres alg\u00e9ro-fran\u00e7aises du secteur de la sous-traitance industrielle et automobile qui se d\u00e9roulera les 10 et 11 juin prochain \u00e0 Alger.<\/p>\n<\/div>\n<div id=\"text_core\" readability=\"37\">\n<p class=\"c10\">Afin d\u2019\u00e9changer entre op\u00e9rateurs alg\u00e9riens et fran\u00e7ais sur les opportunit\u00e9s d\u2019investissement dans le secteur de l\u2019industrie et de la sous-traitance automobiles, encore balbutiant dans notre pays, une rencontre est pr\u00e9vue en juin prochain \u00e0 Alger \u00e0 l\u2019initiative de l\u2019agence Business France. Il s\u2019agit en effet de la premi\u00e8re \u00e9dition des rencontres alg\u00e9ro-fran\u00e7aises du secteur de la sous-traitance industrielle et automobile qui se d\u00e9roulera les 10 et 11 juin prochain \u00e0 Alger.<\/p>\n<\/div>\n<p>Auteur:<br \/>\n<a href=\"https:\/\/www.liberte-algerie.com\/radar\/des-rencontres-algero-francaises-sur-la-sous-traitance-automobile-315649\">Cliquez ici pour lire l&rsquo;article depuis sa source.<\/a><\/p>\n","protected":false},"excerpt":{"rendered":"<p>Afin d\u2019\u00e9changer entre op\u00e9rateurs alg\u00e9riens et fran\u00e7ais sur les opportunit\u00e9s d\u2019investissement dans le secteur de l\u2019industrie et de la sous-traitance automobiles, encore balbutiant dans notre pays, une rencontre est pr\u00e9vue en juin prochain \u00e0 Alger \u00e0 l\u2019initiative de l\u2019agence Business France. Il s\u2019agit en effet de la premi\u00e8re \u00e9dition des rencontres alg\u00e9ro-fran\u00e7aises du secteur de [&hellip;]<\/p>\n","protected":false},"author":1742,"featured_media":0,"comment_status":"closed","ping_status":"closed","sticky":false,"template":"","format":"standard","meta":{"fifu_image_url":"","fifu_image_alt":"","footnotes":""},"categories":[73,53],"tags":[],"class_list":["post-33788","post","type-post","status-publish","format-standard","hentry","category-actualite","category-algerie"],"_links":{"self":[{"href":"https:\/\/linitiative.ca\/International\/wp-json\/wp\/v2\/posts\/33788","targetHints":{"allow":["GET"]}}],"collection":[{"href":"https:\/\/linitiative.ca\/International\/wp-json\/wp\/v2\/posts"}],"about":[{"href":"https:\/\/linitiative.ca\/International\/wp-json\/wp\/v2\/types\/post"}],"author":[{"embeddable":true,"href":"https:\/\/linitiative.ca\/International\/wp-json\/wp\/v2\/users\/1742"}],"replies":[{"embeddable":true,"href":"https:\/\/linitiative.ca\/International\/wp-json\/wp\/v2\/comments?post=33788"}],"version-history":[{"count":0,"href":"https:\/\/linitiative.ca\/International\/wp-json\/wp\/v2\/posts\/33788\/revisions"}],"wp:attachment":[{"href":"https:\/\/linitiative.ca\/International\/wp-json\/wp\/v2\/media?parent=33788"}],"wp:term":[{"taxonomy":"category","embeddable":true,"href":"https:\/\/linitiative.ca\/International\/wp-json\/wp\/v2\/categories?post=33788"},{"taxonomy":"post_tag","embeddable":true,"href":"https:\/\/linitiative.ca\/International\/wp-json\/wp\/v2\/tags?post=33788"}],"curies":[{"name":"wp","href":"https:\/\/api.w.org\/{rel}","templated":true}]}}