{"id":33789,"date":"2019-05-12T06:00:00","date_gmt":"2019-05-12T10:00:00","guid":{"rendered":"https:\/\/linitiative.ca\/International\/danciens-walis-dans-le-collimateur-de-la-justice\/"},"modified":"2019-05-12T06:00:00","modified_gmt":"2019-05-12T10:00:00","slug":"danciens-walis-dans-le-collimateur-de-la-justice","status":"publish","type":"post","link":"https:\/\/linitiative.ca\/International\/danciens-walis-dans-le-collimateur-de-la-justice\/","title":{"rendered":"D\u2019anciens walis dans le collimateur de la justice"},"content":{"rendered":"<div id=\"originalText\" readability=\"41\">\n<p class=\"c10\">Dans le cadre des enqu\u00eates contre la corruption enclench\u00e9es dans le sillage de la r\u00e9volution populaire contre le syst\u00e8me en place, plusieurs anciens walis de Bouira sont dans le collimateur de la justice. Selon nos informations, des ex- commis de l&rsquo;\u00c9tat de la p\u00e9riode s&rsquo;\u00e9talant de 2004 \u00e0 2016 sont concern\u00e9s par des enqu\u00eates de d\u00e9tournement de biens publics, foncier industriel et autres poches de terrain \u00e0 travers la wilaya. Ces enqu\u00eates ordonn\u00e9es par le parquet g\u00e9n\u00e9ral sont diligent\u00e9es par les services de l&rsquo;ancienne direction de surveillance et de s\u00e9curit\u00e9 (DSS). Certains anciens walis de Bouira ont r\u00e9cemment \u00e9t\u00e9 auditionn\u00e9s dans la plus grande discr\u00e9tion, affirment nos sources. Il y a lieu de souligner que la wilaya de Bouira a \u00e9t\u00e9 victime, plusieurs fois, du bradage de son foncier agricole.<\/p>\n<\/div>\n<div id=\"text_core\" readability=\"41\">\n<p class=\"c10\">Dans le cadre des enqu\u00eates contre la corruption enclench\u00e9es dans le sillage de la r\u00e9volution populaire contre le syst\u00e8me en place, plusieurs anciens walis de Bouira sont dans le collimateur de la justice. Selon nos informations, des ex- commis de l&rsquo;\u00c9tat de la p\u00e9riode s&rsquo;\u00e9talant de 2004 \u00e0 2016 sont concern\u00e9s par des enqu\u00eates de d\u00e9tournement de biens publics, foncier industriel et autres poches de terrain \u00e0 travers la wilaya. Ces enqu\u00eates ordonn\u00e9es par le parquet g\u00e9n\u00e9ral sont diligent\u00e9es par les services de l&rsquo;ancienne direction de surveillance et de s\u00e9curit\u00e9 (DSS). Certains anciens walis de Bouira ont r\u00e9cemment \u00e9t\u00e9 auditionn\u00e9s dans la plus grande discr\u00e9tion, affirment nos sources. Il y a lieu de souligner que la wilaya de Bouira a \u00e9t\u00e9 victime, plusieurs fois, du bradage de son foncier agricole.<\/p>\n<\/div>\n<p>Auteur:<br \/>\n<a href=\"https:\/\/www.liberte-algerie.com\/radar\/danciens-walis-dans-le-collimateur-de-la-justice-315648\">Cliquez ici pour lire l&rsquo;article depuis sa source.<\/a><\/p>\n","protected":false},"excerpt":{"rendered":"<p>Dans le cadre des enqu\u00eates contre la corruption enclench\u00e9es dans le sillage de la r\u00e9volution populaire contre le syst\u00e8me en place, plusieurs anciens walis de Bouira sont dans le collimateur de la justice. Selon nos informations, des ex- commis de l&rsquo;\u00c9tat de la p\u00e9riode s&rsquo;\u00e9talant de 2004 \u00e0 2016 sont concern\u00e9s par des enqu\u00eates de [&hellip;]<\/p>\n","protected":false},"author":1742,"featured_media":0,"comment_status":"closed","ping_status":"closed","sticky":false,"template":"","format":"standard","meta":{"fifu_image_url":"","fifu_image_alt":"","footnotes":""},"categories":[73,53],"tags":[],"class_list":["post-33789","post","type-post","status-publish","format-standard","hentry","category-actualite","category-algerie"],"_links":{"self":[{"href":"https:\/\/linitiative.ca\/International\/wp-json\/wp\/v2\/posts\/33789","targetHints":{"allow":["GET"]}}],"collection":[{"href":"https:\/\/linitiative.ca\/International\/wp-json\/wp\/v2\/posts"}],"about":[{"href":"https:\/\/linitiative.ca\/International\/wp-json\/wp\/v2\/types\/post"}],"author":[{"embeddable":true,"href":"https:\/\/linitiative.ca\/International\/wp-json\/wp\/v2\/users\/1742"}],"replies":[{"embeddable":true,"href":"https:\/\/linitiative.ca\/International\/wp-json\/wp\/v2\/comments?post=33789"}],"version-history":[{"count":0,"href":"https:\/\/linitiative.ca\/International\/wp-json\/wp\/v2\/posts\/33789\/revisions"}],"wp:attachment":[{"href":"https:\/\/linitiative.ca\/International\/wp-json\/wp\/v2\/media?parent=33789"}],"wp:term":[{"taxonomy":"category","embeddable":true,"href":"https:\/\/linitiative.ca\/International\/wp-json\/wp\/v2\/categories?post=33789"},{"taxonomy":"post_tag","embeddable":true,"href":"https:\/\/linitiative.ca\/International\/wp-json\/wp\/v2\/tags?post=33789"}],"curies":[{"name":"wp","href":"https:\/\/api.w.org\/{rel}","templated":true}]}}