{"id":33792,"date":"2019-05-12T11:00:00","date_gmt":"2019-05-12T15:00:00","guid":{"rendered":"https:\/\/linitiative.ca\/International\/vous-avez-tout-essaye-il-vous-reste-une-balle-dans-la-tete\/"},"modified":"2019-05-12T11:00:00","modified_gmt":"2019-05-12T15:00:00","slug":"vous-avez-tout-essaye-il-vous-reste-une-balle-dans-la-tete","status":"publish","type":"post","link":"https:\/\/linitiative.ca\/International\/vous-avez-tout-essaye-il-vous-reste-une-balle-dans-la-tete\/","title":{"rendered":"\u00abVous avez tout essay\u00e9\u2026 il vous reste une balle dans la t\u00eate\u00bb"},"content":{"rendered":"<div id=\"originalText\" readability=\"134\">\n<p>L\u2019ancien pr\u00e9sident du Rassemblement pour la culture et la d\u00e9mocratie (RCD), Sa\u00efd Sadi, a \u00e9voqu\u00e9, ce dimanche, dans une tribune sur sa page facebook, intitul\u00e9e \u00ab\u00a0r\u00e9sistance\u00a0\u00bb, les rumeurs faisant \u00e9tat de son \u00ab\u00a0arrestation imminente\u00a0\u00bb, et a renouvel\u00e9 sa \u00ab\u00a0totale solidarit\u00e9\u00a0\u00bb\u00a0\u00e0 Louisa Hanoune.\u00a0 \u00a0<\/p>\n<p>D\u2019abord, pour lui, \u00ab\u00a0l\u2019\u00e9ditorial du quotidien gouvernemental El Moudjahid d\u2019hier, est sans appel : le gouvernement est d\u00e9cid\u00e9 de mettre \u00ab hors d\u2018\u00e9tat de nuire\u2026.ceux qui s\u2019opposent \u00e0 la tenue d\u2019une pr\u00e9sidentielle\u00bb\u00a0\u00bb.<\/p>\n<p>Auparavant, poursuit-il, \u00ab\u00a0et suite \u00e0 mes interventions publiques concernant la situation que vit le pays, laquelle a mobilis\u00e9 le peuple alg\u00e9rien dans l\u2019union, la dignit\u00e9 et la d\u00e9termination pour le changement de syst\u00e8me, la revue de l\u2019arm\u00e9e \u00ab El Djeich \u00bb a publi\u00e9 un article et un \u00e9ditorial au ton martial\u00a0\u00bb. \u00a0Un \u00e9crit, explique Sa\u00efd Sadi, qui \u00ab\u00a0a \u00e9t\u00e9 aussit\u00f4t interpr\u00e9t\u00e9 par les organes proches des cercles militaires comme m\u2019\u00e9tant destin\u00e9 personnellement\u00a0\u00bb.<\/p>\n<p>Et tout en renouvelant \u00ab\u00a0sa totale solidarit\u00e9\u00a0\u00bb\u00a0\u00e0 la SG du PT, Louisa Hanoune, \u00ab\u00a0intern\u00e9e par la justice militaire\u00a0\u00bb, l\u2019ancien pr\u00e9sident du RCD a parl\u00e9 de \u00ab\u00a0rumeurs\u00a0\u00bb\u00a0faisant \u00e9tat de son arrestation, qui \u00ab\u00a0ont circul\u00e9 \u00e0 plusieurs reprises\u00a0\u00bb.<\/p>\n<p>\u00ab\u00a0Sur ma page facebook, des \u00ab mouches \u00e9lectroniques \u00bb, \u00e0 l\u2019\u00e9vidence inspir\u00e9es par des officines sp\u00e9cialis\u00e9es, d\u00e9livrent des messages \u00e0 connotation mafieuse, annon\u00e7ant que mon arrestation imminente est programm\u00e9e par le chef d\u2019\u00e9tat-major. Ces proc\u00e9d\u00e9s obliques sont propres \u00e0 tous les syst\u00e8mes autoritaires et ce n\u2019est pas la premi\u00e8re fois qu\u2019ils sont utilis\u00e9s contre moi ou d\u2019autres militants\u00a0\u00bb, a-t-il d\u00e9nonc\u00e9. \u00a0<\/p>\n<p>Sa\u00efd Sadi a rappel\u00e9, \u00e0 ce propos, qu\u2019 \u00ab\u00a0en 2004 d\u00e9j\u00e0, j\u2019expliquais devant la presse que la dissolution de la police politique \u00e9tait un pr\u00e9alable \u00e0 toute entreprise visant \u00e0 lib\u00e9rer le pays de l\u2019oligarchie militaire\u00a0\u00bb.<\/p>\n<p>Une d\u00e9claration qui lui a valu \u00ab\u00a0une campagne d\u2019allusions agressives et autres sous-entendus diffamatoires, relay\u00e9s par les m\u00e9dias aux ordres\u00a0\u00bb, se rappelle-t-il.<\/p>\n<p>Il r\u00e9\u00e9dite d\u2019ailleurs \u00a0la r\u00e9ponse qu\u2019il avait \u00ab\u00a0oppos\u00e9e alors au responsable du renseignement\u00a0\u00bb.<\/p>\n<p>Elle se d\u00e9cline en trois points, puisque Sa\u00efd Sadi estime qu\u2019\u00a0\u00bben Alg\u00e9rie, le pouvoir recourt \u00e0 trois leviers pour contraindre un acteur politique \u00e0 renoncer ou \u00e0 infl\u00e9chir ses positions\u00a0\u00bb.<\/p>\n<p>Premi\u00e8rement, \u00ab\u00a0l\u2019argent. Mon itin\u00e9raire est connu et les affaires ne m\u2019ont pas attir\u00e9. Je n\u2019ai pas choisi cette voie\u00a0\u00bb.<\/p>\n<p>Deuxi\u00e8mement, \u00ab\u00a0l\u2019attrait du pouvoir. Vous avez insist\u00e9, les uns et les autres, pour que j\u2019int\u00e8gre personnellement le gouvernement. J\u2019ai cat\u00e9goriquement refus\u00e9, attendant de voir si les engagements pris publiquement en faveur des r\u00e9formes de l\u2019\u00e9cole, de la justice et de l\u2019Etat allaient devenir des r\u00e9alit\u00e9s. Ce ne fut pas le cas\u00a0\u00bb.<\/p>\n<p>Troisi\u00e8mement, \u00ab\u00a0les r\u00e9pressions. Vous avez essay\u00e9 les emprisonnements, les tortures, les licenciements arbitraires, les interdictions de sorties\u2026Il vous reste une balle dans la t\u00eate. Pour cela, vous n\u2019avez pas besoin de mon avis. Votre expertise en la mati\u00e8re est reconnue de longue date\u00a0\u00bb.<\/p>\n<p>Et comme \u00ab\u00a0aujourd\u2019hui, les parrains ont chang\u00e9 mais les m\u00e9thodes \u00e9tant les m\u00eames, je redis donc la m\u00eame chose sur ce sujet aux jouisseurs de d\u00e9cisions abusives et \u00e0 leurs affid\u00e9s\u00a0\u00bb, ajoute-t-il.<\/p>\n<p>Sa\u00efd Sadi conclut en jurant qu\u2019il ne se \u00absoumettrai pas\u00bb, tout en r\u00e9it\u00e9rant sa position\u00a0\u00abpour un changement radical de syst\u00e8me\u00bb, et \u00abpour une Alg\u00e9rie d\u00e9mocratique et sociale\u00bb.<\/p>\n<p class=\"c10\"><strong>R\u00e9daction Web<\/strong><\/p>\n<\/div>\n<div id=\"text_core\" readability=\"134\">\n<p>L\u2019ancien pr\u00e9sident du Rassemblement pour la culture et la d\u00e9mocratie (RCD), Sa\u00efd Sadi, a \u00e9voqu\u00e9, ce dimanche, dans une tribune sur sa page facebook, intitul\u00e9e \u00ab\u00a0r\u00e9sistance\u00a0\u00bb, les rumeurs faisant \u00e9tat de son \u00ab\u00a0arrestation imminente\u00a0\u00bb, et a renouvel\u00e9 sa \u00ab\u00a0totale solidarit\u00e9\u00a0\u00bb\u00a0\u00e0 Louisa Hanoune.\u00a0 \u00a0<\/p>\n<p>D\u2019abord, pour lui, \u00ab\u00a0l\u2019\u00e9ditorial du quotidien gouvernemental El Moudjahid d\u2019hier, est sans appel : le gouvernement est d\u00e9cid\u00e9 de mettre \u00ab hors d\u2018\u00e9tat de nuire\u2026.ceux qui s\u2019opposent \u00e0 la tenue d\u2019une pr\u00e9sidentielle\u00bb\u00a0\u00bb.<\/p>\n<p>Auparavant, poursuit-il, \u00ab\u00a0et suite \u00e0 mes interventions publiques concernant la situation que vit le pays, laquelle a mobilis\u00e9 le peuple alg\u00e9rien dans l\u2019union, la dignit\u00e9 et la d\u00e9termination pour le changement de syst\u00e8me, la revue de l\u2019arm\u00e9e \u00ab El Djeich \u00bb a publi\u00e9 un article et un \u00e9ditorial au ton martial\u00a0\u00bb. \u00a0Un \u00e9crit, explique Sa\u00efd Sadi, qui \u00ab\u00a0a \u00e9t\u00e9 aussit\u00f4t interpr\u00e9t\u00e9 par les organes proches des cercles militaires comme m\u2019\u00e9tant destin\u00e9 personnellement\u00a0\u00bb.<\/p>\n<p>Et tout en renouvelant \u00ab\u00a0sa totale solidarit\u00e9\u00a0\u00bb\u00a0\u00e0 la SG du PT, Louisa Hanoune, \u00ab\u00a0intern\u00e9e par la justice militaire\u00a0\u00bb, l\u2019ancien pr\u00e9sident du RCD a parl\u00e9 de \u00ab\u00a0rumeurs\u00a0\u00bb\u00a0faisant \u00e9tat de son arrestation, qui \u00ab\u00a0ont circul\u00e9 \u00e0 plusieurs reprises\u00a0\u00bb.<\/p>\n<p>\u00ab\u00a0Sur ma page facebook, des \u00ab mouches \u00e9lectroniques \u00bb, \u00e0 l\u2019\u00e9vidence inspir\u00e9es par des officines sp\u00e9cialis\u00e9es, d\u00e9livrent des messages \u00e0 connotation mafieuse, annon\u00e7ant que mon arrestation imminente est programm\u00e9e par le chef d\u2019\u00e9tat-major. Ces proc\u00e9d\u00e9s obliques sont propres \u00e0 tous les syst\u00e8mes autoritaires et ce n\u2019est pas la premi\u00e8re fois qu\u2019ils sont utilis\u00e9s contre moi ou d\u2019autres militants\u00a0\u00bb, a-t-il d\u00e9nonc\u00e9. \u00a0<\/p>\n<p>Sa\u00efd Sadi a rappel\u00e9, \u00e0 ce propos, qu\u2019 \u00ab\u00a0en 2004 d\u00e9j\u00e0, j\u2019expliquais devant la presse que la dissolution de la police politique \u00e9tait un pr\u00e9alable \u00e0 toute entreprise visant \u00e0 lib\u00e9rer le pays de l\u2019oligarchie militaire\u00a0\u00bb.<\/p>\n<p>Une d\u00e9claration qui lui a valu \u00ab\u00a0une campagne d\u2019allusions agressives et autres sous-entendus diffamatoires, relay\u00e9s par les m\u00e9dias aux ordres\u00a0\u00bb, se rappelle-t-il.<\/p>\n<p>Il r\u00e9\u00e9dite d\u2019ailleurs \u00a0la r\u00e9ponse qu\u2019il avait \u00ab\u00a0oppos\u00e9e alors au responsable du renseignement\u00a0\u00bb.<\/p>\n<p>Elle se d\u00e9cline en trois points, puisque Sa\u00efd Sadi estime qu\u2019\u00a0\u00bben Alg\u00e9rie, le pouvoir recourt \u00e0 trois leviers pour contraindre un acteur politique \u00e0 renoncer ou \u00e0 infl\u00e9chir ses positions\u00a0\u00bb.<\/p>\n<p>Premi\u00e8rement, \u00ab\u00a0l\u2019argent. Mon itin\u00e9raire est connu et les affaires ne m\u2019ont pas attir\u00e9. Je n\u2019ai pas choisi cette voie\u00a0\u00bb.<\/p>\n<p>Deuxi\u00e8mement, \u00ab\u00a0l\u2019attrait du pouvoir. Vous avez insist\u00e9, les uns et les autres, pour que j\u2019int\u00e8gre personnellement le gouvernement. J\u2019ai cat\u00e9goriquement refus\u00e9, attendant de voir si les engagements pris publiquement en faveur des r\u00e9formes de l\u2019\u00e9cole, de la justice et de l\u2019Etat allaient devenir des r\u00e9alit\u00e9s. Ce ne fut pas le cas\u00a0\u00bb.<\/p>\n<p>Troisi\u00e8mement, \u00ab\u00a0les r\u00e9pressions. Vous avez essay\u00e9 les emprisonnements, les tortures, les licenciements arbitraires, les interdictions de sorties\u2026Il vous reste une balle dans la t\u00eate. Pour cela, vous n\u2019avez pas besoin de mon avis. Votre expertise en la mati\u00e8re est reconnue de longue date\u00a0\u00bb.<\/p>\n<p>Et comme \u00ab\u00a0aujourd\u2019hui, les parrains ont chang\u00e9 mais les m\u00e9thodes \u00e9tant les m\u00eames, je redis donc la m\u00eame chose sur ce sujet aux jouisseurs de d\u00e9cisions abusives et \u00e0 leurs affid\u00e9s\u00a0\u00bb, ajoute-t-il.<\/p>\n<p>Sa\u00efd Sadi conclut en jurant qu\u2019il ne se \u00absoumettrai pas\u00bb, tout en r\u00e9it\u00e9rant sa position\u00a0\u00abpour un changement radical de syst\u00e8me\u00bb, et \u00abpour une Alg\u00e9rie d\u00e9mocratique et sociale\u00bb.<\/p>\n<p class=\"c10\"><strong>R\u00e9daction Web<\/strong><\/p>\n<\/div>\n<p>Auteur:<br \/>\n<a href=\"https:\/\/www.liberte-algerie.com\/actualite\/vous-avez-tout-essaye-il-vous-reste-une-balle-dans-la-tete-315697\">Cliquez ici pour lire l&rsquo;article depuis sa source.<\/a><\/p>\n","protected":false},"excerpt":{"rendered":"<p>L\u2019ancien pr\u00e9sident du Rassemblement pour la culture et la d\u00e9mocratie (RCD), Sa\u00efd Sadi, a \u00e9voqu\u00e9, ce dimanche, dans une tribune sur sa page facebook, intitul\u00e9e \u00ab\u00a0r\u00e9sistance\u00a0\u00bb, les rumeurs faisant \u00e9tat de son \u00ab\u00a0arrestation imminente\u00a0\u00bb, et a renouvel\u00e9 sa \u00ab\u00a0totale solidarit\u00e9\u00a0\u00bb\u00a0\u00e0 Louisa Hanoune.\u00a0 \u00a0 D\u2019abord, pour lui, \u00ab\u00a0l\u2019\u00e9ditorial du quotidien gouvernemental El Moudjahid d\u2019hier, est sans [&hellip;]<\/p>\n","protected":false},"author":1742,"featured_media":0,"comment_status":"closed","ping_status":"closed","sticky":false,"template":"","format":"standard","meta":{"fifu_image_url":"","fifu_image_alt":"","footnotes":""},"categories":[73,53],"tags":[],"class_list":["post-33792","post","type-post","status-publish","format-standard","hentry","category-actualite","category-algerie"],"_links":{"self":[{"href":"https:\/\/linitiative.ca\/International\/wp-json\/wp\/v2\/posts\/33792","targetHints":{"allow":["GET"]}}],"collection":[{"href":"https:\/\/linitiative.ca\/International\/wp-json\/wp\/v2\/posts"}],"about":[{"href":"https:\/\/linitiative.ca\/International\/wp-json\/wp\/v2\/types\/post"}],"author":[{"embeddable":true,"href":"https:\/\/linitiative.ca\/International\/wp-json\/wp\/v2\/users\/1742"}],"replies":[{"embeddable":true,"href":"https:\/\/linitiative.ca\/International\/wp-json\/wp\/v2\/comments?post=33792"}],"version-history":[{"count":0,"href":"https:\/\/linitiative.ca\/International\/wp-json\/wp\/v2\/posts\/33792\/revisions"}],"wp:attachment":[{"href":"https:\/\/linitiative.ca\/International\/wp-json\/wp\/v2\/media?parent=33792"}],"wp:term":[{"taxonomy":"category","embeddable":true,"href":"https:\/\/linitiative.ca\/International\/wp-json\/wp\/v2\/categories?post=33792"},{"taxonomy":"post_tag","embeddable":true,"href":"https:\/\/linitiative.ca\/International\/wp-json\/wp\/v2\/tags?post=33792"}],"curies":[{"name":"wp","href":"https:\/\/api.w.org\/{rel}","templated":true}]}}