{"id":33798,"date":"2019-05-11T17:17:57","date_gmt":"2019-05-11T21:17:57","guid":{"rendered":"https:\/\/linitiative.ca\/International\/la-bm-approuve-un-don-de-55-m-en-appui-a-des-programmes-damelioration-de-lemployabilite-des-jeunes-dans-la-region-de-marrakech-safi\/"},"modified":"2019-05-11T17:17:57","modified_gmt":"2019-05-11T21:17:57","slug":"la-bm-approuve-un-don-de-55-m-en-appui-a-des-programmes-damelioration-de-lemployabilite-des-jeunes-dans-la-region-de-marrakech-safi","status":"publish","type":"post","link":"https:\/\/linitiative.ca\/International\/la-bm-approuve-un-don-de-55-m-en-appui-a-des-programmes-damelioration-de-lemployabilite-des-jeunes-dans-la-region-de-marrakech-safi\/","title":{"rendered":"La BM approuve un don de 55 M$ en appui \u00e0 des programmes d\u2019am\u00e9lioration de l\u2019employabilit\u00e9 des jeunes dans la r\u00e9gion de Marrakech-Safi"},"content":{"rendered":"<div readability=\"36\">\n<p>Rabat \u2013 Le Conseil des administrateurs de la Banque mondiale (BM) a approuv\u00e9, vendredi, un don de 55 millions de dollars en appui \u00e0 des programmes d\u2019am\u00e9lioration de l\u2019employabilit\u00e9 des jeunes dans la r\u00e9gion de Marrakech-Safi.<\/p>\n<\/div>\n<div readability=\"124\">\n<p>Ce Projet finance une approche innovante, qui conjugue formation pour des jeunes peu qualifi\u00e9s, soutien aux entrepreneurs en herbe et investissements dans les entreprises locales op\u00e9rant dans des cha\u00eenes de valeur prometteuses, souligne la BM dans un communiqu\u00e9.<\/p>\n<p>Il s\u2019appuiera sur les enseignements des pr\u00e9c\u00e9dents programmes de renforcement des capacit\u00e9s des autorit\u00e9s locales \u00e0 combattre le ch\u00f4mage, en rapprochant les jeunes des d\u00e9bouch\u00e9s \u00e9conomiques.<\/p>\n<p>Les b\u00e9n\u00e9ficiaires du projet seront des jeunes femmes et hommes qui ne sont actuellement ni au travail, ni \u00e0 l\u2019\u00e9cole, ni en formation (NEET) mais \u00e9galement de jeunes entrepreneurs en herbe ou des entit\u00e9s de petite et moyenne taille op\u00e9rant dans des cha\u00eenes de valeur ayant un fort potentiel de croissance.<\/p>\n<p>Le projet ouvrira des \u00ab\u00a0guichets uniques\u00a0\u00bb pour offrir des services d\u2019orientation professionnelle et une formation continue dans les sept provinces de la r\u00e9gion et dans la pr\u00e9fecture de Marrakech.<\/p>\n<p>G\u00e9r\u00e9s par l\u2019Agence nationale de promotion de l\u2019emploi et des comp\u00e9tences (ANAPEC), ces espaces auront vocation \u00e0 renforcer les synergies entre les programmes nationaux existants, le secteur priv\u00e9 et les autorit\u00e9s publiques concern\u00e9es dans le but d\u2019identifier les besoins des agents priv\u00e9s locaux et d\u2019impartir aux jeunes les comp\u00e9tences et les informations dont ils ont besoin pour acc\u00e9der \u00e0 ces d\u00e9bouch\u00e9s et maximiser les opportunit\u00e9s.<\/p>\n<p>Afin de stimuler la cr\u00e9ation d\u2019emplois dans la r\u00e9gion de Marrakech-Safi, le projet entend \u00e9galement d\u00e9velopper l\u2019\u00e9cosyst\u00e8me entrepreneurial et soutenir les possibilit\u00e9s de cr\u00e9ation d\u2019entreprises par des jeunes dans les fili\u00e8res \u00e0 fort potentiel. En renfor\u00e7ant les synergies entre acteurs publics et priv\u00e9s, \u00e0 travers le Centre r\u00e9gional d\u2019investissement (CRI), le projet veut aider celles et ceux qui cherchent \u00e0 cr\u00e9er une entreprise \u00e0 d\u00e9velopper leurs capacit\u00e9s de conception de mod\u00e8les commerciaux viables dans ces fili\u00e8res \u00e0 fort potentiel.<\/p>\n<p>Le projet s\u2019inscrit dans la continuit\u00e9 des programmes d\u2019employabilit\u00e9 du gouvernement, \u00e0 l\u2019image de la Strat\u00e9gie nationale pour l\u2019emploi, de la Strat\u00e9gie nationale pour la formation professionnelle et du pilier \u00ab Inclusion des jeunes \u00bb de la troisi\u00e8me phase de l\u2019INDH.<\/p>\n<p>Il repose sur une approche participative assortie de m\u00e9canismes d\u00e9di\u00e9s de retour d\u2019informations, afin de favoriser une am\u00e9lioration constante de la qualit\u00e9 des services rendus. L\u2019insertion des femmes fait partie des priorit\u00e9s du projet, qui entend lever les obstacles auxquels se heurtent les jeunes femmes pour acc\u00e9der \u00e0 des services d\u2019orientation professionnelle et des programmes d\u2019ad\u00e9quation entre leurs profils et les emplois propos\u00e9s mais aussi des services de renforcement des qualifications.<\/p>\n<p>Le projet adoptera une strat\u00e9gie de communication promouvant l\u2019\u00e9galit\u00e9 hommes-femmes et s\u2019attachera \u00e0 impliquer les familles, surtout en milieu rural.<\/p>\n<p>\u00ab\u00a0Face au d\u00e9fi de taille que constitue le ch\u00f4mage des jeunes au Maroc, nous mobilisons notre vaste exp\u00e9rience internationale afin de proposer des solutions innovantes aux autorit\u00e9s du Royaume\u00a0\u00bb, souligne Marie Fran\u00e7oise Marie-Nelly, directrice des op\u00e9rations pour le Maghreb, cit\u00e9e par le communiqu\u00e9.<\/p>\n<p>\u00ab\u00a0Ce projet mettra l\u2019accent sur le renforcement des comp\u00e9tences des jeunes gens en recherche d\u2019emploi et, parall\u00e8lement, sur le d\u00e9veloppement des d\u00e9bouch\u00e9s \u00e9conomiques gr\u00e2ce \u00e0 un environnement op\u00e9rationnel des entreprises optimis\u00e9. Con\u00e7u pour r\u00e9pondre aux enjeux sp\u00e9cifiques de la r\u00e9gion de Marrakech-Safi, le mod\u00e8le efficace et int\u00e9gr\u00e9 sous-tendant ce premier projet sera, \u00e0 terme, d\u00e9ploy\u00e9 sur l\u2019ensemble du territoire\u00a0\u00bb, ajoute-t-elle.<\/p>\n<p>\u00ab\u00a0Le projet veut op\u00e9rer au plus pr\u00e8s des jeunes de la r\u00e9gion, suivre une approche adapt\u00e9e pour les orienter vers la formation et un soutien continu et, ainsi, maximiser l\u2019employabilit\u00e9 de la jeunesse\u00a0\u00bb, indique Ana Paula Fialho Lopes, sp\u00e9cialiste senior du d\u00e9veloppement social et co-chef d\u2019\u00e9quipe du projet.<\/p>\n<p>\u00ab\u00a0Le caract\u00e8re novateur de ce nouveau projet tient aux services de soutien qui seront propos\u00e9s tout au long de son d\u00e9ploiement. En s\u2019appuyant sur des programmes existants, \u00e0 l\u2019instar de l\u2019Initiative nationale pour le d\u00e9veloppement humain (INDH), il s\u2019agit d\u2019offrir aux jeunes des services de conseil mais aussi de les soutenir financi\u00e8rement gr\u00e2ce \u00e0 de petites subventions\u00a0\u00bb, pr\u00e9cise Hind Kadiri, sp\u00e9cialiste senior du d\u00e9veloppement du secteur priv\u00e9 et co-chef d\u2019\u00e9quipe du projet.<\/p>\n<\/div>\n<p>Auteur: Meriem IGASS<br \/>\n<a href=\"http:\/\/www.mapmarrakech.ma\/fr\/la-bm-approuve-un-don-de-55-m-en-appui-a-des-programmes-damelioration-de-lemployabilite-des-jeunes-dans-la-region-de-marrakech-safi\/\">Cliquez ici pour lire l&rsquo;article depuis sa source.<\/a><\/p>\n","protected":false},"excerpt":{"rendered":"<p>Rabat \u2013 Le Conseil des administrateurs de la Banque mondiale (BM) a approuv\u00e9, vendredi, un don de 55 millions de dollars en appui \u00e0 des programmes d\u2019am\u00e9lioration de l\u2019employabilit\u00e9 des jeunes dans la r\u00e9gion de Marrakech-Safi. Ce Projet finance une approche innovante, qui conjugue formation pour des jeunes peu qualifi\u00e9s, soutien aux entrepreneurs en herbe [&hellip;]<\/p>\n","protected":false},"author":1788,"featured_media":0,"comment_status":"closed","ping_status":"closed","sticky":false,"template":"","format":"standard","meta":{"fifu_image_url":"","fifu_image_alt":"","footnotes":""},"categories":[54,76],"tags":[],"class_list":["post-33798","post","type-post","status-publish","format-standard","hentry","category-maroc","category-regions"],"_links":{"self":[{"href":"https:\/\/linitiative.ca\/International\/wp-json\/wp\/v2\/posts\/33798","targetHints":{"allow":["GET"]}}],"collection":[{"href":"https:\/\/linitiative.ca\/International\/wp-json\/wp\/v2\/posts"}],"about":[{"href":"https:\/\/linitiative.ca\/International\/wp-json\/wp\/v2\/types\/post"}],"author":[{"embeddable":true,"href":"https:\/\/linitiative.ca\/International\/wp-json\/wp\/v2\/users\/1788"}],"replies":[{"embeddable":true,"href":"https:\/\/linitiative.ca\/International\/wp-json\/wp\/v2\/comments?post=33798"}],"version-history":[{"count":0,"href":"https:\/\/linitiative.ca\/International\/wp-json\/wp\/v2\/posts\/33798\/revisions"}],"wp:attachment":[{"href":"https:\/\/linitiative.ca\/International\/wp-json\/wp\/v2\/media?parent=33798"}],"wp:term":[{"taxonomy":"category","embeddable":true,"href":"https:\/\/linitiative.ca\/International\/wp-json\/wp\/v2\/categories?post=33798"},{"taxonomy":"post_tag","embeddable":true,"href":"https:\/\/linitiative.ca\/International\/wp-json\/wp\/v2\/tags?post=33798"}],"curies":[{"name":"wp","href":"https:\/\/api.w.org\/{rel}","templated":true}]}}