{"id":33799,"date":"2019-05-11T18:20:52","date_gmt":"2019-05-11T22:20:52","guid":{"rendered":"https:\/\/linitiative.ca\/International\/le-cdrt-participe-a-abidjan-au-10e-forum-de-la-societe-civile-africaine-de-la-bad\/"},"modified":"2019-05-11T18:20:52","modified_gmt":"2019-05-11T22:20:52","slug":"le-cdrt-participe-a-abidjan-au-10e-forum-de-la-societe-civile-africaine-de-la-bad","status":"publish","type":"post","link":"https:\/\/linitiative.ca\/International\/le-cdrt-participe-a-abidjan-au-10e-forum-de-la-societe-civile-africaine-de-la-bad\/","title":{"rendered":"Le CDRT participe \u00e0 Abidjan au 10\u00e8 Forum de la soci\u00e9t\u00e9 civile africaine de la BAD"},"content":{"rendered":"<div readability=\"35\">\n<p>Abidjan \u2013 Le Centre de d\u00e9veloppement de la r\u00e9gion de Tensift (CDRT) a pris part au 10\u00e8me Forum de la soci\u00e9t\u00e9 civile africaine, organis\u00e9 du 06 au 09 mai par la Banque africaine de d\u00e9veloppement (BAD) dans la capitale \u00e9conomique ivoirienne Abidjan.<\/p>\n<\/div>\n<div readability=\"94\">\n<p>La BAD avait choisi le\u00a0CDRT, association reconnue d\u2019utilit\u00e9 publique et membre observateur de la convention cadre des Nations Unies sur les Changements Climatique, pour repr\u00e9senter la soci\u00e9t\u00e9 civile de toute la r\u00e9gion Afrique du Nord durant les ann\u00e9es 2019 et 2020.<\/p>\n<p>A l\u2019occasion de sa participation au Forum de la BAD, plac\u00e9 sous le th\u00e8me \u00ab\u00a0L\u2019int\u00e9gration r\u00e9gionale pour le d\u00e9veloppement \u00e9conomique de l\u2019Afrique\u00a0\u00bb, le\u00a0CDRT\u00a0a initi\u00e9 une session sur \u00ab\u00a0Comment engager la jeunesse dans l\u2019acc\u00e9l\u00e9ration de l\u2019int\u00e9gration r\u00e9gionale\u00a0\u00bb.<\/p>\n<p>Dans une d\u00e9claration \u00e0 la MAP, le pr\u00e9sident du\u00a0CDRT, Ahmed Chehbouni, a soulign\u00e9 que l\u2019objectif sous-tendant l\u2019organisation de cette session est de montrer aux jeunes africains leaders de la soci\u00e9t\u00e9 civile que \u00ab\u00a0le Maroc est bien engag\u00e9 dans cette voie de l\u2019int\u00e9gration par l\u2019implication grandissante de ses entreprises, ses universit\u00e9s et institutions bancaires\u00a0\u00bb.<\/p>\n<p>\u00ab\u00a0A cela s\u2019ajoute la volont\u00e9 politique du Maroc, exprim\u00e9e par SM le Roi Mohammed VI \u00e0 maintes reprises, de jouer pleinement son r\u00f4le en tant que l\u2019un des piliers de la cr\u00e9ation de l\u2019Organisation de l\u2019Unit\u00e9 africaine\u00a0\u00bb, a-t-il aout\u00e9.<\/p>\n<p>Cette ann\u00e9e, a-t-il fait savoir, le\u00a0CDRT\u00a0avec ses partenaires va organiser une deuxi\u00e8me universit\u00e9 pour les jeunes leaders de la soci\u00e9t\u00e9 civile africaine, du 25 au 28 Juillet prochain, \u00e0 l\u2019universit\u00e9 Mohammed VI polytechnique de Benguerir (r\u00e9gion de Marrakech). Le th\u00e8me choisi est \u00ab\u00a0Jeunes, innovation et d\u00e9veloppement de l\u2019Afrique\u00a0\u00bb.<\/p>\n<p>Revenant sur l\u2019importance du 10\u00e8me Forum de la soci\u00e9t\u00e9 civile africaine, M. Chehbouni a relev\u00e9 que lors de ce rassemblement, l\u2019accent a \u00e9t\u00e9 mis sur la n\u00e9cessit\u00e9 de renforcer les liens entre la BAD et la soci\u00e9t\u00e9 civile pour favoriser plus d\u2019efficacit\u00e9 et d\u2019efficience pour les projets de la banque dans diff\u00e9rents pays.<\/p>\n<p>Pour la BAD, a-t-il fait remarquer, les associations ont l\u2019avantage de proximit\u00e9 avec les communaut\u00e9s, ce qui permet de savoir si un tel projet est pertinent ou non pour ces communaut\u00e9s.<\/p>\n<p>A noter que le\u00a0CDRT, qui a \u00e9t\u00e9 s\u00e9lectionn\u00e9 en tant que membre du Comit\u00e9 \u00ab\u00a0BAD-Soci\u00e9t\u00e9 civile\u00a0\u00bb, oeuvre \u00ab\u00a0pour stimuler la communication et construire une collaboration solide avec la communaut\u00e9 de la soci\u00e9t\u00e9 civile africaine, \u00e0 servir de comit\u00e9 de conseil pour la Banque panafricaine\u00a0\u00bb.<\/p>\n<p>Au terme de cette 10\u00e8me \u00e9dition, les associations participantes ont adopt\u00e9 un communiqu\u00e9 final qui appelle \u00e0 la mobilisation g\u00e9n\u00e9rale pour la contribution financi\u00e8re au 15\u00e8me Fonds de D\u00e9veloppement Africain en vue de venir en aide aux pays africains les plus d\u00e9munis.<\/p>\n<\/div>\n<p>Auteur: Meriem IGASS<br \/>\n<a href=\"http:\/\/www.mapmarrakech.ma\/fr\/le-cdrt-participe-a-abidjan-au-10e-forum-de-la-societe-civile-africaine-de-la-bad\/\">Cliquez ici pour lire l&rsquo;article depuis sa source.<\/a><\/p>\n","protected":false},"excerpt":{"rendered":"<p>Abidjan \u2013 Le Centre de d\u00e9veloppement de la r\u00e9gion de Tensift (CDRT) a pris part au 10\u00e8me Forum de la soci\u00e9t\u00e9 civile africaine, organis\u00e9 du 06 au 09 mai par la Banque africaine de d\u00e9veloppement (BAD) dans la capitale \u00e9conomique ivoirienne Abidjan. La BAD avait choisi le\u00a0CDRT, association reconnue d\u2019utilit\u00e9 publique et membre observateur de [&hellip;]<\/p>\n","protected":false},"author":1788,"featured_media":0,"comment_status":"closed","ping_status":"closed","sticky":false,"template":"","format":"standard","meta":{"fifu_image_url":"","fifu_image_alt":"","footnotes":""},"categories":[54,76],"tags":[],"class_list":["post-33799","post","type-post","status-publish","format-standard","hentry","category-maroc","category-regions"],"_links":{"self":[{"href":"https:\/\/linitiative.ca\/International\/wp-json\/wp\/v2\/posts\/33799","targetHints":{"allow":["GET"]}}],"collection":[{"href":"https:\/\/linitiative.ca\/International\/wp-json\/wp\/v2\/posts"}],"about":[{"href":"https:\/\/linitiative.ca\/International\/wp-json\/wp\/v2\/types\/post"}],"author":[{"embeddable":true,"href":"https:\/\/linitiative.ca\/International\/wp-json\/wp\/v2\/users\/1788"}],"replies":[{"embeddable":true,"href":"https:\/\/linitiative.ca\/International\/wp-json\/wp\/v2\/comments?post=33799"}],"version-history":[{"count":0,"href":"https:\/\/linitiative.ca\/International\/wp-json\/wp\/v2\/posts\/33799\/revisions"}],"wp:attachment":[{"href":"https:\/\/linitiative.ca\/International\/wp-json\/wp\/v2\/media?parent=33799"}],"wp:term":[{"taxonomy":"category","embeddable":true,"href":"https:\/\/linitiative.ca\/International\/wp-json\/wp\/v2\/categories?post=33799"},{"taxonomy":"post_tag","embeddable":true,"href":"https:\/\/linitiative.ca\/International\/wp-json\/wp\/v2\/tags?post=33799"}],"curies":[{"name":"wp","href":"https:\/\/api.w.org\/{rel}","templated":true}]}}