{"id":33804,"date":"2019-05-11T16:19:08","date_gmt":"2019-05-11T20:19:08","guid":{"rendered":"https:\/\/linitiative.ca\/International\/province-de-jerada-7-000-menages-beneficiaires-de-loperation-de-soutien-alimentaire-ramadan-1440\/"},"modified":"2019-05-11T16:19:08","modified_gmt":"2019-05-11T20:19:08","slug":"province-de-jerada-7-000-menages-beneficiaires-de-loperation-de-soutien-alimentaire-ramadan-1440","status":"publish","type":"post","link":"https:\/\/linitiative.ca\/International\/province-de-jerada-7-000-menages-beneficiaires-de-loperation-de-soutien-alimentaire-ramadan-1440\/","title":{"rendered":"Province de Jerada: 7.000 m\u00e9nages b\u00e9n\u00e9ficiaires de l\u2019op\u00e9ration de soutien alimentaire \u00ab\u00a0Ramadan 1440\u00a0\u00bb"},"content":{"rendered":"<div class=\"single-featured\"><img alt=\"\u0622\u0644\u0627\u0641 \u0623\u0633\u0631\u0629 \u062a\u0633\u062a\u0641\u064a\u062f \u0645\u0646 \u0639\u0645\u0644\u064a\u0629 \u0627\u0644\u062f\u0639\u0645 \u0627\u0644\u063a\u0630\u0627\u0626\u064a\"\u0631\u0645\u0636\u0627\u0646 1440\"\" data-src=\"http:\/\/www.mapoujda.ma\/map\/uploads\/2019\/05\/l\u2019op\u00e9ration-Ramadan-1440-\u00e0-Jerada.jpg\"\/><\/div>\n<div class=\"single-post-excerpt post-excerpt-bc\" readability=\"35\">\n<p>Quelque 7.000 m\u00e9nages au niveau de la province de Jerada b\u00e9n\u00e9ficient de l\u2019op\u00e9ration nationale de soutien alimentaire \u00ab\u00a0Ramadan 1440\u00a0\u00bb, initi\u00e9e par la Fondation Mohammed V pour la Solidarit\u00e9.<\/p>\n<\/div>\n<div class=\"entry-content clearfix single-post-content\" readability=\"66\">\n<p>Cette op\u00e9ration, dont le coup d\u2019envoi a \u00e9t\u00e9 donn\u00e9, samedi \u00e0 la commune de Ain b\u00e9ni Mathar, par le gouverneur de la province de Jerada, Mabrouk Tabet, cible notamment les cat\u00e9gories sociales les plus d\u00e9munies en milieu urbain et rural.<\/p>\n<p>Au niveau de cette province, l\u2019op\u00e9ration profitera \u00e0 4.550 familles issues du monde rural, en plus de 2.450 m\u00e9nages du milieu urbain.<\/p>\n<p>A l\u2019\u00e9chelle nationale, l\u2019op\u00e9ration \u00a0\u00bbRamadan 1440\u2033 mobilise une enveloppe budg\u00e9taire de 70,242 MDH et b\u00e9n\u00e9ficie \u00e0 plus de 2,5 millions de personnes, \u00e9tablies dans 83 provinces et pr\u00e9fectures du Royaume et regroup\u00e9es au sein de 500.300 m\u00e9nages, dont 402.238 vivent en milieu rural.<\/p>\n<p>Organis\u00e9e avec le soutien des minist\u00e8res de l\u2019Int\u00e9rieur (Direction G\u00e9n\u00e9rale des Collectivit\u00e9s Locales) et des Habous et des Affaires islamiques, la 20-\u00e8me \u00e9dition de cette op\u00e9ration nationale traduit la sollicitude royale constante envers les personnes d\u00e9munies et vient consacrer les valeurs d\u2019humanit\u00e9, de solidarit\u00e9, d\u2019entraide et de partage caract\u00e9ristiques de la soci\u00e9t\u00e9 marocaine.<\/p>\n<p>Elle s\u2019inscrit en droite ligne du programme humanitaire men\u00e9 par la Fondation Mohammed V pour la Solidarit\u00e9 et ayant pour objectif d\u2019apporter soutien aux personnes qui en ont le plus besoin, tout en valorisant la culture de solidarit\u00e9.<\/p>\n<\/div>\n<p>Auteur: Soufiane ELAHMAR<br \/>\n<a href=\"http:\/\/www.mapoujda.ma\/fr\/province-de-jerada-7-000-menages-beneficiaires-de-loperation-de-soutien-alimentaire-ramadan-1440\/\">Cliquez ici pour lire l&rsquo;article depuis sa source.<\/a><\/p>\n","protected":false},"excerpt":{"rendered":"<p>Quelque 7.000 m\u00e9nages au niveau de la province de Jerada b\u00e9n\u00e9ficient de l\u2019op\u00e9ration nationale de soutien alimentaire \u00ab\u00a0Ramadan 1440\u00a0\u00bb, initi\u00e9e par la Fondation Mohammed V pour la Solidarit\u00e9. Cette op\u00e9ration, dont le coup d\u2019envoi a \u00e9t\u00e9 donn\u00e9, samedi \u00e0 la commune de Ain b\u00e9ni Mathar, par le gouverneur de la province de Jerada, Mabrouk Tabet, [&hellip;]<\/p>\n","protected":false},"author":1788,"featured_media":33805,"comment_status":"closed","ping_status":"closed","sticky":false,"template":"","format":"standard","meta":{"fifu_image_url":"","fifu_image_alt":"","footnotes":""},"categories":[54,76],"tags":[],"class_list":["post-33804","post","type-post","status-publish","format-standard","has-post-thumbnail","hentry","category-maroc","category-regions"],"_links":{"self":[{"href":"https:\/\/linitiative.ca\/International\/wp-json\/wp\/v2\/posts\/33804","targetHints":{"allow":["GET"]}}],"collection":[{"href":"https:\/\/linitiative.ca\/International\/wp-json\/wp\/v2\/posts"}],"about":[{"href":"https:\/\/linitiative.ca\/International\/wp-json\/wp\/v2\/types\/post"}],"author":[{"embeddable":true,"href":"https:\/\/linitiative.ca\/International\/wp-json\/wp\/v2\/users\/1788"}],"replies":[{"embeddable":true,"href":"https:\/\/linitiative.ca\/International\/wp-json\/wp\/v2\/comments?post=33804"}],"version-history":[{"count":0,"href":"https:\/\/linitiative.ca\/International\/wp-json\/wp\/v2\/posts\/33804\/revisions"}],"wp:featuredmedia":[{"embeddable":true,"href":"https:\/\/linitiative.ca\/International\/wp-json\/"}],"wp:attachment":[{"href":"https:\/\/linitiative.ca\/International\/wp-json\/wp\/v2\/media?parent=33804"}],"wp:term":[{"taxonomy":"category","embeddable":true,"href":"https:\/\/linitiative.ca\/International\/wp-json\/wp\/v2\/categories?post=33804"},{"taxonomy":"post_tag","embeddable":true,"href":"https:\/\/linitiative.ca\/International\/wp-json\/wp\/v2\/tags?post=33804"}],"curies":[{"name":"wp","href":"https:\/\/api.w.org\/{rel}","templated":true}]}}