{"id":33808,"date":"2019-05-12T11:22:29","date_gmt":"2019-05-12T15:22:29","guid":{"rendered":"https:\/\/linitiative.ca\/International\/des-immigres-irreguliers-subsahariens-prennent-dassaut-la-cloture-du-preside-occupe-de-mellilia\/"},"modified":"2019-05-12T11:22:29","modified_gmt":"2019-05-12T15:22:29","slug":"des-immigres-irreguliers-subsahariens-prennent-dassaut-la-cloture-du-preside-occupe-de-mellilia","status":"publish","type":"post","link":"https:\/\/linitiative.ca\/International\/des-immigres-irreguliers-subsahariens-prennent-dassaut-la-cloture-du-preside-occupe-de-mellilia\/","title":{"rendered":"Des immigr\u00e9s irr\u00e9guliers subsahariens prennent d\u2019assaut la cl\u00f4ture du pr\u00e9side occup\u00e9 de Mellilia"},"content":{"rendered":"<div class=\"single-featured\"><img alt=\"\" data-src=\"http:\/\/www.mapoujda.ma\/map\/uploads\/2019\/05\/Des-immigr\u00e9s-irr\u00e9guliers-\u00e0-Mellilia.jpg\"\/><\/div>\n<div class=\"single-post-excerpt post-excerpt-bc\" readability=\"41\">\n<p>Un groupe d\u2019immigr\u00e9s irr\u00e9guliers, issus de pays de l\u2019Afrique subsaharienne, ont pris d\u2019assaut, dimanche matin, la cl\u00f4ture s\u00e9parant le pr\u00e9side occup\u00e9 de Melillia au niveau de la zone Ouled M\u2019hammed, relevant de la commune Beni Ansar (province de Nador), a-t-on appris aupr\u00e8s des autorit\u00e9s locales de Nador.<\/p>\n<\/div>\n<div class=\"entry-content clearfix single-post-content\" readability=\"43\">\n<p>Les Forces publiques sont intervenues pour mettre en \u00e9chec cette op\u00e9ration, arr\u00eatant 40 immigr\u00e9s ill\u00e9gaux, au moment o\u00f9 50 autres ont r\u00e9ussi \u00e0 franchir la barri\u00e8re, a-t-on pr\u00e9cis\u00e9 de m\u00eame source.<\/p>\n<p>Lors de cette op\u00e9ration, 7 \u00e9l\u00e9ments des forces publiques et deux Subsahariens ont \u00e9t\u00e9 bless\u00e9s et transf\u00e9r\u00e9s par la suite \u00e0 l\u2019h\u00f4pital provincial de Nador pour recevoir les soins n\u00e9cessaires, a-t-on ajout\u00e9.<\/p>\n<\/div>\n<p>Auteur: Soufiane ELAHMAR<br \/>\n<a href=\"http:\/\/www.mapoujda.ma\/fr\/des-immigres-irreguliers-subsahariens-prennent-dassaut-la-cloture-du-preside-occupe-de-mellilia\/\">Cliquez ici pour lire l&rsquo;article depuis sa source.<\/a><\/p>\n","protected":false},"excerpt":{"rendered":"<p>Un groupe d\u2019immigr\u00e9s irr\u00e9guliers, issus de pays de l\u2019Afrique subsaharienne, ont pris d\u2019assaut, dimanche matin, la cl\u00f4ture s\u00e9parant le pr\u00e9side occup\u00e9 de Melillia au niveau de la zone Ouled M\u2019hammed, relevant de la commune Beni Ansar (province de Nador), a-t-on appris aupr\u00e8s des autorit\u00e9s locales de Nador. Les Forces publiques sont intervenues pour mettre en [&hellip;]<\/p>\n","protected":false},"author":1788,"featured_media":33809,"comment_status":"closed","ping_status":"closed","sticky":false,"template":"","format":"standard","meta":{"fifu_image_url":"","fifu_image_alt":"","footnotes":""},"categories":[54,76],"tags":[],"class_list":["post-33808","post","type-post","status-publish","format-standard","has-post-thumbnail","hentry","category-maroc","category-regions"],"_links":{"self":[{"href":"https:\/\/linitiative.ca\/International\/wp-json\/wp\/v2\/posts\/33808","targetHints":{"allow":["GET"]}}],"collection":[{"href":"https:\/\/linitiative.ca\/International\/wp-json\/wp\/v2\/posts"}],"about":[{"href":"https:\/\/linitiative.ca\/International\/wp-json\/wp\/v2\/types\/post"}],"author":[{"embeddable":true,"href":"https:\/\/linitiative.ca\/International\/wp-json\/wp\/v2\/users\/1788"}],"replies":[{"embeddable":true,"href":"https:\/\/linitiative.ca\/International\/wp-json\/wp\/v2\/comments?post=33808"}],"version-history":[{"count":0,"href":"https:\/\/linitiative.ca\/International\/wp-json\/wp\/v2\/posts\/33808\/revisions"}],"wp:featuredmedia":[{"embeddable":true,"href":"https:\/\/linitiative.ca\/International\/wp-json\/"}],"wp:attachment":[{"href":"https:\/\/linitiative.ca\/International\/wp-json\/wp\/v2\/media?parent=33808"}],"wp:term":[{"taxonomy":"category","embeddable":true,"href":"https:\/\/linitiative.ca\/International\/wp-json\/wp\/v2\/categories?post=33808"},{"taxonomy":"post_tag","embeddable":true,"href":"https:\/\/linitiative.ca\/International\/wp-json\/wp\/v2\/tags?post=33808"}],"curies":[{"name":"wp","href":"https:\/\/api.w.org\/{rel}","templated":true}]}}