{"id":33814,"date":"2019-05-12T15:14:06","date_gmt":"2019-05-12T19:14:06","guid":{"rendered":"https:\/\/linitiative.ca\/International\/international-une-saison-de-plus-pour-les-deux-joueurs\/"},"modified":"2019-05-12T15:14:06","modified_gmt":"2019-05-12T19:14:06","slug":"international-une-saison-de-plus-pour-les-deux-joueurs","status":"publish","type":"post","link":"https:\/\/linitiative.ca\/International\/international-une-saison-de-plus-pour-les-deux-joueurs\/","title":{"rendered":"International : Une saison de plus pour les deux joueurs ?"},"content":{"rendered":"<div readability=\"32\">\n<p>Auteur : <span class=\"time\">dimanche 12 mai 2019 15:15<\/span><\/p>\n<\/div>\n<div id=\"post_core\" readability=\"47\">\n<p>Le premier qui vient de refuser le poste de doublure au FC Barcelone aurait des touches en Angleterre. Li\u00e9 jusqu\u2019en juin 2022 avec les Lanciers, il aurait confi\u00e9 qu\u2019il quitterait le club seulement pour rejoindre un cador europ\u00e9en avec une place de num\u00e9ro 1. En attendant, il se verrait bien rester une saison de plus.<\/p>\n<p>Concernant l\u2019international br\u00e9silien de 22 ans, il fait l\u2019objet d\u2019une offre de 40 millions d\u2019euros cet hiver de la part d\u2019un club chinois. Selon Les-Transferts, lui aussi devrait rester une saison de plus. En \u00e9change, le club n\u00e9erlandais est dispos\u00e9 \u00e0 leur offrir un bon de sortie pour l\u2019\u00e9t\u00e9 2020.<\/p>\n<p><strong>Publi\u00e9 dans :<\/strong> <span>Ajax<\/span> <span>Neres<\/span> <span>Onana<\/span><\/p>\n<\/div>\n<p>Auteur:<br \/>\n<a href=\"http:\/\/www.lebuteur.com\/article\/detail?titre=une-saison-de-plus-pour-les-deux-joueurs&#038;id=88739&#038;utm_source=feedburner&#038;utm_medium=feed&#038;utm_campaign=Feed%3A+GalerieFArtciles+%28Les+derniers+articles++-+lebuteur.com%29\">Cliquez ici pour lire l&rsquo;article depuis sa source.<\/a><\/p>\n","protected":false},"excerpt":{"rendered":"<p>Auteur : dimanche 12 mai 2019 15:15 Le premier qui vient de refuser le poste de doublure au FC Barcelone aurait des touches en Angleterre. Li\u00e9 jusqu\u2019en juin 2022 avec les Lanciers, il aurait confi\u00e9 qu\u2019il quitterait le club seulement pour rejoindre un cador europ\u00e9en avec une place de num\u00e9ro 1. En attendant, il se [&hellip;]<\/p>\n","protected":false},"author":1738,"featured_media":33815,"comment_status":"closed","ping_status":"closed","sticky":false,"template":"","format":"standard","meta":{"fifu_image_url":"","fifu_image_alt":"","footnotes":""},"categories":[53,75],"tags":[],"class_list":["post-33814","post","type-post","status-publish","format-standard","has-post-thumbnail","hentry","category-algerie","category-sport"],"_links":{"self":[{"href":"https:\/\/linitiative.ca\/International\/wp-json\/wp\/v2\/posts\/33814","targetHints":{"allow":["GET"]}}],"collection":[{"href":"https:\/\/linitiative.ca\/International\/wp-json\/wp\/v2\/posts"}],"about":[{"href":"https:\/\/linitiative.ca\/International\/wp-json\/wp\/v2\/types\/post"}],"author":[{"embeddable":true,"href":"https:\/\/linitiative.ca\/International\/wp-json\/wp\/v2\/users\/1738"}],"replies":[{"embeddable":true,"href":"https:\/\/linitiative.ca\/International\/wp-json\/wp\/v2\/comments?post=33814"}],"version-history":[{"count":0,"href":"https:\/\/linitiative.ca\/International\/wp-json\/wp\/v2\/posts\/33814\/revisions"}],"wp:featuredmedia":[{"embeddable":true,"href":"https:\/\/linitiative.ca\/International\/wp-json\/"}],"wp:attachment":[{"href":"https:\/\/linitiative.ca\/International\/wp-json\/wp\/v2\/media?parent=33814"}],"wp:term":[{"taxonomy":"category","embeddable":true,"href":"https:\/\/linitiative.ca\/International\/wp-json\/wp\/v2\/categories?post=33814"},{"taxonomy":"post_tag","embeddable":true,"href":"https:\/\/linitiative.ca\/International\/wp-json\/wp\/v2\/tags?post=33814"}],"curies":[{"name":"wp","href":"https:\/\/api.w.org\/{rel}","templated":true}]}}