{"id":33829,"date":"2019-05-12T15:14:16","date_gmt":"2019-05-12T19:14:16","guid":{"rendered":"https:\/\/linitiative.ca\/International\/pros-mahrez-je-connais-ma-valeur-et-je-savais-que-je-devais-lutter-pour-jouer\/"},"modified":"2019-05-12T15:14:16","modified_gmt":"2019-05-12T19:14:16","slug":"pros-mahrez-je-connais-ma-valeur-et-je-savais-que-je-devais-lutter-pour-jouer","status":"publish","type":"post","link":"https:\/\/linitiative.ca\/International\/pros-mahrez-je-connais-ma-valeur-et-je-savais-que-je-devais-lutter-pour-jouer\/","title":{"rendered":"Pros : Mahrez : \u00abJe connais ma valeur, et je savais que je devais lutter pour jouer\u00bb"},"content":{"rendered":"<div readability=\"32\">\n<p>Auteur : <span class=\"time\">dimanche 12 mai 2019 18:58<\/span><\/p>\n<\/div>\n<div id=\"post_core\" readability=\"38\">\n<p>Riyad Mahrez s\u2019est montr\u00e9 tr\u00e8s content apr\u00e8s la cons\u00e9cration de Manchester City aujourd\u2019hui en Premier League. Evoquant ses difficult\u00e9s lors de sa premi\u00e8re saison sous le maillot des Citizens, le joueur Alg\u00e9rien a d\u00e9clar\u00e9 \u00e0 beIN Sports:\u00a0\u00abJe connais ma valeur footbalistique. Ici \u00e0 Manchester City, il y\u2019a beaucoup de joueurs de qualit\u00e9. En signant ici, je savais que je devais lutter pour jouer.\u00bb<\/p>\n<p><strong>Publi\u00e9 dans :<\/strong> <span>Mahrez<\/span><\/p>\n<\/div>\n<p>Auteur:<br \/>\n<a href=\"http:\/\/www.lebuteur.com\/article\/detail?titre=mahrez-je-connais-ma-valeur-et-je-savais-que-je-devais-lutter-pour-jouer&#038;id=88747&#038;utm_source=feedburner&#038;utm_medium=feed&#038;utm_campaign=Feed%3A+GalerieFArtciles+%28Les+derniers+articles++-+lebuteur.com%29\">Cliquez ici pour lire l&rsquo;article depuis sa source.<\/a><\/p>\n","protected":false},"excerpt":{"rendered":"<p>Auteur : dimanche 12 mai 2019 18:58 Riyad Mahrez s\u2019est montr\u00e9 tr\u00e8s content apr\u00e8s la cons\u00e9cration de Manchester City aujourd\u2019hui en Premier League. Evoquant ses difficult\u00e9s lors de sa premi\u00e8re saison sous le maillot des Citizens, le joueur Alg\u00e9rien a d\u00e9clar\u00e9 \u00e0 beIN Sports:\u00a0\u00abJe connais ma valeur footbalistique. Ici \u00e0 Manchester City, il y\u2019a beaucoup [&hellip;]<\/p>\n","protected":false},"author":1738,"featured_media":33830,"comment_status":"closed","ping_status":"closed","sticky":false,"template":"","format":"standard","meta":{"fifu_image_url":"","fifu_image_alt":"","footnotes":""},"categories":[53,75],"tags":[],"class_list":["post-33829","post","type-post","status-publish","format-standard","has-post-thumbnail","hentry","category-algerie","category-sport"],"_links":{"self":[{"href":"https:\/\/linitiative.ca\/International\/wp-json\/wp\/v2\/posts\/33829","targetHints":{"allow":["GET"]}}],"collection":[{"href":"https:\/\/linitiative.ca\/International\/wp-json\/wp\/v2\/posts"}],"about":[{"href":"https:\/\/linitiative.ca\/International\/wp-json\/wp\/v2\/types\/post"}],"author":[{"embeddable":true,"href":"https:\/\/linitiative.ca\/International\/wp-json\/wp\/v2\/users\/1738"}],"replies":[{"embeddable":true,"href":"https:\/\/linitiative.ca\/International\/wp-json\/wp\/v2\/comments?post=33829"}],"version-history":[{"count":0,"href":"https:\/\/linitiative.ca\/International\/wp-json\/wp\/v2\/posts\/33829\/revisions"}],"wp:featuredmedia":[{"embeddable":true,"href":"https:\/\/linitiative.ca\/International\/wp-json\/"}],"wp:attachment":[{"href":"https:\/\/linitiative.ca\/International\/wp-json\/wp\/v2\/media?parent=33829"}],"wp:term":[{"taxonomy":"category","embeddable":true,"href":"https:\/\/linitiative.ca\/International\/wp-json\/wp\/v2\/categories?post=33829"},{"taxonomy":"post_tag","embeddable":true,"href":"https:\/\/linitiative.ca\/International\/wp-json\/wp\/v2\/tags?post=33829"}],"curies":[{"name":"wp","href":"https:\/\/api.w.org\/{rel}","templated":true}]}}