{"id":33834,"date":"2019-05-12T15:19:06","date_gmt":"2019-05-12T19:19:06","guid":{"rendered":"https:\/\/linitiative.ca\/International\/laffaire-des-conservateurs-fonciers-kamel-chikhi-devant-le-tribunal-le-22-mai\/"},"modified":"2019-05-12T15:19:06","modified_gmt":"2019-05-12T19:19:06","slug":"laffaire-des-conservateurs-fonciers-kamel-chikhi-devant-le-tribunal-le-22-mai","status":"publish","type":"post","link":"https:\/\/linitiative.ca\/International\/laffaire-des-conservateurs-fonciers-kamel-chikhi-devant-le-tribunal-le-22-mai\/","title":{"rendered":"l\u2019affaire des conservateurs fonciers :  Kamel Chikhi devant  le tribunal le 22 mai"},"content":{"rendered":"<p>Le pr\u00e9venu Kamel Chikhi, dit \u00abel boucher\u00bb, compara\u00eetra le 22 mai devant le Tribunal correctionnel de Sidi M&rsquo;hammed (Alger) dans l&rsquo;affaire des conservateurs fonciers.\u00a0<\/p>\n<p>L&rsquo;affaire concerne les documents, livrets fonciers et actes de propri\u00e9t\u00e9 relatifs \u00e0 la soci\u00e9t\u00e9 de \u00abKamel El Boucher\u00bb.\u00a0<\/p>\n<p>Le pr\u00e9venu, en d\u00e9tention provisoire, est poursuivi avec 12 autres pr\u00e9venus dans 4 affaires, dont celle du trafic de coca\u00efne qui \u00abn&rsquo;est pas encore enr\u00f4l\u00e9e\u00bb, a-t-on pr\u00e9cis\u00e9.<\/p>\n<p>\u00a0L&rsquo;ex-ministre de la Justice avait indiqu\u00e9 que l&rsquo;enqu\u00eate instruite dans l&rsquo;affaire de saisie de plus de 700 kg de coca\u00efne au port d&rsquo;Oran avait r\u00e9v\u00e9l\u00e9 l&rsquo;implication de plusieurs personnes dans des faits li\u00e9s \u00e0 la corruption et pots-de-vin vers\u00e9s en contrepartie de facilitations.\u00a0<\/p>\n<p>L&rsquo;enqu\u00eate pr\u00e9liminaire s&rsquo;est sold\u00e9e par le d\u00e9f\u00e8rement de suspects devant la justice pour corruption et pots-de-vin vers\u00e9s en contrepartie de facilitations au profit du principal accus\u00e9 dans l&rsquo;affaire de coca\u00efne, mais dans le cadre d&rsquo;une autre mission et d&rsquo;une autre activit\u00e9 (promotion immobili\u00e8re), a-t-il ajout\u00e9.\u00a0<\/p>\n<p>Par ailleurs, l&rsquo;ex-pr\u00e9sident du Forum des chefs d&rsquo;entreprises (FCE), Ali Haddad, compara\u00eetra devant le Tribunal correctionnel de Bir Mourad Rais pour faux et usage de faux, a-t-on appris aupr\u00e8s de son avocat Me Khaled Bourayou.<\/p>\n<p>\u00a0\u00abM. Haddad est poursuivi pour faux et usage de faux dans l&rsquo;affaire des passeports\u00bb, a fait savoir Me Bourayou sans donner plus de pr\u00e9cisions.\u00a0<\/p>\n<p>Pour rappel, l\u2019ex-pr\u00e9sident du FCE avait \u00e9t\u00e9 appr\u00e9hend\u00e9, au poste frontalier Oum T\u00e9boul (El Tarf) s&rsquo;appr\u00eatant \u00e0 quitter le territoire national en direction de la Tunisie.\u00a0<\/p>\n<p>Auteur: elmoudjahid<br \/>\n<a href=\"http:\/\/www.elmoudjahid.com\/fr\/actualites\/136835\">Cliquez ici pour lire l&rsquo;article depuis sa source.<\/a><\/p>\n","protected":false},"excerpt":{"rendered":"<p>Le pr\u00e9venu Kamel Chikhi, dit \u00abel boucher\u00bb, compara\u00eetra le 22 mai devant le Tribunal correctionnel de Sidi M&rsquo;hammed (Alger) dans l&rsquo;affaire des conservateurs fonciers.\u00a0 L&rsquo;affaire concerne les documents, livrets fonciers et actes de propri\u00e9t\u00e9 relatifs \u00e0 la soci\u00e9t\u00e9 de \u00abKamel El Boucher\u00bb.\u00a0 Le pr\u00e9venu, en d\u00e9tention provisoire, est poursuivi avec 12 autres pr\u00e9venus dans 4 [&hellip;]<\/p>\n","protected":false},"author":1744,"featured_media":0,"comment_status":"closed","ping_status":"closed","sticky":false,"template":"","format":"standard","meta":{"fifu_image_url":"","fifu_image_alt":"","footnotes":""},"categories":[73,53],"tags":[],"class_list":["post-33834","post","type-post","status-publish","format-standard","hentry","category-actualite","category-algerie"],"_links":{"self":[{"href":"https:\/\/linitiative.ca\/International\/wp-json\/wp\/v2\/posts\/33834","targetHints":{"allow":["GET"]}}],"collection":[{"href":"https:\/\/linitiative.ca\/International\/wp-json\/wp\/v2\/posts"}],"about":[{"href":"https:\/\/linitiative.ca\/International\/wp-json\/wp\/v2\/types\/post"}],"author":[{"embeddable":true,"href":"https:\/\/linitiative.ca\/International\/wp-json\/wp\/v2\/users\/1744"}],"replies":[{"embeddable":true,"href":"https:\/\/linitiative.ca\/International\/wp-json\/wp\/v2\/comments?post=33834"}],"version-history":[{"count":0,"href":"https:\/\/linitiative.ca\/International\/wp-json\/wp\/v2\/posts\/33834\/revisions"}],"wp:attachment":[{"href":"https:\/\/linitiative.ca\/International\/wp-json\/wp\/v2\/media?parent=33834"}],"wp:term":[{"taxonomy":"category","embeddable":true,"href":"https:\/\/linitiative.ca\/International\/wp-json\/wp\/v2\/categories?post=33834"},{"taxonomy":"post_tag","embeddable":true,"href":"https:\/\/linitiative.ca\/International\/wp-json\/wp\/v2\/tags?post=33834"}],"curies":[{"name":"wp","href":"https:\/\/api.w.org\/{rel}","templated":true}]}}