{"id":33835,"date":"2019-05-12T15:19:07","date_gmt":"2019-05-12T19:19:07","guid":{"rendered":"https:\/\/linitiative.ca\/International\/mdn\/"},"modified":"2019-05-12T15:19:07","modified_gmt":"2019-05-12T19:19:07","slug":"mdn","status":"publish","type":"post","link":"https:\/\/linitiative.ca\/International\/mdn\/","title":{"rendered":"MDN"},"content":{"rendered":"<p><strong>Boumerd\u00e8s\u00a0<\/strong><\/p>\n<p><strong>Identification de l\u2019un des deux terroristes abattus samedi<\/strong><\/p>\n<div readability=\"38.5\">\n<p>Un des deux dangereux terroristes abattus hier, lors d&rsquo;une op\u00e9ration de ratissage men\u00e9e pr\u00e8s de Dellys, dans la wilaya de Boumerd\u00e8s, par un d\u00e9tachement de l\u2019Arm\u00e9e nationale populaire a \u00e9t\u00e9 identifi\u00e9, annonce le minist\u00e8re de la D\u00e9fense nationale.\u00a0<\/p>\n<p>Il s\u2019agit de Masrour Rachid alias \u00abKhatab\u00bb qui avait ralli\u00e9 les groupes terroristes en 2008. Le processus d\u2019identification du second terroriste est toujours en cours. Dans le m\u00eame contexte et suite \u00e0 l\u2019op\u00e9ration dans la zone d\u2019Oued El K\u2019sab, wilaya de A\u00efn Defla (1re RM), un d\u00e9tachement de l\u2019ANP a d\u00e9truit sept casemates, un atelier de fabrication d\u2019explosifs, une bombe de confection artisanale, des outils de d\u00e9tonation, une paire de jumelles, des vivres et des m\u00e9dicaments. D\u2019autres d\u00e9tachements ont arr\u00eat\u00e9, \u00e0 Tamanrasset et Bordj Badji Mokhtar (6e RM), 8 orpailleurs et saisi des \u00e9quipements d\u2019orpaillage, tandis qu\u2019un autre d\u00e9tachement et des \u00e9l\u00e9ments de la Gendarmerie nationale ont intercept\u00e9, \u00e0 Oum El Bouaghi (5e RM), deux individus en possession de 1.500 cartouches. En outre, des Garde-c\u00f4tes ont d\u00e9jou\u00e9, \u00e0 Oran (2e RM), une tentative d\u2019\u00e9migration clandestine de 18 personnes, tandis que 63 immigrants clandestins ont \u00e9t\u00e9 intercept\u00e9s \u00e0 Tlemcen et 14 autres \u00e0 Tamanrasset.\u00a0<\/p>\n<div readability=\"14\">\n<p><strong>Tizi Ouzou<\/strong><\/p>\n<p><strong>Un terroriste abattu\u00a0<\/strong><\/p>\n<p>Un d\u00e9tachement de l&rsquo;Arm\u00e9e nationale populaire a abattu, hier, dans la localit\u00e9 de Zra\u00efb pr\u00e8s de Yakour\u00e8ne, \u00e0 Azazga, un terroriste et r\u00e9cup\u00e9r\u00e9 un pistolet-mitrailleur, deux chargeurs et une paire de jumelles.\u00a0<\/p>\n<\/div>\n<\/div>\n<p>Auteur: elmoudjahid<br \/>\n<a href=\"http:\/\/www.elmoudjahid.com\/fr\/actualites\/136836\">Cliquez ici pour lire l&rsquo;article depuis sa source.<\/a><\/p>\n","protected":false},"excerpt":{"rendered":"<p>Boumerd\u00e8s\u00a0 Identification de l\u2019un des deux terroristes abattus samedi Un des deux dangereux terroristes abattus hier, lors d&rsquo;une op\u00e9ration de ratissage men\u00e9e pr\u00e8s de Dellys, dans la wilaya de Boumerd\u00e8s, par un d\u00e9tachement de l\u2019Arm\u00e9e nationale populaire a \u00e9t\u00e9 identifi\u00e9, annonce le minist\u00e8re de la D\u00e9fense nationale.\u00a0 Il s\u2019agit de Masrour Rachid alias \u00abKhatab\u00bb qui [&hellip;]<\/p>\n","protected":false},"author":1744,"featured_media":0,"comment_status":"closed","ping_status":"closed","sticky":false,"template":"","format":"standard","meta":{"fifu_image_url":"","fifu_image_alt":"","footnotes":""},"categories":[73,53],"tags":[],"class_list":["post-33835","post","type-post","status-publish","format-standard","hentry","category-actualite","category-algerie"],"_links":{"self":[{"href":"https:\/\/linitiative.ca\/International\/wp-json\/wp\/v2\/posts\/33835","targetHints":{"allow":["GET"]}}],"collection":[{"href":"https:\/\/linitiative.ca\/International\/wp-json\/wp\/v2\/posts"}],"about":[{"href":"https:\/\/linitiative.ca\/International\/wp-json\/wp\/v2\/types\/post"}],"author":[{"embeddable":true,"href":"https:\/\/linitiative.ca\/International\/wp-json\/wp\/v2\/users\/1744"}],"replies":[{"embeddable":true,"href":"https:\/\/linitiative.ca\/International\/wp-json\/wp\/v2\/comments?post=33835"}],"version-history":[{"count":0,"href":"https:\/\/linitiative.ca\/International\/wp-json\/wp\/v2\/posts\/33835\/revisions"}],"wp:attachment":[{"href":"https:\/\/linitiative.ca\/International\/wp-json\/wp\/v2\/media?parent=33835"}],"wp:term":[{"taxonomy":"category","embeddable":true,"href":"https:\/\/linitiative.ca\/International\/wp-json\/wp\/v2\/categories?post=33835"},{"taxonomy":"post_tag","embeddable":true,"href":"https:\/\/linitiative.ca\/International\/wp-json\/wp\/v2\/tags?post=33835"}],"curies":[{"name":"wp","href":"https:\/\/api.w.org\/{rel}","templated":true}]}}