{"id":33836,"date":"2019-05-12T15:19:09","date_gmt":"2019-05-12T19:19:09","guid":{"rendered":"https:\/\/linitiative.ca\/International\/entretien-avec-fouad-bouali-entraineur-du-wa-tlemcen-si-la-loi-est-appliquee-cest-le-widad-qui-accedera\/"},"modified":"2019-05-12T15:19:09","modified_gmt":"2019-05-12T19:19:09","slug":"entretien-avec-fouad-bouali-entraineur-du-wa-tlemcen-si-la-loi-est-appliquee-cest-le-widad-qui-accedera","status":"publish","type":"post","link":"https:\/\/linitiative.ca\/International\/entretien-avec-fouad-bouali-entraineur-du-wa-tlemcen-si-la-loi-est-appliquee-cest-le-widad-qui-accedera\/","title":{"rendered":"Entretien avec Fouad Bouali, entra\u00eeneur du WA Tlemcen :  \u00ab Si la loi est appliqu\u00e9e,  c\u2019est le Widad qui acc\u00e8dera \u00bb"},"content":{"rendered":"<p><strong>Que pouvez-vous dire de la d\u00e9cision de la commission de discipline d\u2019avoir valid\u00e9 l\u2019accession de l\u2019ASO ?<\/strong><\/p>\n<p>Il faut tout d\u2019abord savoir qu\u2019au WAT, nous n\u2019avons aucun probl\u00e8me avec nos amis de l\u2019ASO Chlef. Bien au contraire ! On les f\u00e9licite pour leur accession.<\/p>\n<p>\u00a0L\u00e0 n\u2019est pas du tout le probl\u00e8me. Seulement, en raison de ce qui s\u2019est pass\u00e9 et comme tout le monde l\u2019a vu, la r\u00e9glementation en vigueur est en faveur du WAT par rapport aux d\u00e9passements survenus, avec l\u2019envahissement du terrain par des supporters de l\u2019ASO. Donc, je dis que la d\u00e9cision de la commission de discipline, qui a fait comme si de rien n\u2019\u00e9tait, est scandaleuse et injuste.\u00a0<\/p>\n<p><strong>La direction du Widad ne compte certainement pas se taire et rester les bras crois\u00e9s, n\u2019est-ce-pas ?<\/strong><\/p>\n<p>C\u2019est clair. Nos dirigeants sont-l\u00e0 pour d\u00e9fendre les int\u00e9r\u00eats du club qui sont au-dessus de nous tous. Si la r\u00e9glementation nous donne raison, on ne va quand m\u00eame pas priver le WAT de ses droits les plus absolus.\u00a0<\/p>\n<p>La direction du club sous la conduite de notre secr\u00e9taire g\u00e9n\u00e9ral Nassereddine Souleimane, qui a une tr\u00e8s grande et riche exp\u00e9rience en football, a d\u00e9pos\u00e9 un dossier solide. Elle attend la r\u00e9ponse de la FAF apr\u00e8s le recours introduit.\u00a0<\/p>\n<p><strong>\u00a0\u00cates-vous optimiste pour autant ?<\/strong><\/p>\n<p>Cette affaire est tr\u00e8s claire. Si la r\u00e9glementation en vigueur est respect\u00e9e et appliqu\u00e9e, c\u2019est le Widad qui doit acc\u00e9der en Ligue 1. Il y a bien eu envahissement de terrain avant la fin du match par des fans ch\u00e9lifiens qui croyaient que l\u2019arbitre avait siffl\u00e9 la fin du match. Mais, comme tout le monde l\u2019a vu y compris \u00e0 travers les images de la t\u00e9l\u00e9vision alg\u00e9rienne qui transmettait la rencontre en direct que tel n\u2019\u00e9tait pas le cas.\u00a0<\/p>\n<p>L\u2019arbitre avait siffl\u00e9 faute en faveur des Ch\u00e9lifiens. Il restait un peu de temps de jeu. Les joueurs de l\u2019ASO ont tent\u00e9 de faire revenir les supporters en question, h\u00e9las pour eux sans r\u00e9ussite. C\u2019est dans cette anarchie g\u00e9n\u00e9rale, que l\u2019arbitre a siffl\u00e9 la fin du match juste apr\u00e8s. Ce qui est contraire \u00e0 la loi. On ne siffle pas la fin d\u2019un match alors qu\u2019il restait du temps de jeu et que le terrain \u00e9tait envahi par des supporters de l\u2019\u00e9quipe locale.<\/p>\n<p><strong>Des voix s\u2019\u00e9l\u00e8vent pour vous accuser ainsi que vos dirigeants de vouloir chercher des alibis alors que vous aviez rat\u00e9 l\u2019accession \u00e0 domicile face \u00e0 l\u2019USB qui vous battu, avant le d\u00e9placement \u00e0 Chlef\u2026\u00a0<\/strong><\/p>\n<p>Pourquoi veut-on lier des choses qui n\u2019ont rien \u00e0 voir avec ce dossier et cette fin de match en queue de poison lors de la confrontation ASO-WAT ? Si on a perdu chez nous devant Biskra, alors qu\u2019il s\u2019agissait d\u2019un match d\u00e9cisif pour nous, cela prouve bien qu\u2019on a \u00e9t\u00e9 fair-play avec l\u2019adversaire et qu\u2019on n\u2019a pas utilis\u00e9 de proc\u00e9d\u00e9s extra-sportifs comme le font certains. Cela n\u2019est ni de nos habitudes, ni de notre culture, ni de notre \u00e9ducation. Biskra nous a battus sur le terrain, c\u2019est \u00e0 son honneur. Il nous restait le match contre l\u2019ASO \u00e0 Chlef, pour assurer notre retour en Ligue 1. Sans le comportement de certains supporters abrutis, comme ils en existent partout dans nos stades, qui ont envahi le terrain, et qui mettent en p\u00e9ril l\u2019accession de leur \u00e9quipe, l\u2019ASO ne serait pas confront\u00e9e \u00e0 ce genre de probl\u00e8me. Je dis cela, parce que nous, on ne va pas se taire. Chlef nous a battus chez nous et on a \u00e9t\u00e9 fair-play. C\u2019est cela le football propre. Ce n\u2019est pas la faute \u00e0 Tlemcen si des supporters de l\u2019ASO se sont introduits sur le terrain alors que la partie n\u2019\u00e9tait pas encore termin\u00e9e, exposant leur \u00e9quipe \u00e0 l\u2019article 70 des r\u00e8glements g\u00e9n\u00e9raux. L\u00e0, je voudrais rajouter une chose\u2026<\/p>\n<p><strong>Oui, allez-y\u2026\u00a0 \u00a0\u00a0<\/strong><\/p>\n<p>Je le dis haut et fort l\u2019arbitre Aouina a menti, il n\u2019a pas \u00e9t\u00e9 honn\u00eate dans cette histoire. Tout le monde a vu que l\u2019envahissement a eu lieu au moment o\u00f9 il avait siffl\u00e9 un coup franc. En s\u2019apercevant par la suite que la situation est devenue incontr\u00f4lable, il a fini par sifflet la fin du match, se portant \u00e0 faut par rapport \u00e0 la r\u00e9glementation, en pareil situation. Il aurait d\u00fb faire rentrer les deux \u00e9quipes aux vestiaires, pour permettre au service d\u2019ordre d\u2019\u00e9vacuer le terrain et la main courante, pour ensuite poursuivre la partie et le temps de jeu qui restait. La commission de discipline avait tous les \u00e9l\u00e9ments n\u00e9cessaires entre les mains. Mais, elle n\u2019a pas jug\u00e9 utile d\u2019appliquer la r\u00e9glementation en d\u00e9boutant le WAT.\u00a0<\/p>\n<p>Elle n\u2019a pas \u00e9t\u00e9 correcte non plus. Les faits sont t\u00eatus, les images on ne peut plus claires et le commun des mortels sait parfaitement ce qui s\u2019est pass\u00e9. On attend la r\u00e9ponse \u00e0 notre recours d\u00e9pos\u00e9 \u00e0 la FAF. Il y a \u00e0 la f\u00e9d\u00e9ration des gens s\u00e9rieux, quand m\u00eame. On leur fait confiance. On ne demande rien d\u2019autre que l\u2019application et le respect des r\u00e8glements qui r\u00e9gissent notre football. Ni plus, ni moins. J\u2019esp\u00e8re qu\u2019on aura gain de cause\u2026<\/p>\n<p><strong>Sinon\u2026\u00a0<\/strong><\/p>\n<p>Il faut savoir au risque de me r\u00e9p\u00e9ter, que les responsables du WAT, ne vont pas l\u00e2cher l\u2019affaire, parce que si la loi est appliqu\u00e9e dans toute sa rigueur, c\u2019est le Widad qui acc\u00e8dera. On suivra les proc\u00e9dures l\u00e9gales, quitte \u00e0 saisir si n\u00e9cessaire le TAS, puis si n\u00e9cessaire la Fifa. On ne peut jouer avec l\u2019avenir d\u2019un club lorsque la r\u00e9glementation est en sa faveur.\u00a0<\/p>\n<p>Que nos amis Ch\u00e9lifiens comprennent bien qu\u2019on n\u2019a aucun probl\u00e8me avec eux. A notre place, je suis certain qu\u2019ils auraient fait pareil que nous avec la t\u00e9nacit\u00e9 qui nous anime par rapport \u00e0 ce dossier.\u00a0<\/p>\n<p><strong>Mohamed-Amine Azzouz\u00a0 \u00a0<\/strong><\/p>\n<p>Auteur: elmoudjahid<br \/>\n<a href=\"http:\/\/www.elmoudjahid.com\/fr\/actualites\/136837\">Cliquez ici pour lire l&rsquo;article depuis sa source.<\/a><\/p>\n","protected":false},"excerpt":{"rendered":"<p>Que pouvez-vous dire de la d\u00e9cision de la commission de discipline d\u2019avoir valid\u00e9 l\u2019accession de l\u2019ASO ? Il faut tout d\u2019abord savoir qu\u2019au WAT, nous n\u2019avons aucun probl\u00e8me avec nos amis de l\u2019ASO Chlef. Bien au contraire ! On les f\u00e9licite pour leur accession. \u00a0L\u00e0 n\u2019est pas du tout le probl\u00e8me. Seulement, en raison de [&hellip;]<\/p>\n","protected":false},"author":1744,"featured_media":0,"comment_status":"closed","ping_status":"closed","sticky":false,"template":"","format":"standard","meta":{"fifu_image_url":"","fifu_image_alt":"","footnotes":""},"categories":[73,53],"tags":[],"class_list":["post-33836","post","type-post","status-publish","format-standard","hentry","category-actualite","category-algerie"],"_links":{"self":[{"href":"https:\/\/linitiative.ca\/International\/wp-json\/wp\/v2\/posts\/33836","targetHints":{"allow":["GET"]}}],"collection":[{"href":"https:\/\/linitiative.ca\/International\/wp-json\/wp\/v2\/posts"}],"about":[{"href":"https:\/\/linitiative.ca\/International\/wp-json\/wp\/v2\/types\/post"}],"author":[{"embeddable":true,"href":"https:\/\/linitiative.ca\/International\/wp-json\/wp\/v2\/users\/1744"}],"replies":[{"embeddable":true,"href":"https:\/\/linitiative.ca\/International\/wp-json\/wp\/v2\/comments?post=33836"}],"version-history":[{"count":0,"href":"https:\/\/linitiative.ca\/International\/wp-json\/wp\/v2\/posts\/33836\/revisions"}],"wp:attachment":[{"href":"https:\/\/linitiative.ca\/International\/wp-json\/wp\/v2\/media?parent=33836"}],"wp:term":[{"taxonomy":"category","embeddable":true,"href":"https:\/\/linitiative.ca\/International\/wp-json\/wp\/v2\/categories?post=33836"},{"taxonomy":"post_tag","embeddable":true,"href":"https:\/\/linitiative.ca\/International\/wp-json\/wp\/v2\/tags?post=33836"}],"curies":[{"name":"wp","href":"https:\/\/api.w.org\/{rel}","templated":true}]}}