{"id":33840,"date":"2019-05-12T10:26:08","date_gmt":"2019-05-12T14:26:08","guid":{"rendered":"https:\/\/linitiative.ca\/International\/89323-can-2019-u23-eliminatoires-le-3e-et-dernier-tour-reporte-a-septembre\/"},"modified":"2019-05-12T10:26:08","modified_gmt":"2019-05-12T14:26:08","slug":"89323-can-2019-u23-eliminatoires-le-3e-et-dernier-tour-reporte-a-septembre","status":"publish","type":"post","link":"https:\/\/linitiative.ca\/International\/89323-can-2019-u23-eliminatoires-le-3e-et-dernier-tour-reporte-a-septembre\/","title":{"rendered":"CAN-2019 (U23)-Eliminatoires: le 3e et dernier tour report\u00e9 \u00e0 septembre"},"content":{"rendered":"<div>\n<div class=\"K2FeedImage\"><img decoding=\"async\" src=\"http:\/\/www.aps.dz\/media\/k2\/items\/cache\/915847a253438a11aa3e0ed242c2e898_S.jpg\" alt=\"CAN-2019 (U23)-Eliminatoires: le 3e et dernier tour report\u00e9 \u00e0 septembre\"><\/div>\n<div class=\"K2FeedIntroText\">\n<p><strong>LE CAIRE &#8211; La Conf\u00e9d\u00e9ration africaine de football (CAF) a d\u00e9cid\u00e9 de reporter \u00e0 septembre prochain les matchs du 3e et dernier tour des \u00e9liminatoires de la Coupe d&rsquo;Afrique des nations (CAN-2019) des U23 dont la phase finale aura lieu en Egypte.<\/strong><\/p>\n<\/div>\n<div class=\"K2FeedFullText\">\n<p>Toutes les f\u00e9d\u00e9rations nationales concern\u00e9es ont \u00e9t\u00e9 saisies pour leur annoncer la d\u00e9cision de reporter les matchs, initialement programm\u00e9s au mois de juin, et certaines f\u00e9d\u00e9rations (Tunisie par exemple) l&rsquo;ont rendue publique sur leurs canaux de communication.<\/p>\n<p>L&rsquo;Alg\u00e9rie, qualifi\u00e9e \u00e0 ce dernier tour aux d\u00e9pens de la Guin\u00e9e Equatoriale (0-0, 3-1), devait affronter le 5 juin \u00e0 Kumasi le Ghana, tombeur du Gabon (4-0, 0-0), avant de le recevoir quatre jours plus tard au stade du 8-Mai-1945 \u00e0 S\u00e9tif.<\/p>\n<p>Selon certaine presse, la d\u00e9cision de la CAF aurait \u00e9t\u00e9 prise pour ne pas perturber la pr\u00e9paration des diff\u00e9rentes s\u00e9lections africaines en vue de la prochaine CAN des seniors (21 juin-19 juillet en Egypte), surtout que plusieurs internationaux de moins de 23 ans peuvent faire partie des \u00e9l\u00e9ments convoqu\u00e9s pour le prochain rendez-vous estival.<\/p>\n<p>Suite \u00e0 ce changement, le Directeur des \u00e9quipes nationales et s\u00e9lectionneur des U23, Ludovic Batelli, sera appel\u00e9 \u00e0 revoir son programme de pr\u00e9paration en pr\u00e9vision de cet important rendez-vous.<\/p>\n<p>La phase finale de la Coupe d&rsquo;Afrique des nations des U23 aura lieu en Egypte du 8 au 22 novembre 2019 avec la participation de 8 pays. Les trois premiers se qualifieront pour le tournoi des Jeux Olympiques Tokyo-2020.<\/p>\n<\/div>\n<p><img loading=\"lazy\" decoding=\"async\" src=\"http:\/\/feeds.feedburner.com\/~r\/aps-sport\/~4\/9vUbvkR-eJE\" height=\"1\" width=\"1\" alt=\"\"><\/div>\n<p>Auteur:<br \/>\n<a href=\"http:\/\/www.aps.dz\/sport\/89323-can-2019-u23-eliminatoires-le-3e-et-dernier-tour-reporte-a-septembre?utm_source=feedburner&#038;utm_medium=feed&#038;utm_campaign=Feed%3A+aps-sport+%28APS+-+SPORT%29\">Cliquez ici pour lire l&rsquo;article depuis sa source.<\/a><\/p>\n","protected":false},"excerpt":{"rendered":"<p>LE CAIRE &#8211; La Conf\u00e9d\u00e9ration africaine de football (CAF) a d\u00e9cid\u00e9 de reporter \u00e0 septembre prochain les matchs du 3e et dernier tour des \u00e9liminatoires de la Coupe d&rsquo;Afrique des nations (CAN-2019) des U23 dont la phase finale aura lieu en Egypte. Toutes les f\u00e9d\u00e9rations nationales concern\u00e9es ont \u00e9t\u00e9 saisies pour leur annoncer la d\u00e9cision [&hellip;]<\/p>\n","protected":false},"author":1790,"featured_media":33841,"comment_status":"closed","ping_status":"closed","sticky":false,"template":"","format":"standard","meta":{"fifu_image_url":"","fifu_image_alt":"","footnotes":""},"categories":[53,75],"tags":[],"class_list":["post-33840","post","type-post","status-publish","format-standard","has-post-thumbnail","hentry","category-algerie","category-sport"],"_links":{"self":[{"href":"https:\/\/linitiative.ca\/International\/wp-json\/wp\/v2\/posts\/33840","targetHints":{"allow":["GET"]}}],"collection":[{"href":"https:\/\/linitiative.ca\/International\/wp-json\/wp\/v2\/posts"}],"about":[{"href":"https:\/\/linitiative.ca\/International\/wp-json\/wp\/v2\/types\/post"}],"author":[{"embeddable":true,"href":"https:\/\/linitiative.ca\/International\/wp-json\/wp\/v2\/users\/1790"}],"replies":[{"embeddable":true,"href":"https:\/\/linitiative.ca\/International\/wp-json\/wp\/v2\/comments?post=33840"}],"version-history":[{"count":0,"href":"https:\/\/linitiative.ca\/International\/wp-json\/wp\/v2\/posts\/33840\/revisions"}],"wp:featuredmedia":[{"embeddable":true,"href":"https:\/\/linitiative.ca\/International\/wp-json\/"}],"wp:attachment":[{"href":"https:\/\/linitiative.ca\/International\/wp-json\/wp\/v2\/media?parent=33840"}],"wp:term":[{"taxonomy":"category","embeddable":true,"href":"https:\/\/linitiative.ca\/International\/wp-json\/wp\/v2\/categories?post=33840"},{"taxonomy":"post_tag","embeddable":true,"href":"https:\/\/linitiative.ca\/International\/wp-json\/wp\/v2\/tags?post=33840"}],"curies":[{"name":"wp","href":"https:\/\/api.w.org\/{rel}","templated":true}]}}