{"id":33842,"date":"2019-05-12T10:37:32","date_gmt":"2019-05-12T14:37:32","guid":{"rendered":"https:\/\/linitiative.ca\/International\/89324-cyclisme-programme-estival-charge-pour-yacine-chalel\/"},"modified":"2019-05-12T10:37:32","modified_gmt":"2019-05-12T14:37:32","slug":"89324-cyclisme-programme-estival-charge-pour-yacine-chalel","status":"publish","type":"post","link":"https:\/\/linitiative.ca\/International\/89324-cyclisme-programme-estival-charge-pour-yacine-chalel\/","title":{"rendered":"Cyclisme: programme estival charg\u00e9 pour Yacine Chalel"},"content":{"rendered":"<div>\n<div class=\"K2FeedImage\"><img decoding=\"async\" src=\"http:\/\/www.aps.dz\/media\/k2\/items\/cache\/c84ab3dfa26ab67e52654927d8b143d5_S.jpg\" alt=\"Cyclisme: programme estival charg\u00e9 pour Yacine Chalel\"><\/div>\n<div class=\"K2FeedIntroText\">\n<p>\u00a0<\/p>\n<p><strong>PARIS &#8211; L&rsquo;\u00e9t\u00e9 2019 s&rsquo;annonce charg\u00e9 pour le cycliste alg\u00e9rien Yacine Chalel, appel\u00e9 \u00e0 disputer une bonne vingtaine de courses, dont huit tr\u00e8s importantes sur piste, en classes 1 et 2, a inform\u00e9 sur sa page facebook le soci\u00e9taire du club fran\u00e7ais Paris Cycliste Olympique.<\/strong><\/p>\n<\/div>\n<div class=\"K2FeedFullText\">\n<p>\u00ab\u00a0Mes courses sur piste en classes 1 et 2 se d\u00e9rouleront \u00e0 Dublin (Irlande), Pordenone (Italie), Pruszkow (Pologne), Zurich (Suisse), D\u00fcdenhoffen, Mannheim et Ludwigshafen (Allemagne)\u00a0\u00bb, a pr\u00e9cis\u00e9 le champion d&rsquo;Afrique 2018 qui se fixe comme objectif de \u00ab\u00a0d\u00e9crocher un top 5 sur une course en classe 1 et un podium sur une classe 2\u00a0\u00bb.<\/p>\n<p>L&rsquo;ancien soci\u00e9taire de l&rsquo;Olympique CVO a annonc\u00e9 qu&rsquo;il visait \u00e9galement \u00ab\u00a0une victoire en Elite nationale, ainsi qu&rsquo;un minimum de trois succ\u00e8s dans toutes les cat\u00e9gories\u00a0\u00bb.<\/p>\n<p>Outre la piste, le programme charg\u00e9 de Chalel comporte plusieurs courses sur route, notamment : l&rsquo;Estivale bretonne, Millancay-Neung sur Beuvron, les boucles de Sainte-Austreberthe, les Trois jours de Cherbourg, Paris-Chalette-Vierzon ainsi que les manches de Coupe de France, en DN3.<\/p>\n<hr>\n<h3>Lire aussi:\u00a0<a href=\"http:\/\/www.aps.dz\/sport\/88783-cyclisme-grand-prix-de-masnieres-victoire-de-l-algerien-yacine-chalel\" target=\"_blank\" rel=\"noopener noreferrer\">Cyclisme \/ Grand Prix de Masni\u00e8res : Victoire de l&rsquo;Alg\u00e9rien Yacine Chalel<\/a><\/h3>\n<hr>\n<p>\u00ab\u00a0Je compte disputer quelques nocturnes aussi, notamment, Paris 14, Troyes et Bar sur Aube\u00a0\u00bb, a ajout\u00e9 l&rsquo;Alg\u00e9rien de 23 ans qui, globalement, s&rsquo;est dit \u00ab\u00a0plus que satisfait\u00a0\u00bb de sa premi\u00e8re partie de saison.<\/p>\n<p>\u00ab\u00a0Avec deux victoires, un top 5, deux top 10 et un top 20 en Elite nationale, mon d\u00e9but de saison a \u00e9t\u00e9 plus que satisfaisant, car ces r\u00e9sultats ont largement d\u00e9pass\u00e9 (s)es esp\u00e9rances\u00a0\u00bb, a assur\u00e9 Chalel, affirmant \u00ab\u00a0ressentir une progression sur tous les plans : physique, technique et tactique\u00a0\u00bb.<\/p>\n<p>L&rsquo;Alg\u00e9rien avait commenc\u00e9 par s&rsquo;accorder trois jours de repos avec l&rsquo;arriv\u00e9e du mois de Ramadhan et ce n&rsquo;est que jeudi qu&rsquo;il a repris le chemin des entra\u00eenements pour commencer \u00e0 pr\u00e9parer son calendrier charg\u00e9.<\/p>\n<\/div>\n<p><img loading=\"lazy\" decoding=\"async\" src=\"http:\/\/feeds.feedburner.com\/~r\/aps-sport\/~4\/8fupuMgTilw\" height=\"1\" width=\"1\" alt=\"\"><\/div>\n<p>Auteur:<br \/>\n<a href=\"http:\/\/www.aps.dz\/sport\/89324-cyclisme-programme-estival-charge-pour-yacine-chalel?utm_source=feedburner&#038;utm_medium=feed&#038;utm_campaign=Feed%3A+aps-sport+%28APS+-+SPORT%29\">Cliquez ici pour lire l&rsquo;article depuis sa source.<\/a><\/p>\n","protected":false},"excerpt":{"rendered":"<p>\u00a0 PARIS &#8211; L&rsquo;\u00e9t\u00e9 2019 s&rsquo;annonce charg\u00e9 pour le cycliste alg\u00e9rien Yacine Chalel, appel\u00e9 \u00e0 disputer une bonne vingtaine de courses, dont huit tr\u00e8s importantes sur piste, en classes 1 et 2, a inform\u00e9 sur sa page facebook le soci\u00e9taire du club fran\u00e7ais Paris Cycliste Olympique. \u00ab\u00a0Mes courses sur piste en classes 1 et 2 [&hellip;]<\/p>\n","protected":false},"author":1790,"featured_media":33843,"comment_status":"closed","ping_status":"closed","sticky":false,"template":"","format":"standard","meta":{"fifu_image_url":"","fifu_image_alt":"","footnotes":""},"categories":[53,75],"tags":[],"class_list":["post-33842","post","type-post","status-publish","format-standard","has-post-thumbnail","hentry","category-algerie","category-sport"],"_links":{"self":[{"href":"https:\/\/linitiative.ca\/International\/wp-json\/wp\/v2\/posts\/33842","targetHints":{"allow":["GET"]}}],"collection":[{"href":"https:\/\/linitiative.ca\/International\/wp-json\/wp\/v2\/posts"}],"about":[{"href":"https:\/\/linitiative.ca\/International\/wp-json\/wp\/v2\/types\/post"}],"author":[{"embeddable":true,"href":"https:\/\/linitiative.ca\/International\/wp-json\/wp\/v2\/users\/1790"}],"replies":[{"embeddable":true,"href":"https:\/\/linitiative.ca\/International\/wp-json\/wp\/v2\/comments?post=33842"}],"version-history":[{"count":0,"href":"https:\/\/linitiative.ca\/International\/wp-json\/wp\/v2\/posts\/33842\/revisions"}],"wp:featuredmedia":[{"embeddable":true,"href":"https:\/\/linitiative.ca\/International\/wp-json\/"}],"wp:attachment":[{"href":"https:\/\/linitiative.ca\/International\/wp-json\/wp\/v2\/media?parent=33842"}],"wp:term":[{"taxonomy":"category","embeddable":true,"href":"https:\/\/linitiative.ca\/International\/wp-json\/wp\/v2\/categories?post=33842"},{"taxonomy":"post_tag","embeddable":true,"href":"https:\/\/linitiative.ca\/International\/wp-json\/wp\/v2\/tags?post=33842"}],"curies":[{"name":"wp","href":"https:\/\/api.w.org\/{rel}","templated":true}]}}