{"id":33846,"date":"2019-05-12T13:01:57","date_gmt":"2019-05-12T17:01:57","guid":{"rendered":"https:\/\/linitiative.ca\/International\/89340-mondial-2019-sabre-feminin-l-espagne-bat-l-algerie-45-19\/"},"modified":"2019-05-12T13:01:57","modified_gmt":"2019-05-12T17:01:57","slug":"89340-mondial-2019-sabre-feminin-l-espagne-bat-l-algerie-45-19","status":"publish","type":"post","link":"https:\/\/linitiative.ca\/International\/89340-mondial-2019-sabre-feminin-l-espagne-bat-l-algerie-45-19\/","title":{"rendered":"Mondial 2019-sabre f\u00e9minin: l&rsquo;Espagne bat l&rsquo;Alg\u00e9rie 45-19"},"content":{"rendered":"<div>\n<div class=\"K2FeedImage\"><img decoding=\"async\" src=\"http:\/\/www.aps.dz\/media\/k2\/items\/cache\/08ced0cde7f4395d6f5928b065117cf0_S.jpg\" alt=\"Mondial 2019-sabre f\u00e9minin: l'Espagne bat l'Alg\u00e9rie 45-19\"><\/div>\n<div class=\"K2FeedIntroText\">\n<p><strong>TUNIS, 12 mai 2019 (APS) &#8211; La s\u00e9lection alg\u00e9rienne de sabre f\u00e9minin a \u00e9t\u00e9 \u00e9limin\u00e9e dimanche de la Coupe du monde 2019 (\u00e9tape de Tunis), apr\u00e8s sa d\u00e9faite au tableau des 32 contre l&rsquo;Espagne, 19 \u00e0 45.<\/strong><\/p>\n<\/div>\n<div class=\"K2FeedFullText\">\n<p>Le trio national, compos\u00e9 de Cha\u00eema Benadouda, Kaouthar Mohamed-Belkebir et Sonia Abdiche se contente ainsi de la 24e place au classement g\u00e9n\u00e9ral \u00ab\u00a0par \u00e9quipes\u00a0\u00bb, sur un total de 26 pays participants.<\/p>\n<p>La finale est pr\u00e9vue dimanche soir entre l&rsquo;Italie et l&rsquo;Ukraine qui se sont qualifi\u00e9es respectivement contre le Japon (45-30) et la Cor\u00e9e du Sud (45-39).<\/p>\n<p>La comp\u00e9tition avait d\u00e9but\u00e9 vendredi avec le d\u00e9roulement des \u00e9preuves individuelles qui se sont \u00e9tal\u00e9es sur deux jours avant de laisser place aux \u00e9preuves \u00ab\u00a0par \u00e9quipes\u00a0\u00bb.<\/p>\n<p>M\u00eame en individuel, la participation alg\u00e9rienne n&rsquo;a pas \u00e9t\u00e9 tr\u00e8s reluisante, puisque Benaouda a occup\u00e9 la 140 place, devant ses compatriotes Mohamed-Belkebir et Abdiche, respectivement 157e et 162e.<\/p>\n<p>Chez les messieurs, l&rsquo;Alg\u00e9rie n&rsquo;a engag\u00e9 qu&rsquo;un seul repr\u00e9sentant dans l&rsquo;\u00e9tape de Coupe du monde de sabre \u00e0 Madrid, en l&rsquo;occurrence Akram Bounabi, qui a \u00e9t\u00e9 \u00e9limin\u00e9 d\u00e8s la phase de poules, terminant la comp\u00e9tition \u00e0 la 180e place parmi 207 participants.<\/p>\n<p>Ces deux \u00e9tapes de Coupe du monde, \u00e0 Tunis pour les dames et Madrid pour les messieurs, ont mis en jeu un certain nombre de points dans la perspective d&rsquo;une qualification aux prochains Jeux Olympiques d&rsquo;\u00e9t\u00e9, pr\u00e9vus en 2020 \u00e0 Tokyo.<\/p>\n<\/div>\n<p><img loading=\"lazy\" decoding=\"async\" src=\"http:\/\/feeds.feedburner.com\/~r\/aps-sport\/~4\/R8eXxc8RC_U\" height=\"1\" width=\"1\" alt=\"\"><\/div>\n<p>Auteur:<br \/>\n<a href=\"http:\/\/www.aps.dz\/sport\/89340-mondial-2019-sabre-feminin-l-espagne-bat-l-algerie-45-19?utm_source=feedburner&#038;utm_medium=feed&#038;utm_campaign=Feed%3A+aps-sport+%28APS+-+SPORT%29\">Cliquez ici pour lire l&rsquo;article depuis sa source.<\/a><\/p>\n","protected":false},"excerpt":{"rendered":"<p>TUNIS, 12 mai 2019 (APS) &#8211; La s\u00e9lection alg\u00e9rienne de sabre f\u00e9minin a \u00e9t\u00e9 \u00e9limin\u00e9e dimanche de la Coupe du monde 2019 (\u00e9tape de Tunis), apr\u00e8s sa d\u00e9faite au tableau des 32 contre l&rsquo;Espagne, 19 \u00e0 45. Le trio national, compos\u00e9 de Cha\u00eema Benadouda, Kaouthar Mohamed-Belkebir et Sonia Abdiche se contente ainsi de la 24e [&hellip;]<\/p>\n","protected":false},"author":1790,"featured_media":33847,"comment_status":"closed","ping_status":"closed","sticky":false,"template":"","format":"standard","meta":{"fifu_image_url":"","fifu_image_alt":"","footnotes":""},"categories":[53,75],"tags":[],"class_list":["post-33846","post","type-post","status-publish","format-standard","has-post-thumbnail","hentry","category-algerie","category-sport"],"_links":{"self":[{"href":"https:\/\/linitiative.ca\/International\/wp-json\/wp\/v2\/posts\/33846","targetHints":{"allow":["GET"]}}],"collection":[{"href":"https:\/\/linitiative.ca\/International\/wp-json\/wp\/v2\/posts"}],"about":[{"href":"https:\/\/linitiative.ca\/International\/wp-json\/wp\/v2\/types\/post"}],"author":[{"embeddable":true,"href":"https:\/\/linitiative.ca\/International\/wp-json\/wp\/v2\/users\/1790"}],"replies":[{"embeddable":true,"href":"https:\/\/linitiative.ca\/International\/wp-json\/wp\/v2\/comments?post=33846"}],"version-history":[{"count":0,"href":"https:\/\/linitiative.ca\/International\/wp-json\/wp\/v2\/posts\/33846\/revisions"}],"wp:featuredmedia":[{"embeddable":true,"href":"https:\/\/linitiative.ca\/International\/wp-json\/"}],"wp:attachment":[{"href":"https:\/\/linitiative.ca\/International\/wp-json\/wp\/v2\/media?parent=33846"}],"wp:term":[{"taxonomy":"category","embeddable":true,"href":"https:\/\/linitiative.ca\/International\/wp-json\/wp\/v2\/categories?post=33846"},{"taxonomy":"post_tag","embeddable":true,"href":"https:\/\/linitiative.ca\/International\/wp-json\/wp\/v2\/tags?post=33846"}],"curies":[{"name":"wp","href":"https:\/\/api.w.org\/{rel}","templated":true}]}}