{"id":33866,"date":"2019-05-12T04:40:03","date_gmt":"2019-05-12T08:40:03","guid":{"rendered":"https:\/\/linitiative.ca\/International\/khaled-bergheul-membre-du-collectif-de-defense-dissad-rebrab-laffaire-est-instrumentalisee-par-le-pouvoir\/"},"modified":"2019-05-12T04:40:03","modified_gmt":"2019-05-12T08:40:03","slug":"khaled-bergheul-membre-du-collectif-de-defense-dissad-rebrab-laffaire-est-instrumentalisee-par-le-pouvoir","status":"publish","type":"post","link":"https:\/\/linitiative.ca\/International\/khaled-bergheul-membre-du-collectif-de-defense-dissad-rebrab-laffaire-est-instrumentalisee-par-le-pouvoir\/","title":{"rendered":"Khaled\u00a0Bergheul. membre du collectif de d\u00e9fense d\u2019Issad Rebrab : \u00abL\u2019affaire est instrumentalis\u00e9e par le pouvoir\u00bb"},"content":{"rendered":"<h4 class=\"title-14\"\/>\n<p><em><strong>La chambre d\u2019accusation pr\u00e8s la cour d\u2019Alger a rejet\u00e9, le 5 mai, la demande de mise en libert\u00e9 provisoire du patron de Cevital, Issad Rebrab, formul\u00e9e par les avocats de la d\u00e9fense. Comment avez-vous accueilli cette d\u00e9cision\u00a0?<\/strong><\/em><\/p>\n<p>La chambre d\u2019accusation est compos\u00e9e de trois magistrats chevronn\u00e9s en deuxi\u00e8me instance, c\u2019est-\u00e0-dire que c\u2019est elle qui contr\u00f4le les d\u00e9cisions rendues par les juges d\u2019instruction. On ne doute pas de leur comp\u00e9tence sur le plan professionnel. La justice est souveraine. Mais, honn\u00eatement, on ne s\u2019attendait pas \u00e0 une telle d\u00e9cision, parce qu\u2019elle n\u2019est pas justifi\u00e9e d\u00e8s lors que M. Rebrab pr\u00e9sente toutes les garanties l\u00e9gales exig\u00e9es par la loi.<\/p>\n<p>On ne trouve pas un homme en Alg\u00e9rie qui pr\u00e9sente ces garanties l\u00e9gales, c\u2019est-\u00e0-dire quelqu\u2019un qui s\u2019engage \u00e0 ne pas fuir son pays et \u00e0 se pr\u00e9senter \u00e0 tout moment devant la justice lorsqu\u2019il y a citation ou convocation. S\u2019agissant d\u2019une d\u00e9cision privative de libert\u00e9, on sait qu\u2019en mati\u00e8re de libert\u00e9 provisoire, le l\u00e9gislateur a pr\u00e9vu plusieurs possibilit\u00e9s, telles que la mise sous contr\u00f4le judiciaire.<\/p>\n<p>Le collectif des avocats s\u2019est attel\u00e9 \u00e0 d\u00e9monter sur les plans l\u00e9gal, social et politique \u00e0 la chambre d\u2019accusation que maintenir en prison Rebrab, c\u2019est une perte de temps pour lui, c\u2019est nuire \u00e0 sa propre personne, et cela d\u00e9montre qu\u2019il y a une volont\u00e9 extrajudiciaire d\u2019atteindre cet homme. Je pense que c\u2019est une d\u00e9cision qui ob\u00e9it \u00e0 d\u2019autres consid\u00e9rations en dehors du dossier.<\/p>\n<p><em><strong>Ce dossier n\u2019est-il pas politique\u00a0?<\/strong><\/em><\/p>\n<p>Je ne peux pas parler de consid\u00e9rations politiques. M. Rebrab n\u2019a rien \u00e0 voir avec la politique. Son seul leitmotiv est d\u2019investir et de cr\u00e9er de la richesse et des emplois en Alg\u00e9rie. Dans cette affaire, il a import\u00e9 un mat\u00e9riel qui n\u2019existe nulle part en Afrique. C\u2019est le premier en Alg\u00e9rie, peut-\u00eatre dans le monde arabe et dans le monde.<\/p>\n<p>Ce mat\u00e9riel est brevet\u00e9 avec son propre argent. Cela fait plus de dix ans que M.\u00a0Rebrab est encercl\u00e9, ses investissements sont sous le contr\u00f4le de l\u2019administration, des Douanes et des ports. Dans toutes les r\u00e9gions du pays, on lui cr\u00e9e des probl\u00e8mes. Ensuite, ils veulent l\u2019an\u00e9antir et le casser en tant que leader dans l\u2019industrie agroalimentaire et l\u2019\u00e9lectronique. C\u2019est un vieux litige, car nous avons suivi ses affaires avec la Banque d\u2019Alg\u00e9rie, les Douanes, le minist\u00e8re de l\u2019Industrie.<\/p>\n<p>Du temps du r\u00e9gime de Bouteflika, le groupe Cevital a rencontr\u00e9 des blocages de toutes natures. Mais quoi qu\u2019on dise du r\u00e9gime de Bouteflika, il n\u2019a pas os\u00e9 toucher \u00e0 la personne physique de Rebrab qu\u2019il a toujours consid\u00e9r\u00e9 comme le Berlusconi alg\u00e9rien. On a d\u00e9terr\u00e9 un ancien dossier qui concerne la Douane en ordonnant son incarc\u00e9ration, alors que c\u2019est une simple affaire qui ne m\u00e9rite pas que le patron de l\u2019entreprise soit mis en prison. S\u2019il y a une action, c\u2019est contre la personne morale de sa soci\u00e9t\u00e9 au cas o\u00f9 elle est fautive.<\/p>\n<p><strong><em>Allez-vous introduire une nouvelle demande de mise en libert\u00e9 provisoire\u00a0?<\/em><\/strong><\/p>\n<p>La loi pr\u00e9voit un d\u00e9lai d\u2019un mois apr\u00e8s le premier rejet. On attend que la juge d\u2019instruction du tribunal de Sidi M\u2019hamed (Alger) reprenne les investigations. Ensuite, on pourra de nouveau faire une demande de mise en libert\u00e9 provisoire.<\/p>\n<p><em><strong>Quel est l\u2019\u00e9tat de sant\u00e9 d\u2019Issad Rebrab et comment vit-il son incarc\u00e9ration\u00a0?<\/strong><\/em><\/p>\n<p>Il va bien et il garde toujours un bon moral. Il a confi\u00e9 qu\u2019il n\u2019a commis aucune infraction vis-\u00e0-vis de la l\u00e9gislation alg\u00e9rienne et affich\u00e9 sa disponibilit\u00e9 \u00e0 se sacrifier pour le pays. Il a aussi assur\u00e9 avoir seulement import\u00e9 un mat\u00e9riel qui apporte une valeur ajout\u00e9e pour l\u2019Alg\u00e9rie. Si c\u2019est le prix \u00e0 payer arbitrairement, il est pr\u00eat \u00e0 r\u00e9pondre devant la justice.<\/p>\n<p>Il a confi\u00e9 aussi qu\u2019il n\u2019a rien \u00e0 voir avec les clans politiques qui s\u2019affrontent pour le pouvoir et qu\u2019il n\u2019a pas d\u2019ambitions politiques. Son seul souci est de participer \u00e0 l\u2019\u00e9panouissement de son pays. C\u2019est ce qui lui donne du courage pour affronter cette malheureuse affaire instrumentalis\u00e9e par les tenants du pouvoir actuel.<\/p>\n<div class=\"yuzo_related_post style-1\" data-version=\"5.12.88\">\n<p><h3>Related Post<\/h3>\n<\/p>\n<div class=\"yuzo_wraps\">\n<div class=\"relatedthumb relatedpost-565756 c11\"><a href=\"https:\/\/www.elwatan.com\/edition\/actualite\/le-mandat-du-president-bouteflika-expirera-le-28-avril-prochain-l-algerie-tombera-t-elle-dans-un-vide-institutionnel-25-03-2019\"\/><\/p>\n<p><span class=\"yuzo__text--title c10\">Le mandat du pr\u00e9sident Bouteflika expirera le 28 &#8230;<\/span><\/div>\n<div class=\"relatedthumb relatedpost-231370 c11\"><a href=\"https:\/\/www.elwatan.com\/pages-hebdo\/sup-eco\/analyse-ioukos-racontee-par-le-bon-bout-14-05-2007\"\/><\/p>\n<p><span class=\"yuzo__text--title c10\">Analyse : Ioukos, racont\u00e9e par le bon bout<\/span><\/div>\n<div class=\"relatedthumb relatedpost-560291 c11\"><a href=\"https:\/\/www.elwatan.com\/pages-hebdo\/sup-eco\/contrat-des-17-trains-coradia-un-marche-aux-relents-politiques-25-02-2019\"\/><\/p>\n<p><span class=\"yuzo__text--title c10\">Contrat des 17 trains Coradia : un \u00abmarch\u00e9\u00bb aux re&#8230;<\/span><\/div>\n<div class=\"relatedthumb relatedpost-558072 c11\"><a href=\"https:\/\/www.elwatan.com\/edition\/international\/des-eurodeputes-crient-au-scandale-13-02-2019\"\/><\/p>\n<p><span class=\"yuzo__text--title c10\">Des eurod\u00e9put\u00e9s crient au scandale<\/span><\/div>\n<\/div>\n<\/div>\n<p><span class=\"post-views-label\">Post Views:<\/span> <span class=\"post-views-count\">1\u00a0766<\/span><\/p>\n<p>Auteur: Hicham Chouadria<br \/>\n<a href=\"https:\/\/www.elwatan.com\/edition\/actualite\/khaled-bergheul-membre-du-collectif-de-defense-dissad-rebrab-laffaire-est-instrumentalisee-par-le-pouvoir-12-05-2019\">Cliquez ici pour lire l&rsquo;article depuis sa source.<\/a><\/p>\n","protected":false},"excerpt":{"rendered":"<p>La chambre d\u2019accusation pr\u00e8s la cour d\u2019Alger a rejet\u00e9, le 5 mai, la demande de mise en libert\u00e9 provisoire du patron de Cevital, Issad Rebrab, formul\u00e9e par les avocats de la d\u00e9fense. Comment avez-vous accueilli cette d\u00e9cision\u00a0? La chambre d\u2019accusation est compos\u00e9e de trois magistrats chevronn\u00e9s en deuxi\u00e8me instance, c\u2019est-\u00e0-dire que c\u2019est elle qui contr\u00f4le [&hellip;]<\/p>\n","protected":false},"author":1743,"featured_media":0,"comment_status":"closed","ping_status":"closed","sticky":false,"template":"","format":"standard","meta":{"fifu_image_url":"","fifu_image_alt":"","footnotes":""},"categories":[73,53],"tags":[],"class_list":["post-33866","post","type-post","status-publish","format-standard","hentry","category-actualite","category-algerie"],"_links":{"self":[{"href":"https:\/\/linitiative.ca\/International\/wp-json\/wp\/v2\/posts\/33866","targetHints":{"allow":["GET"]}}],"collection":[{"href":"https:\/\/linitiative.ca\/International\/wp-json\/wp\/v2\/posts"}],"about":[{"href":"https:\/\/linitiative.ca\/International\/wp-json\/wp\/v2\/types\/post"}],"author":[{"embeddable":true,"href":"https:\/\/linitiative.ca\/International\/wp-json\/wp\/v2\/users\/1743"}],"replies":[{"embeddable":true,"href":"https:\/\/linitiative.ca\/International\/wp-json\/wp\/v2\/comments?post=33866"}],"version-history":[{"count":0,"href":"https:\/\/linitiative.ca\/International\/wp-json\/wp\/v2\/posts\/33866\/revisions"}],"wp:attachment":[{"href":"https:\/\/linitiative.ca\/International\/wp-json\/wp\/v2\/media?parent=33866"}],"wp:term":[{"taxonomy":"category","embeddable":true,"href":"https:\/\/linitiative.ca\/International\/wp-json\/wp\/v2\/categories?post=33866"},{"taxonomy":"post_tag","embeddable":true,"href":"https:\/\/linitiative.ca\/International\/wp-json\/wp\/v2\/tags?post=33866"}],"curies":[{"name":"wp","href":"https:\/\/api.w.org\/{rel}","templated":true}]}}