{"id":33869,"date":"2019-05-12T05:00:00","date_gmt":"2019-05-12T09:00:00","guid":{"rendered":"https:\/\/linitiative.ca\/International\/mauvais-presage\/"},"modified":"2019-05-12T05:00:00","modified_gmt":"2019-05-12T09:00:00","slug":"mauvais-presage","status":"publish","type":"post","link":"https:\/\/linitiative.ca\/International\/mauvais-presage\/","title":{"rendered":"Mauvais pr\u00e9sage"},"content":{"rendered":"<h4 class=\"title-14\">Rep\u00e8re<\/h4>\n<p>Le chef d\u2019\u00e9tat-major Ga\u00efd Salah a dilapid\u00e9 les pr\u00e9jug\u00e9s favorables du mouvement populaire engrang\u00e9s durant les premiers vendredis de contestation, o\u00f9 des slogans plut\u00f4t favorables de soutien lui avaient \u00e9t\u00e9 t\u00e9moign\u00e9s. Particuli\u00e8rement apr\u00e8s son discours historique de Ouargla, o\u00f9 il s\u2019\u00e9tait violemment attaqu\u00e9 \u00e0 la \u00abbande\u00bb.<\/p>\n<p>Depuis le recadrage de son discours de ces toutes derni\u00e8res semaines, ax\u00e9 autour de l\u2019irreversibilit\u00e9 du choix de la voie constitutionnelle et de l\u2019option non n\u00e9gociable de l\u2019\u00e9lection pr\u00e9sidentielle avec les institutions et les hommes en place, rejet\u00e9s par le peuple, le mariage de raison entre lui et la rue appara\u00eet rompu et bel et bien consomm\u00e9.<\/p>\n<p>Ce vendredi, le chef d\u2019\u00e9tat-major a ravi la vedette \u00e0 toutes les cibles potentielles des manifestants. Il \u00e9tait \u00e0 l\u2019affiche sur toutes les pancartes et sur les slogans brandis en ce 12e week-end de contestation pour r\u00e9clamer le d\u00e9part du syst\u00e8me et la mise en \u0153uvre d\u2019une p\u00e9riode de transition d\u00e9mocratique devant d\u00e9boucher sur l\u2019av\u00e8nement d\u2019une nouvelle R\u00e9publique.<\/p>\n<p>Pourtant, lorsque la justice \u00e9tait entr\u00e9e en sc\u00e8ne et que des symboles du syst\u00e8me bouteflikien repr\u00e9sentant le monde des affaires et de la politique se sont retrouv\u00e9s face \u00e0 la justice et incarc\u00e9r\u00e9s pour certains d\u2019entre eux, Ga\u00efd Salah avait engrang\u00e9 de pr\u00e9cieux dividendes politiques aupr\u00e8s de l\u2019opinion publique. Le fameux slogan \u00abDjeich-chaab khaoua khaoua\u00bb \u00e9tait le seul positif qui sortait du lot du floril\u00e8ge des amabilit\u00e9s r\u00e9serv\u00e9es au syst\u00e8me et \u00e0 ses symboles dans les mots d\u2019ordre des manifestants.<\/p>\n<p>L\u2019idylle n\u2019aura dur\u00e9 que le temps furtif d\u2019un discours qui a v\u00e9cu. Une crise de confiance quasi totale s\u2019est d\u00e9sormais install\u00e9e entre la hi\u00e9rarchie militaire et le mouvement de contestation accentu\u00e9e par les derni\u00e8res d\u00e9clarations du chef de l\u2019Etat, Abdelkader Bensalah, ramant \u00e0 contre-courant des revendications populaires, r\u00e9it\u00e9rant l\u2019engagement de l\u2019Etat pour tenir l\u2019\u00e9lection pr\u00e9sidentielle dans les d\u00e9lais pr\u00e9vus. Rien dans les d\u00e9clarations et actes du pouvoir ne trouve cr\u00e9dit aux yeux de l\u2019opinion. Toutes les institutions en place sont log\u00e9es \u00e0 la m\u00eame enseigne. Le commandement de l\u2019arm\u00e9e qui \u00e9tait \u00e9pargn\u00e9 dans l\u2019ambiance g\u00e9n\u00e9rale de rejet du syst\u00e8me h\u00e9rit\u00e9 de Bouteflika s\u2019en est trouv\u00e9 lui aussi, suite aux repositionnements de ces derni\u00e8res semaines, \u00e9pingl\u00e9 et point\u00e9 du doigt.<\/p>\n<p>En d\u00e9pit des arrestations fracassantes de ces derniers jours, dont celle de Sa\u00efd Bouteflika, fr\u00e8re de l\u2019ancien Pr\u00e9sident, qui cristallise pourtant toute la col\u00e8re des Alg\u00e9riens vis-\u00e0-vis du syst\u00e8me pr\u00e9dateur, Ga\u00efd Salah ne parvient pas \u00e0 se reconcilier avec la rue.<\/p>\n<p>Signe que le courant est rompu\u00a0: il a zapp\u00e9, pour la premi\u00e8re fois depuis le 22 f\u00e9vrier, sa traditionnelle intervention d\u2019avant les marches populaires \u00e0 l\u2019occasion des manifestation de ce 12e vendredi. Combin\u00e9 \u00e0 l\u2019arrestation, en fin de semaine, de la patronne du Parti des travailleurs, Mme Louisa Hanoune, et aux menaces en r\u00e8gle de la revue El Djeich contre les parties accus\u00e9es de pousser vers le vide institutionnel, l\u2019attitude de l\u2019arm\u00e9e qui est pass\u00e9e d\u2019acteur politique particuli\u00e8rement loquace, au mode silencieux, suscite interrogations et inqui\u00e9tudes au sein de l\u2019opinion et de la classe politique.<\/p>\n<p>Les r\u00e9actions indign\u00e9es enregistr\u00e9es suite aux poursuites judiciaires engag\u00e9es par la justice militaire \u00e0 l\u2019encontre de la premi\u00e8re responsable du PT illustrent la crainte et le malaise g\u00e9n\u00e9ral grandissants qui se sont empar\u00e9s de la soci\u00e9t\u00e9 quant au respect des libert\u00e9s et du pluralisme, voire de la nature r\u00e9publicaine de l\u2019Etat dans cette p\u00e9riode sensible et confuse que traverse le pays.<\/p>\n<p>Ga\u00efd Salah a beau jurer qu\u2019il n\u2019a rien c\u00e9d\u00e9 sur ses engagements d\u2019\u00eatre aux c\u00f4t\u00e9s du mouvement populaire, le processus politique et \u00e9lectoral qui se met r\u00e9solument en place, \u00e0 pas forc\u00e9s, plaide le contraire. L\u2019attitude du chef d\u2019\u00e9tat-major est d\u2019autant plus difficile \u00e0 expliquer et \u00e0 d\u00e9coder qu\u2019il a d\u00e9j\u00e0 fait l\u2019essentiel du travail le plus complexe, celui du d\u00e9minage du champ des luttes claniques en neutralisant les forces agissantes de l\u2019ancien syst\u00e8me qui pouvaient faire ombrage \u00e0 la marche de l\u2019Alg\u00e9rie vers un nouveau destin.<\/p>\n<p>A pr\u00e9sent que le front est pacifi\u00e9, il devrait pouvoir jouer sur du velours en \u00e9tant plus \u00e0 l\u2019\u00e9coute des revendications populaires que de surveiller ses arri\u00e8res des comploteurs contre le hirak tapis dans les limbes du syst\u00e8me et dont le noyau dur est cens\u00e9 \u00eatre neutralis\u00e9.<\/p>\n<p>Le silence inhabituel observ\u00e9 cette semaine par le commandement militaire est le signe d\u2019un mauvais pr\u00e9sage .<\/p>\n<div class=\"yuzo_related_post style-1\" data-version=\"5.12.88\">\n<p><h3>Related Post<\/h3>\n<\/p>\n<div class=\"yuzo_wraps\">\n<div class=\"relatedthumb relatedpost-571248 c11\"><a href=\"https:\/\/www.elwatan.com\/edition\/international\/paques-sanglantes-au-sri-lanka-22-04-2019\"\/><\/p>\n<p><span class=\"yuzo__text--title c10\">P\u00e2ques sanglantes au Sri Lanka<\/span><\/div>\n<div class=\"relatedthumb relatedpost-566128 c11\"><a href=\"https:\/\/www.elwatan.com\/edition\/actualite\/la-greve-suivie-a-bejaia-27-03-2019\"\/><\/p>\n<p><span class=\"yuzo__text--title c10\">La gr\u00e8ve suivie \u00e0 B\u00e9ja\u00efa<\/span><\/div>\n<div class=\"relatedthumb relatedpost-333137 c11\"><a href=\"https:\/\/www.elwatan.com\/edition\/economie\/lorge-netouffera-pas-les-silos-de-loaic-20-09-2010\"\/><\/p>\n<p><span class=\"yuzo__text--title c10\">L\u2019orge n\u2019\u00e9touffera pas les silos de l\u2019OAIC<\/span><\/div>\n<div class=\"relatedthumb relatedpost-554174 c11\"><a href=\"https:\/\/www.elwatan.com\/edition\/sports\/mc-oran-la-soummam-un-bol-dair-pour-les-hamraoua-20-01-2019\"\/><\/p>\n<p><span class=\"yuzo__text--title c10\">MC Oran : La Soummam, un bol d\u2019air pour les Hamrao&#8230;<\/span><\/div>\n<\/div>\n<\/div>\n<p><span class=\"post-views-label\">Post Views:<\/span> <span class=\"post-views-count\">2\u00a0433<\/span><\/p>\n<p>Auteur: Hicham Chouadria<br \/>\n<a href=\"https:\/\/www.elwatan.com\/edition\/actualite\/mauvais-presage-12-05-2019\">Cliquez ici pour lire l&rsquo;article depuis sa source.<\/a><\/p>\n","protected":false},"excerpt":{"rendered":"<p>Rep\u00e8re Le chef d\u2019\u00e9tat-major Ga\u00efd Salah a dilapid\u00e9 les pr\u00e9jug\u00e9s favorables du mouvement populaire engrang\u00e9s durant les premiers vendredis de contestation, o\u00f9 des slogans plut\u00f4t favorables de soutien lui avaient \u00e9t\u00e9 t\u00e9moign\u00e9s. Particuli\u00e8rement apr\u00e8s son discours historique de Ouargla, o\u00f9 il s\u2019\u00e9tait violemment attaqu\u00e9 \u00e0 la \u00abbande\u00bb. Depuis le recadrage de son discours de ces [&hellip;]<\/p>\n","protected":false},"author":1743,"featured_media":0,"comment_status":"closed","ping_status":"closed","sticky":false,"template":"","format":"standard","meta":{"fifu_image_url":"","fifu_image_alt":"","footnotes":""},"categories":[73,53],"tags":[],"class_list":["post-33869","post","type-post","status-publish","format-standard","hentry","category-actualite","category-algerie"],"_links":{"self":[{"href":"https:\/\/linitiative.ca\/International\/wp-json\/wp\/v2\/posts\/33869","targetHints":{"allow":["GET"]}}],"collection":[{"href":"https:\/\/linitiative.ca\/International\/wp-json\/wp\/v2\/posts"}],"about":[{"href":"https:\/\/linitiative.ca\/International\/wp-json\/wp\/v2\/types\/post"}],"author":[{"embeddable":true,"href":"https:\/\/linitiative.ca\/International\/wp-json\/wp\/v2\/users\/1743"}],"replies":[{"embeddable":true,"href":"https:\/\/linitiative.ca\/International\/wp-json\/wp\/v2\/comments?post=33869"}],"version-history":[{"count":0,"href":"https:\/\/linitiative.ca\/International\/wp-json\/wp\/v2\/posts\/33869\/revisions"}],"wp:attachment":[{"href":"https:\/\/linitiative.ca\/International\/wp-json\/wp\/v2\/media?parent=33869"}],"wp:term":[{"taxonomy":"category","embeddable":true,"href":"https:\/\/linitiative.ca\/International\/wp-json\/wp\/v2\/categories?post=33869"},{"taxonomy":"post_tag","embeddable":true,"href":"https:\/\/linitiative.ca\/International\/wp-json\/wp\/v2\/tags?post=33869"}],"curies":[{"name":"wp","href":"https:\/\/api.w.org\/{rel}","templated":true}]}}