{"id":33870,"date":"2019-05-12T05:10:28","date_gmt":"2019-05-12T09:10:28","guid":{"rendered":"https:\/\/linitiative.ca\/International\/le-collectif-pour-la-transition-democratique-sest-une-nouvelle-fois-reuni-hier-les-dynamiques-de-la-societe-civile-determinees-a-tenir-leur-conference-nationale\/"},"modified":"2019-05-12T05:10:28","modified_gmt":"2019-05-12T09:10:28","slug":"le-collectif-pour-la-transition-democratique-sest-une-nouvelle-fois-reuni-hier-les-dynamiques-de-la-societe-civile-determinees-a-tenir-leur-conference-nationale","status":"publish","type":"post","link":"https:\/\/linitiative.ca\/International\/le-collectif-pour-la-transition-democratique-sest-une-nouvelle-fois-reuni-hier-les-dynamiques-de-la-societe-civile-determinees-a-tenir-leur-conference-nationale\/","title":{"rendered":"Le collectif pour la transition d\u00e9mocratique s\u2019est une nouvelle fois r\u00e9uni hier : Les \u00abdynamiques de la soci\u00e9t\u00e9 civile\u00bb d\u00e9termin\u00e9es \u00e0 tenir leur conf\u00e9rence nationale"},"content":{"rendered":"<h4 class=\"title-14\"\/>\n<div class=\"featured_image\"><img width=\"600\" height=\"449\" data-cfsrc=\"https:\/\/www.elwatan.com\/wp-content\/uploads\/2019\/05\/raj-e1557618043613.jpg\" class=\"attachment-post-thumbnail size-post-thumbnail wp-post-image c1\" alt=\"\"\/><noscript><\/p>\n<p><img loading=\"lazy\" decoding=\"async\" width=\"600\" height=\"449\" src=\"https:\/\/www.elwatan.com\/wp-content\/uploads\/2019\/05\/raj-e1557618043613.jpg\" class=\"attachment-post-thumbnail size-post-thumbnail wp-post-image\" alt=\"\"\/><\/p>\n<p><\/noscript> <span class=\"featured-image-caption\">Hakim Addad, ancien pr\u00e9sident de RAJ et l\u2019une des figures les plus en vue du collectif de la soci\u00e9t\u00e9 civile pour une transition pacifique<\/span><\/div>\n<p>A l\u2019instant rencontre de travail du collectif des dynamiques de la soci\u00e9t\u00e9 civile pour la transition d\u00e9mocratique. Cap sur la pr\u00e9paration de la conf\u00e9rence nationale de la soci\u00e9t\u00e9 civile pour le changement\u00bb, postait, hier matin, l\u2019infatigable Sa\u00efd Salhi, vice-pr\u00e9sident de la LADDH sur sa page Facebook.<\/p>\n<p>Depuis plusieurs semaines, le Collectif de la soci\u00e9t\u00e9 civile pour une transition pacifique poursuit ses r\u00e9unions hebdomadaires du samedi en vue de r\u00e9aliser le consensus le plus large possible autour de cette id\u00e9e de conf\u00e9rence citoyenne. Hier, le Collectif s\u2019est r\u00e9uni au si\u00e8ge de l\u2019association SOS Disparus, \u00e0 Alger, avec encore plus de participants.<\/p>\n<p>C\u2019est ce qu\u2019affirme Hakim Addad, joint par t\u00e9l\u00e9phone. L\u2019ancien pr\u00e9sident de RAJ et l\u2019un des acteurs les plus en vue de ce collectif, o\u00f9 il si\u00e8ge au nom du Comit\u00e9 soutien et vigilance du mouvement 22 du F\u00e9vrier (CSVM-22 FEV), nous confie\u00a0: \u00abA chaque samedi, il y a de nouveaux acteurs et de nouvelles actrices qui nous rejoignent. Aujourd\u2019hui (hier, ndlr), la salle \u00e9tait pleine.<\/p>\n<p>Il y a eu encore plus de monde que d\u2019habitude. Il y a d\u2019autres dynamiques qui sont pour la conf\u00e9rence nationale, mais nous sommes les seuls \u00e0 avoir une feuille de route. Il y a celle du pouvoir et il y a la n\u00f4tre.<\/p>\n<p>Et puis il y a des solutions qui sont propos\u00e9es par des politiques mais sans feuille de route en tant que telle.\u00bb Malgr\u00e9 les attaques r\u00e9p\u00e9t\u00e9es contre les partisans de la transition de la part d\u2019AGS et ses organes de propagande, le Collectif de la soci\u00e9t\u00e9 civile est plus que jamais d\u00e9termin\u00e9 \u00e0 d\u00e9fendre son initiative.<\/p>\n<p>\u00abOn maintient la conf\u00e9rence nationale pour une sortie de crise et une transition d\u00e9mocratique\u00bb, assure Hakim Addad, avant d\u2019ajouter\u00a0: \u00abPour le moment, on n\u2019a pas fix\u00e9 de date pr\u00e9cise. Notre but est de continuer \u00e0 engranger de nouvelles adh\u00e9sions, de nouvelles dynamiques, qui pourraient rejoindre le Collectif, des associations notamment de l\u2019int\u00e9rieur du pays, Est, ouest et sud. On se donne le temps pour qu\u2019il y ait le plus de dynamiques possibles qui rallieraient cette initiative avant d\u2019aller \u00e0 la conf\u00e9rence.\u00bb<\/p>\n<p><strong>Une trentaine d\u2019associations repr\u00e9sent\u00e9es<\/strong><\/p>\n<p>Des discussions ont \u00e9galement \u00e9t\u00e9 engag\u00e9es avec les syndicats autonomes \u00e0 travers la Conf\u00e9d\u00e9ration des syndicats alg\u00e9riens (CSA) qui compte 13 organisations syndicales. \u00abNous sommes en dialogue pour le rapprochement des points de vue avec d\u2019autres partenaires comme la Conf\u00e9d\u00e9ration syndicale (CSA, ndlr) ainsi que d\u2019autres collectifs qui eux aussi sont dans l\u2019id\u00e9e d\u2019aller vers une conf\u00e9rence nationale.<\/p>\n<p>Il y a donc plusieurs dynamiques qui veulent aller vers une conf\u00e9rence nationale.\u00bb \u00abCe qui nous importe, c\u2019est d\u2019enclencher une transition hors \u00e9lection du 4 juillet\u00bb, r\u00e9sume Hakim Addad.<\/p>\n<p>Force est de le constater\u00a0: le Collectif des dynamiques de la soci\u00e9t\u00e9 civile s\u2019impose comme le cadre organisationnel le plus abouti et le plus probant \u00e0 avoir \u00e9merg\u00e9 depuis le d\u00e9but du hirak. Il compte une trentaine d\u2019associations et d\u2019organisations citoyennes, dont RAJ, la LADDH, CSVM-22 FEV, Mouwatana, Tharwa Fadhma n\u2019Soumer, SOS Disparus, Djazairouna, R\u00e9seau Wassila, SOS Culture Bab El Oued, la CNDDC (Comit\u00e9 national pour la d\u00e9fense des droits des ch\u00f4meurs), le Collectif des jeunes engag\u00e9s, l\u2019ACDA, le CNES ou encore le Snapap.<\/p>\n<p>Dans un document dat\u00e9 du 18 mars 2019, le Collectif avait explicit\u00e9 sa vision de la transition en militant, notamment pour la mise en place d\u2019un \u00abHaut comit\u00e9 de transition\u00bb (HCT) qui aura \u00e0 \u00abincarner l\u2019Etat\u00bb\u00a0et un \u00abgouvernement national de transition\u00bb. D\u00e8s la mise en route de ce processus, le collectif pr\u00e9conise \u00abla lev\u00e9e imm\u00e9diate de toutes les entraves li\u00e9es \u00e0 l\u2019exercice des libert\u00e9s civiles, politiques et d\u00e9mocratiques, dont la libert\u00e9 d\u2019association et de manifestation, d\u2019expression et de la presse, syndicale et de cr\u00e9ation des partis politiques\u00bb.<\/p>\n<p>Les initiateurs plaident en outre l\u2019organisation des \u00abAssises du consensus national regroupant toutes les sensibilit\u00e9s de la soci\u00e9t\u00e9\u00bb avec pour t\u00e2che de \u00abd\u00e9gager un consensus national sur les modalit\u00e9s pratiques de mise en place de la Constituante\u00bb.<\/p>\n<p>Cette \u00e9tape sera imm\u00e9diatement suivie de l\u2019\u00ab\u00e9lection d\u2019une Assembl\u00e9e constituante charg\u00e9e d\u2019\u00e9laborer la nouvelle Constitution\u00bb. \u00abCette \u00e9lection sera pr\u00e9c\u00e9d\u00e9e par la mise en place d\u2019une commission ind\u00e9pendante d\u2019organisation des \u00e9lections.\u00bb Derni\u00e8re \u00e9tape\u00a0: \u00abRetour \u00e0 la l\u00e9galit\u00e9 constitutionnelle, ouverture du champ politique et organisation des \u00e9lections g\u00e9n\u00e9rales.\u00bb Hakim Addad s\u2019empresse de pr\u00e9ciser\u00a0: \u00abCette feuille de route n\u2019est pas une parole sacr\u00e9e. Tout sera ouvert au d\u00e9bat et sujet \u00e0 amendement lors de la conf\u00e9rence nationale. Ce n\u2019est pas \u00e0 prendre ou \u00e0 laisser.\u00bb<\/p>\n<p><strong>\u00abL\u2019arrestation de Louisa Hanoune est honteuse et inadmissible\u00bb<\/strong><\/p>\n<p>Commentant les attaques formul\u00e9es \u00e0 l\u2019encontre des partisans d\u2019une transition pacifique, Hakim Addad lance\u00a0: \u00abJe fais partie d\u2019une coalition qui a propos\u00e9 une autre feuille de route que celle de Ga\u00efd Salah, et dans l\u2019un des ses discours, il a carr\u00e9ment prof\u00e9r\u00e9 des menaces contre ceux qui sortiraient du cadre constitutionnel.<\/p>\n<p>Donc, les menaces de Ga\u00efd Salah \u00e0 travers ses discours ou la revue El Djeich sont claires. Et elles se sont encore v\u00e9rifi\u00e9es avec l\u2019emprisonnement de Louisa Hanoune. Les menaces sont perp\u00e9tuelles, c\u2019est une bataille. Cela ne fait que renforcer notre d\u00e9termination.\u00bb<\/p>\n<p>A propos justement de l\u2019arrestation de la secr\u00e9taire g\u00e9n\u00e9rale du PT, le fougueux militant de la d\u00e9mocratie ne cache pas son inqui\u00e9tude\u00a0en rappelant tous les actes de r\u00e9pression qui ont touch\u00e9 plusieurs activistes, et que lui-m\u00eame a subis \u00e0 volont\u00e9\u00a0: \u00abOui, on est inquiets, et \u00e7a ne date pas de l\u2019arrestation honteuse et inadmissible de la camarade Louisa Hanoune.<\/p>\n<p>On est inquiets depuis au minimum quatre semaines, quand nous avons subi un certain nombre de violences de la part des forces de la r\u00e9pression. Elles avaient commenc\u00e9 \u00e0 r\u00e9primer les gens qui se rassemblaient les autres jours, en dehors du vendredi, sur la place Tahrir wa Somoud de la Grande Poste, comme nous l\u2019avons surnomm\u00e9e.<\/p>\n<p>Nous avons de l\u2019inqui\u00e9tude, parce que ce pouvoir est connu\u00a0: il g\u00e9n\u00e8re de la violence et r\u00e9g\u00e9n\u00e8re par la violence.\u00bb Hakim continue\u00a0: \u00abDonc la r\u00e9pression, comme celle qui est tomb\u00e9e sur Louisa Hanoune et les camarades du Parti des travailleurs, est inadmissible et \u00e0 d\u00e9noncer. Tant qu\u2019il n\u2019y aura pas de d\u00e9mocratie, il n\u2019y aura pas de justice. Et nous avions pr\u00e9venu que le pouvoir allait r\u00e9agir, d\u2019une mani\u00e8re ou d\u2019une autre. Les signaux \u00e9taient l\u00e0 depuis l\u2019existence m\u00eame de ce pouvoir. Il a toujours montr\u00e9 qu\u2019il r\u00e9agit par la r\u00e9pression, encore plus depuis ce qui s\u2019est pass\u00e9 ce jeudi (avec Louisa Hanoune, ndlr).<\/p>\n<p>C\u2019est probablement un avertissement adress\u00e9 aux partis politiques, aux militants, aux associations, aux syndicats, \u00e0 la presse qui s\u2019est lib\u00e9r\u00e9e, pour leur signifier de se taire. Mais le message de Ga\u00efd Salah ne sera pas entendu. Le message de la r\u00e9pression ne sera pas entendu. Au contraire, cela nous mobilisera encore plus. Donc, espoir, inqui\u00e9tude et de nouveau espoir.\u00bb Hakim Addad continuera, nous dit-il avec conviction, \u00e0 honorer le rendez-vous des rassemblements de 17h sur les marches de la Grande Poste. Il a tenu, au passage, \u00e0 d\u00e9noncer l\u2019emp\u00eachement, ce vendredi, d\u2019un f\u2019tour collectif au m\u00eame endroit.<\/p>\n<p>\u00abCela fait un mois qu\u2019ils essaient de nous gratter des espaces publics de libert\u00e9, et on essaie avec les rendez-vous de 17h de les reprendre. Jusqu\u2019ici, ils grattaient ces espaces du samedi au jeudi, mais l\u00e0, ils ont emp\u00each\u00e9 les gens de rompre le je\u00fbne et de se rassembler dans la foul\u00e9e (\u00e0 la Grande Poste, ndlr). Ils ont touch\u00e9 \u00e0 un symbole jusqu\u2019ici inali\u00e9nable qui \u00e9tait d\u2019occuper l\u2019espace public le vendredi.<\/p>\n<p>C\u2019est inacceptable. Ils sont en train de nous faire revenir au 21 f\u00e9vrier. Mais nous tiendrons notre rassemblement co\u00fbte que co\u00fbte. Et pacifiquement. Toujours\u00a0!\u00bb<\/p>\n<div class=\"yuzo_related_post style-1\" data-version=\"5.12.88\">\n<p><h3>Related Post<\/h3>\n<\/p>\n<div class=\"yuzo_wraps\">\n<div class=\"relatedthumb relatedpost-553905 c11\"><a href=\"https:\/\/www.elwatan.com\/a-la-une\/convocation-du-corps-electoral-pour-une-presidentielle-le-18-avril-2019-fin-dun-suspense-19-01-2019\"\/><\/p>\n<p><span class=\"yuzo__text--title c10\">Convocation du corps \u00e9lectoral pour une pr\u00e9sident&#8230;<\/span><\/div>\n<div class=\"relatedthumb relatedpost-563417 c11\"><a href=\"https:\/\/www.elwatan.com\/edition\/actualite\/les-enseignants-de-bab-ezzouar-usthb-rejettent-les-vacances-universitaires-12-03-2019\"\/><\/p>\n<p><span class=\"yuzo__text--title c10\">Les enseignants de Bab Ezzouar (USTHB) rejettent l&#8230;<\/span><\/div>\n<div class=\"relatedthumb relatedpost-553172 c11\"><a href=\"https:\/\/www.elwatan.com\/a-la-une\/une-saignee-qui-coute-cher-a-la-collectivite-nationale-14-01-2019\"\/><\/p>\n<p><span class=\"yuzo__text--title c10\">Une saign\u00e9e qui co\u00fbte cher \u00e0 la collectivit\u00e9 natio&#8230;<\/span><\/div>\n<div class=\"relatedthumb relatedpost-568445 c11\"><a href=\"https:\/\/www.elwatan.com\/edition\/contributions\/finances-le-difficile-legs-de-bouteflika-08-04-2019\"\/><\/p>\n<p><span class=\"yuzo__text--title c10\">Finances : Le difficile legs de Bouteflika<\/span><\/div>\n<\/div>\n<\/div>\n<p><span class=\"post-views-label\">Post Views:<\/span> <span class=\"post-views-count\">3\u00a0513<\/span><\/p>\n<p>Auteur: Hicham Chouadria<br \/>\n<a href=\"https:\/\/www.elwatan.com\/edition\/actualite\/le-collectif-pour-la-transition-democratique-sest-une-nouvelle-fois-reuni-hier-les-dynamiques-de-la-societe-civile-determinees-a-tenir-leur-conference-nationale-12-05-2019\">Cliquez ici pour lire l&rsquo;article depuis sa source.<\/a><\/p>\n","protected":false},"excerpt":{"rendered":"<p>Hakim Addad, ancien pr\u00e9sident de RAJ et l\u2019une des figures les plus en vue du collectif de la soci\u00e9t\u00e9 civile pour une transition pacifique A l\u2019instant rencontre de travail du collectif des dynamiques de la soci\u00e9t\u00e9 civile pour la transition d\u00e9mocratique. Cap sur la pr\u00e9paration de la conf\u00e9rence nationale de la soci\u00e9t\u00e9 civile pour le [&hellip;]<\/p>\n","protected":false},"author":1743,"featured_media":33871,"comment_status":"closed","ping_status":"closed","sticky":false,"template":"","format":"standard","meta":{"fifu_image_url":"","fifu_image_alt":"","footnotes":""},"categories":[73,53],"tags":[],"class_list":["post-33870","post","type-post","status-publish","format-standard","has-post-thumbnail","hentry","category-actualite","category-algerie"],"_links":{"self":[{"href":"https:\/\/linitiative.ca\/International\/wp-json\/wp\/v2\/posts\/33870","targetHints":{"allow":["GET"]}}],"collection":[{"href":"https:\/\/linitiative.ca\/International\/wp-json\/wp\/v2\/posts"}],"about":[{"href":"https:\/\/linitiative.ca\/International\/wp-json\/wp\/v2\/types\/post"}],"author":[{"embeddable":true,"href":"https:\/\/linitiative.ca\/International\/wp-json\/wp\/v2\/users\/1743"}],"replies":[{"embeddable":true,"href":"https:\/\/linitiative.ca\/International\/wp-json\/wp\/v2\/comments?post=33870"}],"version-history":[{"count":0,"href":"https:\/\/linitiative.ca\/International\/wp-json\/wp\/v2\/posts\/33870\/revisions"}],"wp:featuredmedia":[{"embeddable":true,"href":"https:\/\/linitiative.ca\/International\/wp-json\/"}],"wp:attachment":[{"href":"https:\/\/linitiative.ca\/International\/wp-json\/wp\/v2\/media?parent=33870"}],"wp:term":[{"taxonomy":"category","embeddable":true,"href":"https:\/\/linitiative.ca\/International\/wp-json\/wp\/v2\/categories?post=33870"},{"taxonomy":"post_tag","embeddable":true,"href":"https:\/\/linitiative.ca\/International\/wp-json\/wp\/v2\/tags?post=33870"}],"curies":[{"name":"wp","href":"https:\/\/api.w.org\/{rel}","templated":true}]}}