{"id":33872,"date":"2019-05-12T05:15:27","date_gmt":"2019-05-12T09:15:27","guid":{"rendered":"https:\/\/linitiative.ca\/International\/issaad-mabrouk-president-du-syndicat-national-des-magistrats-la-pression-nous-ne-lacceptons-ni-de-la-rue-ni-du-pouvoir\/"},"modified":"2019-05-12T05:15:27","modified_gmt":"2019-05-12T09:15:27","slug":"issaad-mabrouk-president-du-syndicat-national-des-magistrats-la-pression-nous-ne-lacceptons-ni-de-la-rue-ni-du-pouvoir","status":"publish","type":"post","link":"https:\/\/linitiative.ca\/International\/issaad-mabrouk-president-du-syndicat-national-des-magistrats-la-pression-nous-ne-lacceptons-ni-de-la-rue-ni-du-pouvoir\/","title":{"rendered":"Issaad Mabrouk. Pr\u00e9sident du Syndicat national des magistrats : \u00abLa pression, nous ne l\u2019acceptons ni de la rue ni du pouvoir\u00bb"},"content":{"rendered":"<h4 class=\"title-14\"\/>\n<div class=\"featured_image\"><img width=\"391\" height=\"306\" data-cfsrc=\"https:\/\/www.elwatan.com\/wp-content\/uploads\/2019\/05\/issad-mabrouk.jpg\" class=\"attachment-post-thumbnail size-post-thumbnail wp-post-image c1\" alt=\"\" srcset=\"https:\/\/www.elwatan.com\/wp-content\/uploads\/2019\/05\/issad-mabrouk.jpg 391w, https:\/\/www.elwatan.com\/wp-content\/uploads\/2019\/05\/issad-mabrouk-300x235.jpg 300w\" sizes=\"(max-width: 391px) 100vw, 391px\"\/><noscript><\/p>\n<p><img loading=\"lazy\" decoding=\"async\" width=\"391\" height=\"306\" src=\"https:\/\/www.elwatan.com\/wp-content\/uploads\/2019\/05\/issad-mabrouk.jpg\" class=\"attachment-post-thumbnail size-post-thumbnail wp-post-image\" alt=\"\" srcset=\"https:\/\/www.elwatan.com\/wp-content\/uploads\/2019\/05\/issad-mabrouk.jpg 391w, https:\/\/www.elwatan.com\/wp-content\/uploads\/2019\/05\/issad-mabrouk-300x235.jpg 300w\" sizes=\"auto, (max-width: 391px) 100vw, 391px\"\/><\/p>\n<p><\/noscript><\/div>\n<p>Issaad Mabrouk, 52 ans et magistrat depuis 23 ans, a \u00e9t\u00e9 le premier juge \u00e0 avoir initi\u00e9 un mouvement de protestation au sein de la famille des magistrats \u00e0 l\u2019\u00e9chelle nationale, le 11 mars dernier \u00e0 B\u00e9ja\u00efa, o\u00f9 il avait annonc\u00e9 qu\u2019il n\u2019encadrerait pas les \u00e9lections du 18 avril dernier. Des \u00e9lections qu\u2019il avait consid\u00e9r\u00e9es comme \u00abimpos\u00e9es aux Alg\u00e9riens\u00bb. Impliqu\u00e9 dans le Club des juges qui s\u2019est affich\u00e9 contre le 5e mandat de Bouteflika, il a \u00e9t\u00e9 convoqu\u00e9, avec neuf de ses coll\u00e8gues, par l\u2019inspection g\u00e9n\u00e9rale du minist\u00e8re de la Justice qui n\u2019avait pas appr\u00e9ci\u00e9 son action de \u00abr\u00e9bellion\u00bb. Juge et pr\u00e9sident de la chambre p\u00e9nale pr\u00e8s la cour de B\u00e9ja\u00efa, il est depuis le 27 avril dernier le nouveau pr\u00e9sident du Syndicat national des magistrats (SNM).<\/p>\n<p><strong><em>Qu\u2019est-ce qui motive le communiqu\u00e9 du Syndicat national des magistrats en cette p\u00e9riode pr\u00e9cise\u00a0?<\/em><\/strong><\/p>\n<p>Le communiqu\u00e9, nous l\u2019avons r\u00e9dig\u00e9 apr\u00e8s l\u2019installation du syndicat. Les \u00e9v\u00e9nements en cours et nombre de d\u00e9clarations de politiciens et m\u00eame de citoyens, dans le cadre du hirak, le justifient. Tout le monde parle de la justice. On a jug\u00e9, au sein du bureau ex\u00e9cutif, qu\u2019il y a n\u00e9cessit\u00e9 \u00e0 r\u00e9diger un communiqu\u00e9 pour \u00e9clairer l\u2019opinion publique sur ce qui se passe sur la sc\u00e8ne.<\/p>\n<p><em><strong>Vous r\u00e9agissez donc \u00e0 une actualit\u00e9 nationale\u2026<\/strong><\/em><\/p>\n<p>Il ne s\u2019agit pas de r\u00e9action. La justice est un acteur principal dans ce qui se passe actuellement et nous avons souhait\u00e9 donner notre point de vue sur le d\u00e9roulement des \u00e9v\u00e9nements, parce qu\u2019il y a lieu que nous restions \u00e9quitables avec tout le monde.<\/p>\n<p><em><strong>Pensez-vous que dans la conjoncture actuelle, les magistrats ne subissent la pression ou des tentatives de pression d\u2019aucune partie\u00a0?<\/strong><\/em><\/p>\n<p>La pression directe n\u2019existe pas mais il y a d\u2019autres formes de pression. Lorsqu\u2019il y a la pr\u00e9sentation de quiconque devant un tribunal et on trouve une masse populaire rassembl\u00e9e sur place, c\u2019est une pression. Les m\u00e9dias qui accusent la justice de ne pas faire son travail sans avoir les donn\u00e9es du dossier, c\u2019est une pression.<\/p>\n<p>Les politiques qui font des d\u00e9clarations pour dicter \u00e0 la justice ce qu\u2019elle doit faire, c\u2019est aussi une pression, puisque nous n\u2019avons pas la latitude pour qu\u2019\u00e0 chaque fois nous puissions r\u00e9agir. Nos motifs, nous les pr\u00e9sentons dans les jugements, c\u2019est l\u00e0 que nous justifions notre travail et c\u2019est important que l\u2019opinion publique sache comment fonctionne la justice. Nous avan\u00e7ons avec nos failles, en attendant que l\u2019on puisse rectifier les textes. Il ne faut pas que chacun dans son coin juge que la justice est un \u00e9l\u00e9ment de blocage.<\/p>\n<p><em><strong>Ces derniers jours, la d\u00e9tention pr\u00e9ventive, qui est cens\u00e9e \u00eatre une mesure d\u2019exception r\u00e9pondant \u00e0 certaines conditions, tend \u00e0 se g\u00e9n\u00e9raliser. Qu\u2019en pensez-vous\u00a0?<\/strong><\/em><\/p>\n<p>Les textes sont tr\u00e8s clairs, la d\u00e9tention pr\u00e9ventive est exceptionnelle et tout d\u00e9pend des dossiers. Je n\u2019ai pas un avis \u00e0 donner sur ce qui se passe concernant les derniers dossiers trait\u00e9s par exemple par le tribunal de Sidi M\u2019hamed. J\u2019ignore m\u00eame les faits r\u00e9v\u00e9l\u00e9s par les enqu\u00eates et donc il m\u2019est impossible de dire d\u2019une fa\u00e7on exacte ce qui a dict\u00e9 les d\u00e9cisions. Il y a en tout cas le pouvoir discr\u00e9tionnaire du magistrat. On esp\u00e8re bien que l\u2019exception reste une exception, mais lorsqu\u2019il y a n\u00e9cessit\u00e9, la d\u00e9tention pr\u00e9ventive doit s\u2019appliquer.<\/p>\n<p><em><strong>Vous avez appel\u00e9, dans votre communiqu\u00e9, \u00e0 faire confiance aux magistrats. Quelle garantie peut-on donner pour croire \u00e0 l\u2019ind\u00e9pendance de la justice, notamment, dans la conjoncture particuli\u00e8re d\u2019aujourd\u2019hui\u00a0?<\/strong><\/em><\/p>\n<p>On a vu que dans les marches populaires, on exprime une confiance envers la justice. Cela ne veut pas dire que nous travaillons selon ce que nous demande le public, mais en application des textes. On demande juste \u00e0 ce qu\u2019on r\u00e9duise la pression sur nous, de la part de la rue et du pouvoir. Laissez-nous travailler et jugez-nous apr\u00e8s, et non avec des pr\u00e9jug\u00e9s. La pression, nous ne l\u2019acceptons ni de la rue ni du pouvoir.<\/p>\n<p><em><strong>Mais est-ce qu\u2019il y a une pression de la part du pouvoir\u00a0?<\/strong><\/em><\/p>\n<p>Il n\u2019y en pas de fa\u00e7on directe. Qu\u2019on ne parle pas avec nous, les magistrats ne doivent avoir affaire qu\u2019\u00e0 des dossiers.<\/p>\n<p><em><strong>Vous d\u00eetes dans votre communiqu\u00e9 que l\u2019aspiration d\u2019une nouvelle Alg\u00e9rie recommande l\u2019ind\u00e9pendance des magistrats et de les lib\u00e9rer des contraintes mat\u00e9rielles et humaines. Quelles sont exactement ces contraintes\u00a0?<\/strong><\/em><\/p>\n<p>Elles sont connues de tout le monde. La vie sociale des magistrats, les salaires, les conditions de vie, les moyens de travail, tout cela n\u2019est pas au niveau de l\u2019exigence d\u2019une justice \u00e9quitable.<\/p>\n<p>Dans le hirak du 22 f\u00e9vrier, tous les Alg\u00e9riens, avec toutes les composantes de la soci\u00e9t\u00e9, revendiquent que la justice soit ind\u00e9pendante d\u2019une mani\u00e8re r\u00e9elle, c\u2019est ce que nous revendiquons aussi. Si nous avions eu une justice ind\u00e9pendante, nous n\u2019aurions pas \u00e0 vivre le probl\u00e8me d\u2019aujourd\u2019hui.<\/p>\n<div class=\"yuzo_related_post style-1\" data-version=\"5.12.88\">\n<p><h3>Related Post<\/h3>\n<\/p>\n<div class=\"yuzo_wraps\">\n<div class=\"relatedthumb relatedpost-143248 c11\"><a href=\"https:\/\/www.elwatan.com\/regions\/est\/actu-est\/souk-ahras-fermeture-de-28-commerces-11-08-2018\"\/><\/p>\n<p><span class=\"yuzo__text--title c10\">Souk Ahras : Fermeture de 28 commerces<\/span><\/div>\n<div class=\"relatedthumb relatedpost-346611 c11\"><a href=\"https:\/\/www.elwatan.com\/edition\/international\/koweit-quand-les-deputes-enquetent-sur-la-torture-04-02-2011\"\/><\/p>\n<p><span class=\"yuzo__text--title c10\">Kowe\u00eft : Quand les d\u00e9put\u00e9s enqu\u00eatent sur la tortur&#8230;<\/span><\/div>\n<div class=\"relatedthumb relatedpost-518099 c11\"><a href=\"https:\/\/www.elwatan.com\/regions\/sud\/actu-sud\/plus-de-3100-nouveaux-stagiaires-pour-la-session-de-septembre-3-28-09-2016\"\/><\/p>\n<p><span class=\"yuzo__text--title c10\">Plus de 3100 nouveaux stagiaires pour la session d&#8230;<\/span><\/div>\n<div class=\"relatedthumb relatedpost-557631 c11\"><a href=\"https:\/\/www.elwatan.com\/edition\/actualite\/ali-benflis-president-de-talaie-el-hourriyet-le-5e-mandat-est-celui-des-forces-anticonstitutionnelles-11-02-2019\"\/><\/p>\n<p><span class=\"yuzo__text--title c10\">Ali Benflis, Pr\u00e9sident de Talaie El Hourriyet : \u00ab&#8230;<\/span><\/div>\n<\/div>\n<\/div>\n<p><span class=\"post-views-label\">Post Views:<\/span> <span class=\"post-views-count\">1\u00a0147<\/span><\/p>\n<p>Auteur: Hicham Chouadria<br \/>\n<a href=\"https:\/\/www.elwatan.com\/edition\/actualite\/issaad-mabrouk-president-du-syndicat-national-des-magistrats-la-pression-nous-ne-lacceptons-ni-de-la-rue-ni-du-pouvoir-12-05-2019\">Cliquez ici pour lire l&rsquo;article depuis sa source.<\/a><\/p>\n","protected":false},"excerpt":{"rendered":"<p>Issaad Mabrouk, 52 ans et magistrat depuis 23 ans, a \u00e9t\u00e9 le premier juge \u00e0 avoir initi\u00e9 un mouvement de protestation au sein de la famille des magistrats \u00e0 l\u2019\u00e9chelle nationale, le 11 mars dernier \u00e0 B\u00e9ja\u00efa, o\u00f9 il avait annonc\u00e9 qu\u2019il n\u2019encadrerait pas les \u00e9lections du 18 avril dernier. Des \u00e9lections qu\u2019il avait consid\u00e9r\u00e9es [&hellip;]<\/p>\n","protected":false},"author":1743,"featured_media":33873,"comment_status":"closed","ping_status":"closed","sticky":false,"template":"","format":"standard","meta":{"fifu_image_url":"","fifu_image_alt":"","footnotes":""},"categories":[73,53],"tags":[],"class_list":["post-33872","post","type-post","status-publish","format-standard","has-post-thumbnail","hentry","category-actualite","category-algerie"],"_links":{"self":[{"href":"https:\/\/linitiative.ca\/International\/wp-json\/wp\/v2\/posts\/33872","targetHints":{"allow":["GET"]}}],"collection":[{"href":"https:\/\/linitiative.ca\/International\/wp-json\/wp\/v2\/posts"}],"about":[{"href":"https:\/\/linitiative.ca\/International\/wp-json\/wp\/v2\/types\/post"}],"author":[{"embeddable":true,"href":"https:\/\/linitiative.ca\/International\/wp-json\/wp\/v2\/users\/1743"}],"replies":[{"embeddable":true,"href":"https:\/\/linitiative.ca\/International\/wp-json\/wp\/v2\/comments?post=33872"}],"version-history":[{"count":0,"href":"https:\/\/linitiative.ca\/International\/wp-json\/wp\/v2\/posts\/33872\/revisions"}],"wp:featuredmedia":[{"embeddable":true,"href":"https:\/\/linitiative.ca\/International\/wp-json\/"}],"wp:attachment":[{"href":"https:\/\/linitiative.ca\/International\/wp-json\/wp\/v2\/media?parent=33872"}],"wp:term":[{"taxonomy":"category","embeddable":true,"href":"https:\/\/linitiative.ca\/International\/wp-json\/wp\/v2\/categories?post=33872"},{"taxonomy":"post_tag","embeddable":true,"href":"https:\/\/linitiative.ca\/International\/wp-json\/wp\/v2\/tags?post=33872"}],"curies":[{"name":"wp","href":"https:\/\/api.w.org\/{rel}","templated":true}]}}