{"id":33874,"date":"2019-05-12T05:20:01","date_gmt":"2019-05-12T09:20:01","guid":{"rendered":"https:\/\/linitiative.ca\/International\/syndicat-national-des-magistrats-il-est-impossible-de-parler-de-justice-independante\/"},"modified":"2019-05-12T05:20:01","modified_gmt":"2019-05-12T09:20:01","slug":"syndicat-national-des-magistrats-il-est-impossible-de-parler-de-justice-independante","status":"publish","type":"post","link":"https:\/\/linitiative.ca\/International\/syndicat-national-des-magistrats-il-est-impossible-de-parler-de-justice-independante\/","title":{"rendered":"Syndicat national des magistrats : \u00abIl est impossible de parler de justice ind\u00e9pendante\u00bb"},"content":{"rendered":"<h4 class=\"title-14\"\/>\n<div class=\"featured_image\"><img width=\"800\" height=\"1120\" data-cfsrc=\"https:\/\/www.elwatan.com\/wp-content\/uploads\/2019\/05\/magis-e1557617340330.jpg\" class=\"attachment-post-thumbnail size-post-thumbnail wp-post-image c1\" alt=\"\"\/><noscript><\/p>\n<p><img loading=\"lazy\" decoding=\"async\" width=\"800\" height=\"1120\" src=\"https:\/\/www.elwatan.com\/wp-content\/uploads\/2019\/05\/magis-e1557617340330.jpg\" class=\"attachment-post-thumbnail size-post-thumbnail wp-post-image\" alt=\"\"\/><\/p>\n<p><\/noscript> <span class=\"featured-image-caption\">Rassemblement des magistrats contre le syst\u00e8me en avril dernier (Photo : Souhil B)<\/span><\/div>\n<p>\u00c9tant au c\u0153ur de l\u2019\u00e9volution de la sc\u00e8ne politique nationale avec tous les proc\u00e8s initi\u00e9s \u00e0 l\u2019encontre d\u2019hommes d\u2019affaires et autres responsables, le Syndicat national des magistrats (SNM), qui a \u00e9lu, le 27 avril dernier, Issaad Mabrouk, nouveau pr\u00e9sident en remplacement de Djamel Aidouni, ne pouvait rester indiff\u00e9rent \u00e0 tout ce qui se dit sur le secteur ces derni\u00e8res semaines.<\/p>\n<p>Ainsi, dans un communiqu\u00e9 rendu public hier (et traduit de l\u2019arabe par nos soins), il a d\u2019embl\u00e9e tenu \u00e0 \u00abrejeter cat\u00e9goriquement toutes les accusations ciblant le corps de la justice et ses hommes, \u00e0 travers lesquelles plusieurs parties, officielles et non officielles, se sont attel\u00e9es \u00e0 donner une image st\u00e9r\u00e9otyp\u00e9e du travail de la justice qui, d\u2019apr\u00e8s elles, ne bougerait que sur injonction\u00bb.<\/p>\n<p>Les juges refusent qu\u2019ils soient consid\u00e9r\u00e9s comme un appareil fonctionnant sur ordres quelques fois, et convocations en d\u2019autres fois, et s\u2019accrochent \u00e0 leurs droits constitutionnels, r\u00e9clam\u00e9s par le peuple, qui fait qu\u2019ils sont un pouvoir ind\u00e9pendant qui fait son travail selon le principe de la l\u00e9gitimit\u00e9, de l\u2019\u00e9galit\u00e9, dans la voie de la neutralit\u00e9 et l\u2019\u00e9quit\u00e9\u00bb.<\/p>\n<p>S\u2019exprimant par la suite sur les moyens n\u00e9cessaires pour asseoir une justice ind\u00e9pendante, le SNM a indiqu\u00e9 que \u00abla seule garantie et protection pour la justice et les juges ne viendrait pas d\u2019une partie en dehors du cercle du pouvoir judiciaire, mais se concr\u00e9tiserait \u00e0 la suite de la mise en application d\u2019un nombre de mesures qui consoliderait l\u2019ind\u00e9pendance enti\u00e8re de la justice en commen\u00e7ant par la r\u00e9vision des textes et des structures qui organisent le travail du juge et de son parcours professionnel\u00bb.<\/p>\n<p>Une d\u00e9claration qui sonne comme une r\u00e9action \u00e0 l\u2019\u00e9tat-major de l\u2019ANP, qui a affirm\u00e9, le 24 avril dernier, que l\u2019arm\u00e9e s\u2019engage \u00e0 \u00aboffrir des garanties suffisantes aux instances judiciaires pour le libre exercice de leurs fonctions sans contraintes ni pressions, notamment en termes de lutte contre la corruption et de dilapidation des deniers publics\u00bb.<\/p>\n<p>Il s\u2019agissait l\u00e0 d\u2019une \u00abmise au point\u00bb du minist\u00e8re de la D\u00e9fense nationale adress\u00e9e aux m\u00e9dias qui avaient parl\u00e9 d\u2019\u00abinstruction\u00bb et d\u2019\u00abinjonction\u00bb dans leur lecture du discours d\u2019Ahmed Ga\u00efd Salah prononc\u00e9 la veille (23 avril) et dans lequel il a \u00e9voqu\u00e9 ses \u00abappels\u00bb lanc\u00e9s en direction de l\u2019appareil de la justice, pour \u00abacc\u00e9l\u00e9rer la cadence des poursuites judiciaires concernant les affaires de corruption et de dilapidation des deniers publics et de juger tous ceux qui ont pill\u00e9 l\u2019argent du peuple\u00bb.<\/p>\n<p>Entre-temps, plusieurs hommes d\u2019affaire, tels que Issad Rebrab et les fr\u00e8res Kouninef, ont \u00e9t\u00e9 plac\u00e9s en d\u00e9tention provisoire pour diff\u00e9rentes raisons, alors que d\u2019autres personnalit\u00e9s ont \u00e9t\u00e9 convoqu\u00e9es par les procureurs, \u00e0 l\u2019image de l\u2019ancien Premier ministre, Ahmed Ouyahia, et l\u2019ancien patron de la police, Abdelghani Hamel. Mais les arrestations ayant le plus d\u00e9fray\u00e9 la chronique sont celles du fr\u00e8re de l\u2019ancien Pr\u00e9sident, Sa\u00efd Bouteflika, des deux anciens chefs des services, Mohamed Medi\u00e8ne, dit Toufik, et Athmane Tartag, dit Bachif, et jeudi dernier de Louisa Hanoun, premi\u00e8re responsable du Parti des travailleurs (PT). Des mises sous mandat de d\u00e9p\u00f4t prononc\u00e9es par le tribunal militaire de Blida.<\/p>\n<p>Dans sa d\u00e9claration, le syndicat tient \u00e0 affirmer que tant que les lois et les m\u00e9canismes aff\u00e9rents \u00e0 l\u2019organisation du secteur n\u2019ont pas chang\u00e9, il ne pourrait y avoir d\u2019ind\u00e9pendance de la justice. \u00abIl est impossible de parler d\u2019une justice ind\u00e9pendante qui b\u00e9n\u00e9ficie d\u2019une protection dans le cadre des lois et structures actuelles qui organisent le parcours professionnel du juge et qui ont d\u00e9montr\u00e9 leurs limites\u00bb, a lanc\u00e9 en d\u00e9finitif le Syndicat national des magistrats.<\/p>\n<p>A ce titre, il annonce qu\u2019il se constituera partie civile contre \u00abtous ceux qui porteraient atteinte \u00e0 leurs consid\u00e9rations et ind\u00e9pendances (des juges, ndlr), que ce soit ouvertement ou par insinuation ou tout autre comportement\u00bb.<\/p>\n<p>Pour le SNM, \u00abappeler \u00e0 une libre Alg\u00e9rie nouvelle n\u00e9cessite imp\u00e9rativement d\u2019appeler \u00e0 l\u2019ind\u00e9pendance de la justice qui doit \u00eatre d\u00e9barrass\u00e9e de toutes les contraintes mat\u00e9rielles et humaines\u00bb. \u00abEt c\u2019est ce que nous visons en travaillant pour sa concr\u00e9tisation afin de prendre part activement \u00e0 faire sortir l\u2019Alg\u00e9rie de la crise\u00bb, ajoute le syndicat.<\/p>\n<p>Il faut savoir, en dernier lieu, que le SNM a \u00e9t\u00e9 pr\u00e9sid\u00e9 par Djamel Aidouni, durant trois mandats cons\u00e9cutifs. Exer\u00e7ant \u00e0 B\u00e9ja\u00efa, le nouveau pr\u00e9sident Issaad Mabrouk a \u00e9t\u00e9 l\u2019un des premiers magistrats \u00e0 rejoindre le hirak.\u00a0\u00a0\u00a0\u00a0\u00a0<\/p>\n<div class=\"yuzo_related_post style-1\" data-version=\"5.12.88\">\n<p><h3>Related Post<\/h3>\n<\/p>\n<div class=\"yuzo_wraps\">\n<div class=\"relatedthumb relatedpost-572577 c11\"><a href=\"https:\/\/www.elwatan.com\/regions\/ouest\/oran\/oran-decouverte-macabre-24-04-2019\"\/><\/p>\n<p><span class=\"yuzo__text--title c10\">Oran :\u00a0D\u00e9couverte macabre<\/span><\/div>\n<div class=\"relatedthumb relatedpost-558838 c11\"><a href=\"https:\/\/www.elwatan.com\/regions\/ouest\/actu-ouest\/djidiouia-relizane-une-salle-de-soins-dans-un-piteux-etat-18-02-2019\"\/><\/p>\n<p><span class=\"yuzo__text--title c10\">Djidiouia (Relizane) :\u00a0Une salle de soins dans un &#8230;<\/span><\/div>\n<div class=\"relatedthumb relatedpost-554257 c11\"><a href=\"https:\/\/www.elwatan.com\/edition\/actualite\/mouvement-populaire-algerien-mpa-personne-ne-peut-empecher-un-candidat-de-se-presenter-en-dehors-du-conseil-constitutionnel-21-01-2019\"\/><\/p>\n<p><span class=\"yuzo__text--title c10\">Mouvement Populaire alg\u00e9rien (MPA) : \u00abPersonne ne&#8230;<\/span><\/div>\n<div class=\"relatedthumb relatedpost-148875 c11\"><a href=\"https:\/\/www.elwatan.com\/pages-hebdo\/magazine\/le-lac-de-tichy-haf-attire-de-plus-en-plus-de-touristes-nouvelles-terres-daventures-11-09-2018\"\/><\/p>\n<p><span class=\"yuzo__text--title c10\">Le lac de Tichy Haf attire de plus en plus de tour&#8230;<\/span><\/div>\n<\/div>\n<\/div>\n<p><span class=\"post-views-label\">Post Views:<\/span> <span class=\"post-views-count\">3\u00a0200<\/span><\/p>\n<p>Auteur: Hicham Chouadria<br \/>\n<a href=\"https:\/\/www.elwatan.com\/a-la-une\/syndicat-national-des-magistrats-il-est-impossible-de-parler-de-justice-independante-12-05-2019\">Cliquez ici pour lire l&rsquo;article depuis sa source.<\/a><\/p>\n","protected":false},"excerpt":{"rendered":"<p>Rassemblement des magistrats contre le syst\u00e8me en avril dernier (Photo : Souhil B) \u00c9tant au c\u0153ur de l\u2019\u00e9volution de la sc\u00e8ne politique nationale avec tous les proc\u00e8s initi\u00e9s \u00e0 l\u2019encontre d\u2019hommes d\u2019affaires et autres responsables, le Syndicat national des magistrats (SNM), qui a \u00e9lu, le 27 avril dernier, Issaad Mabrouk, nouveau pr\u00e9sident en remplacement de [&hellip;]<\/p>\n","protected":false},"author":1743,"featured_media":33875,"comment_status":"closed","ping_status":"closed","sticky":false,"template":"","format":"standard","meta":{"fifu_image_url":"","fifu_image_alt":"","footnotes":""},"categories":[73,53],"tags":[],"class_list":["post-33874","post","type-post","status-publish","format-standard","has-post-thumbnail","hentry","category-actualite","category-algerie"],"_links":{"self":[{"href":"https:\/\/linitiative.ca\/International\/wp-json\/wp\/v2\/posts\/33874","targetHints":{"allow":["GET"]}}],"collection":[{"href":"https:\/\/linitiative.ca\/International\/wp-json\/wp\/v2\/posts"}],"about":[{"href":"https:\/\/linitiative.ca\/International\/wp-json\/wp\/v2\/types\/post"}],"author":[{"embeddable":true,"href":"https:\/\/linitiative.ca\/International\/wp-json\/wp\/v2\/users\/1743"}],"replies":[{"embeddable":true,"href":"https:\/\/linitiative.ca\/International\/wp-json\/wp\/v2\/comments?post=33874"}],"version-history":[{"count":0,"href":"https:\/\/linitiative.ca\/International\/wp-json\/wp\/v2\/posts\/33874\/revisions"}],"wp:featuredmedia":[{"embeddable":true,"href":"https:\/\/linitiative.ca\/International\/wp-json\/"}],"wp:attachment":[{"href":"https:\/\/linitiative.ca\/International\/wp-json\/wp\/v2\/media?parent=33874"}],"wp:term":[{"taxonomy":"category","embeddable":true,"href":"https:\/\/linitiative.ca\/International\/wp-json\/wp\/v2\/categories?post=33874"},{"taxonomy":"post_tag","embeddable":true,"href":"https:\/\/linitiative.ca\/International\/wp-json\/wp\/v2\/tags?post=33874"}],"curies":[{"name":"wp","href":"https:\/\/api.w.org\/{rel}","templated":true}]}}