{"id":33876,"date":"2019-05-12T07:45:38","date_gmt":"2019-05-12T11:45:38","guid":{"rendered":"https:\/\/linitiative.ca\/International\/transfert-vers-le-retour-de-slimani-au-sporting-lisbonne\/"},"modified":"2019-05-12T07:45:38","modified_gmt":"2019-05-12T11:45:38","slug":"transfert-vers-le-retour-de-slimani-au-sporting-lisbonne","status":"publish","type":"post","link":"https:\/\/linitiative.ca\/International\/transfert-vers-le-retour-de-slimani-au-sporting-lisbonne\/","title":{"rendered":"Transfert : vers le retour de Slimani au Sporting Lisbonne"},"content":{"rendered":"<h4 class=\"title-14\"\/>\n<div class=\"featured_image\"><img width=\"772\" height=\"514\" data-cfsrc=\"https:\/\/www.elwatan.com\/wp-content\/uploads\/2019\/05\/islam-slimani_4.jpg\" class=\"attachment-post-thumbnail size-post-thumbnail wp-post-image c1\" alt=\"\" srcset=\"https:\/\/www.elwatan.com\/wp-content\/uploads\/2019\/05\/islam-slimani_4.jpg 772w, https:\/\/www.elwatan.com\/wp-content\/uploads\/2019\/05\/islam-slimani_4-300x200.jpg 300w, https:\/\/www.elwatan.com\/wp-content\/uploads\/2019\/05\/islam-slimani_4-768x511.jpg 768w\" sizes=\"(max-width: 772px) 100vw, 772px\"\/><noscript><\/p>\n<p><img loading=\"lazy\" decoding=\"async\" width=\"772\" height=\"514\" src=\"https:\/\/www.elwatan.com\/wp-content\/uploads\/2019\/05\/islam-slimani_4.jpg\" class=\"attachment-post-thumbnail size-post-thumbnail wp-post-image\" alt=\"\" srcset=\"https:\/\/www.elwatan.com\/wp-content\/uploads\/2019\/05\/islam-slimani_4.jpg 772w, https:\/\/www.elwatan.com\/wp-content\/uploads\/2019\/05\/islam-slimani_4-300x200.jpg 300w, https:\/\/www.elwatan.com\/wp-content\/uploads\/2019\/05\/islam-slimani_4-768x511.jpg 768w\" sizes=\"auto, (max-width: 772px) 100vw, 772px\"\/><\/p>\n<p><\/noscript><\/div>\n<p>L\u2019international alg\u00e9rien Islam Slimani, soci\u00e9taire de Fenerbah\u00e7e (Turquie), pourrait revenir \u00e0 son ancienne \u00e9quipe, le Sporting Lisbonne, \u00e0 partir de la saison prochaine, rapporte la presse portugaise.<\/p>\n<p>Tr\u00e8s peu utilis\u00e9 \u00e0 Fenerbah\u00e7e o\u00f9 il a \u00e9t\u00e9 pr\u00eat\u00e9 depuis le d\u00e9but de la saison, Slimani \u201cquittera certainement le club turc \u00e0 la fin de la saison\u201d.<\/p>\n<p>Alors que sa derni\u00e8re apparition en championnat de Turquie remonte au 16 f\u00e9vrier dernier face \u00e0 Konyaspor, son d\u00e9part a \u00e9t\u00e9 act\u00e9.<\/p>\n<p>Selon la m\u00eame source, les dirigeants du Sporting Lisbonne, o\u00f9 l\u2019attaquant alg\u00e9rien avait brill\u00e9 entre 2013 et 2016, \u201cont toujours souhait\u00e9 le faire revenir mais son retour s\u2019est heurt\u00e9 \u00e0 chaque fois \u00e0 des consid\u00e9rations financi\u00e8res.<\/p>\n<p>Mais cette fois-ci, Leicester (qui d\u00e9tient ses droits, ndlr) ne va pas bloquer l\u2019Alg\u00e9rien puisqu\u2019il ne fait pas aussi partie des plans de Brendan Rodgers, le nouvel entra\u00eeneur de Leicester\u201d.<\/p>\n<p>Selon la presse portugaise, \u201ctout porte \u00e0 croire que les dirigeants du club anglais se montreront souples au moment de discuter avec le Sporting Lisbonne du cas de l\u2019ancien attaquant du CR Belouizdad, sous contrat avec les Foxes jusqu\u2019en juin 2020\u201d.<\/p>\n<p>Avant de partir pour Leicester en 2016, Islam Slimani avait honor\u00e9 son contrat avec le Sporting en marquant 57 buts en 111 apparitions.<\/p>\n<p>En avril dernier, Brendan Rodgers avait indiqu\u00e9 qu\u2019il allait \u201c\u00e9valuer\u201d l\u2019attaquant international alg\u00e9rien pour pouvoir trancher son avenir avec les Foxes, au m\u00eame titre d\u2019ailleurs que les joueurs du club pr\u00eat\u00e9s un peu partout.<\/p>\n<p>\u201cSlimani est parmi les joueurs li\u00e9s au club que je dois \u00e9valuer, afin de nous assurer que notre groupe sera fort pour la prochaine saison\u201d, avait-il d\u00e9clar\u00e9 aux m\u00e9dias anglais.<\/p>\n<p>La situation d\u00e9licate qu\u2019il traverse \u00e0 Fenerbah\u00e7e pourrait co\u00fbter sa place \u00e0 Islam Slimani, meilleur buteur en activit\u00e9 de la s\u00e9lection nationale avec 26 buts, lors de la prochaine CAN-2019 en Egypte (21 juin \u2013 19 juillet).<\/p>\n<p><span class=\"post-views-label\">Post Views:<\/span> <span class=\"post-views-count\">342<\/span><\/p>\n<p>Auteur: Mourad Hachid<br \/>\n<a href=\"https:\/\/www.elwatan.com\/edition\/sports\/transfert-vers-le-retour-de-slimani-au-sporting-lisbonne-12-05-2019\">Cliquez ici pour lire l&rsquo;article depuis sa source.<\/a><\/p>\n","protected":false},"excerpt":{"rendered":"<p>L\u2019international alg\u00e9rien Islam Slimani, soci\u00e9taire de Fenerbah\u00e7e (Turquie), pourrait revenir \u00e0 son ancienne \u00e9quipe, le Sporting Lisbonne, \u00e0 partir de la saison prochaine, rapporte la presse portugaise. Tr\u00e8s peu utilis\u00e9 \u00e0 Fenerbah\u00e7e o\u00f9 il a \u00e9t\u00e9 pr\u00eat\u00e9 depuis le d\u00e9but de la saison, Slimani \u201cquittera certainement le club turc \u00e0 la fin de la saison\u201d. [&hellip;]<\/p>\n","protected":false},"author":1743,"featured_media":33877,"comment_status":"closed","ping_status":"closed","sticky":false,"template":"","format":"standard","meta":{"fifu_image_url":"","fifu_image_alt":"","footnotes":""},"categories":[73,53],"tags":[],"class_list":["post-33876","post","type-post","status-publish","format-standard","has-post-thumbnail","hentry","category-actualite","category-algerie"],"_links":{"self":[{"href":"https:\/\/linitiative.ca\/International\/wp-json\/wp\/v2\/posts\/33876","targetHints":{"allow":["GET"]}}],"collection":[{"href":"https:\/\/linitiative.ca\/International\/wp-json\/wp\/v2\/posts"}],"about":[{"href":"https:\/\/linitiative.ca\/International\/wp-json\/wp\/v2\/types\/post"}],"author":[{"embeddable":true,"href":"https:\/\/linitiative.ca\/International\/wp-json\/wp\/v2\/users\/1743"}],"replies":[{"embeddable":true,"href":"https:\/\/linitiative.ca\/International\/wp-json\/wp\/v2\/comments?post=33876"}],"version-history":[{"count":0,"href":"https:\/\/linitiative.ca\/International\/wp-json\/wp\/v2\/posts\/33876\/revisions"}],"wp:featuredmedia":[{"embeddable":true,"href":"https:\/\/linitiative.ca\/International\/wp-json\/"}],"wp:attachment":[{"href":"https:\/\/linitiative.ca\/International\/wp-json\/wp\/v2\/media?parent=33876"}],"wp:term":[{"taxonomy":"category","embeddable":true,"href":"https:\/\/linitiative.ca\/International\/wp-json\/wp\/v2\/categories?post=33876"},{"taxonomy":"post_tag","embeddable":true,"href":"https:\/\/linitiative.ca\/International\/wp-json\/wp\/v2\/tags?post=33876"}],"curies":[{"name":"wp","href":"https:\/\/api.w.org\/{rel}","templated":true}]}}