{"id":33881,"date":"2019-05-12T15:29:52","date_gmt":"2019-05-12T19:29:52","guid":{"rendered":"https:\/\/linitiative.ca\/International\/le-general-a-la-retraite-hocine-benhadid-place-sous-mandat-de-depot\/"},"modified":"2019-05-12T15:29:52","modified_gmt":"2019-05-12T19:29:52","slug":"le-general-a-la-retraite-hocine-benhadid-place-sous-mandat-de-depot","status":"publish","type":"post","link":"https:\/\/linitiative.ca\/International\/le-general-a-la-retraite-hocine-benhadid-place-sous-mandat-de-depot\/","title":{"rendered":"Le g\u00e9n\u00e9ral \u00e0 la retraite Hocine Benhadid plac\u00e9 sous mandat de d\u00e9p\u00f4t"},"content":{"rendered":"<p>Le g\u00e9n\u00e9ral \u00e0 la retraite Hocine Benhadid a \u00e9t\u00e9 plac\u00e9, aujourd\u2019hui dimanche, sous mandat de d\u00e9p\u00f4t par le tribunal de Sidi M\u2019Hamed (Alger), selon des sources concordantes.<\/p>\n<p>Benhadid a \u00e9t\u00e9 condamn\u00e9 en mars 2018 par le tribunal correctionnel de Sidi M\u2019Hamed \u00e0 une ann\u00e9e de prison avec sursis pour \u201d <a href=\"https:\/\/www.elwatan.com\/edition\/actualite\/le-general-benhadid-ecope-dune-annee-de-prison-avec-sursis-24-03-2018\">outrage \u00e0 corps constitu\u00e9<\/a>\u201c. Le g\u00e9n\u00e9ral \u00e0 la retrait\u00e9 avait \u00e9t\u00e9 incarc\u00e9r\u00e9 \u00e0 la prison de d\u2019El Harrache de septembre 2015 \u00e0 juillet 2016.<\/p>\n<p>Pour rappel, plusieurs anciens responsables (Said Bouteflika, Tartag et Toufik), des hommes d\u2019affaires dont \u00a0Rebrab et les Kouninef ainsi que la SG du PT, <a href=\"https:\/\/www.elwatan.com\/edition\/actualite\/incarceration-de-la-secretaire-generale-du-parti-des-travailleurs-pt-un-comite-national-pour-la-liberation-de-louisa-hanoune-12-05-2019\">Louisa Hanoune,<\/a> ont \u00e9t\u00e9 mis <a href=\"https:\/\/www.elwatan.com\/a-la-une\/syndicat-national-des-magistrats-il-est-impossible-de-parler-de-justice-independante-12-05-2019\">en prison ces derni\u00e8res semaines<\/a>.<\/p>\n<div class=\"yuzo_related_post style-1\" data-version=\"5.12.88\">\n<p><h3>Related Post<\/h3>\n<\/p>\n<div class=\"yuzo_wraps relatedthumb relatedpost-562553 c10\"><a href=\"https:\/\/www.elwatan.com\/edition\/actualite\/les-algeriens-ne-doivent-pas-croire-aux-affabulations-de-gaid-salah-07-03-2019\"\/><\/p>\n<p><span class=\"yuzo__text--title c9\">\u00abLes Alg\u00e9riens ne doivent pas croire aux affabulat&#8230;<\/span><\/div>\n<\/div>\n<p><span class=\"post-views-label\">Post Views:<\/span> <span class=\"post-views-count\">0<\/span><\/p>\n<p>Auteur: Farouk Djouadi<br \/>\n<a href=\"https:\/\/www.elwatan.com\/edition\/actualite\/le-general-a-la-retraite-hocine-benhadid-place-sous-mandat-de-depot-12-05-2019\">Cliquez ici pour lire l&rsquo;article depuis sa source.<\/a><\/p>\n","protected":false},"excerpt":{"rendered":"<p>Le g\u00e9n\u00e9ral \u00e0 la retraite Hocine Benhadid a \u00e9t\u00e9 plac\u00e9, aujourd\u2019hui dimanche, sous mandat de d\u00e9p\u00f4t par le tribunal de Sidi M\u2019Hamed (Alger), selon des sources concordantes. Benhadid a \u00e9t\u00e9 condamn\u00e9 en mars 2018 par le tribunal correctionnel de Sidi M\u2019Hamed \u00e0 une ann\u00e9e de prison avec sursis pour \u201d outrage \u00e0 corps constitu\u00e9\u201c. Le [&hellip;]<\/p>\n","protected":false},"author":1743,"featured_media":0,"comment_status":"closed","ping_status":"closed","sticky":false,"template":"","format":"standard","meta":{"fifu_image_url":"","fifu_image_alt":"","footnotes":""},"categories":[73,53],"tags":[],"class_list":["post-33881","post","type-post","status-publish","format-standard","hentry","category-actualite","category-algerie"],"_links":{"self":[{"href":"https:\/\/linitiative.ca\/International\/wp-json\/wp\/v2\/posts\/33881","targetHints":{"allow":["GET"]}}],"collection":[{"href":"https:\/\/linitiative.ca\/International\/wp-json\/wp\/v2\/posts"}],"about":[{"href":"https:\/\/linitiative.ca\/International\/wp-json\/wp\/v2\/types\/post"}],"author":[{"embeddable":true,"href":"https:\/\/linitiative.ca\/International\/wp-json\/wp\/v2\/users\/1743"}],"replies":[{"embeddable":true,"href":"https:\/\/linitiative.ca\/International\/wp-json\/wp\/v2\/comments?post=33881"}],"version-history":[{"count":0,"href":"https:\/\/linitiative.ca\/International\/wp-json\/wp\/v2\/posts\/33881\/revisions"}],"wp:attachment":[{"href":"https:\/\/linitiative.ca\/International\/wp-json\/wp\/v2\/media?parent=33881"}],"wp:term":[{"taxonomy":"category","embeddable":true,"href":"https:\/\/linitiative.ca\/International\/wp-json\/wp\/v2\/categories?post=33881"},{"taxonomy":"post_tag","embeddable":true,"href":"https:\/\/linitiative.ca\/International\/wp-json\/wp\/v2\/tags?post=33881"}],"curies":[{"name":"wp","href":"https:\/\/api.w.org\/{rel}","templated":true}]}}