{"id":33882,"date":"2019-05-12T04:00:00","date_gmt":"2019-05-12T08:00:00","guid":{"rendered":"https:\/\/linitiative.ca\/International\/ouided-bouchamaoui-tout-se-sait-tout-sapprend-a-washington\/"},"modified":"2019-05-12T04:00:00","modified_gmt":"2019-05-12T08:00:00","slug":"ouided-bouchamaoui-tout-se-sait-tout-sapprend-a-washington","status":"publish","type":"post","link":"https:\/\/linitiative.ca\/International\/ouided-bouchamaoui-tout-se-sait-tout-sapprend-a-washington\/","title":{"rendered":"Ouided Bouchamaoui: Tout se sait, tout s\u2019apprend \u00e0 Washington"},"content":{"rendered":"<p>Le prix Nobel de la Paix 2015 \u00e9tait tr\u00e8s sollicit\u00e9 \u00e0 Washington DC, tout au long de l\u2019intense semaine qu\u2019elle y avait pass\u00e9e, mi-avril. Ouided Bouchamaoui devait jongler avec un agenda fort charg\u00e9. Il y avait d\u2019abord les R\u00e9unions de printemps de la Banque mondiale et du FMI, avec tant de conf\u00e9rences, de s\u00e9minaires et de rencontres, mais aussi des entretiens avec des d\u00e9cisionnaires de haut niveau, des prises de parole devant des think tanks significatifs et des interviews avec d\u2019influents m\u00e9dias. Mme Bouchamaoui \u00e9tait notamment l\u2019invit\u00e9e d\u2019honneur du Rafik Hariri Center for Middle East pour un d\u00e9jeuner-d\u00e9bat mod\u00e9r\u00e9 par Damon Willson, Executive vice-president de l\u2019Atlantic Council. Elle a \u00e9galement pris la parole en guest-speaker lors du Washington Trilogue organis\u00e9 par la Bertelsmann Foundation, r\u00e9pondant aux questions notamment d\u2019Anne Applebaum, c\u00e9l\u00e8bre \u00e9ditorialiste au Washington Post. Tout en plaidant la cause de la Tunisie d\u00e9mocratique en qu\u00eate d\u2019essor pour son \u00e9conomie et de prosp\u00e9rit\u00e9 pour son peuple, Ouided Bouchamaoui a longuement interrog\u00e9 ses interlocuteurs quant \u00e0 leur perception du pays et leur appr\u00e9ciation de ses perspectives.<\/p>\n<h2>Interview express<\/h2>\n<p>Invit\u00e9e \u00e0 Washington DC comme Nobel Peace Prize laureate, j\u2019ai expos\u00e9 le processus d\u00e9mocratique en Tunisie, ce qui a \u00e9t\u00e9 fait et surtout ce qui reste \u00e0 faire.<\/p>\n<p>Les attentes de la population, la s\u00e9curit\u00e9 dans la r\u00e9gion ainsi que les prochaines \u00e9lections. J\u2019\u00e9tais tr\u00e8s surprise par la ma\u00eetrise de ce qui se passe en Tunisie de tous les petits d\u00e9tails (les deux congr\u00e8s de Nida, l\u2019ascension d\u2019Abir Moussi, etc).<\/p>\n<p>L\u2019image est tr\u00e8s positive vu que tout le processus a r\u00e9ussi principalement gr\u00e2ce \u00e0 la soci\u00e9t\u00e9 civile.<\/p>\n<p>Mes diff\u00e9rents interlocuteurs, que ce soit aux R\u00e9unions de printemps que dans les think tanks ou les m\u00e9dias, sont conscients des d\u00e9fis qui nous attendent : les r\u00e9formes \u00e9conomiques, le d\u00e9ficit budg\u00e9taire, le taux de ch\u00f4mage \u00e9lev\u00e9.<\/p>\n<p>Ils sont \u00e9galement admiratifs de la position de la femme en Tunisie et attendent avec impatience le vote de la loi relative \u00e0 l\u2019h\u00e9ritage!<\/p>\n<p>Afin d\u2019\u00e9tendre l\u2019image positive du pays, il y a lieu d\u2019un \u00e9change plus fr\u00e9quent dans les deux sens en plus des politiques. La communication doit \u00eatre bien \u00e9tudi\u00e9e avec un planning clair et une coordination. La soci\u00e9t\u00e9 civile doit \u00eatre plus pr\u00e9sente, les jeunes, les femmes ainsi que ceux qui ont r\u00e9ussi.<\/p>\n<p>Ma participation aux R\u00e9unions de printemps o\u00f9 ont converg\u00e9 plus de 5 000 hauts d\u00e9cisionnaires et personnalit\u00e9s influentes de 189 pays membres de la Banque mondiale et du FMI, a \u00e9t\u00e9 tr\u00e8s enrichissante. J\u2019ai particuli\u00e8rement aim\u00e9 la qualit\u00e9 des \u00e9tudes et rapports pr\u00e9sent\u00e9s, la pertinence des d\u00e9bats engag\u00e9s et le croisement d\u2019id\u00e9es innovantes. J\u2019ai vraiment beaucoup aim\u00e9, beaucoup appris, rencontr\u00e9 des personnalit\u00e9s tr\u00e8s int\u00e9ressantes de tous bords!<\/p>\n<p>Je souhaiterais que pour les prochaines r\u00e9unions, il y ait plus de d\u00e9put\u00e9s, plus de jeunes et plus de journalistes!<\/p>\n<p class=\"c2\"><strong><a href=\"https:\/\/www.leaders.com.tn\/le_mensuel_abonnez_vous\" target=\"_blank\" rel=\"noopener noreferrer\"><img loading=\"lazy\" decoding=\"async\" src=\"\/uploads\/FCK_files\/Bandeau-Leaders-1-copie(19).jpg\" alt=\"\" width=\"500\" vspace=\"5\" hspace=\"5\" height=\"128\" align=\"middle\"\/><\/a><\/strong><\/p>\n<p>Auteur:<br \/>\n<a href=\"https:\/\/www.leaders.com.tn\/article\/27094-ouided-bouchamaoui-tout-se-sait-tout-s-apprend-a-washington\">Cliquez ici pour lire l&rsquo;article depuis sa source.<\/a><\/p>\n","protected":false},"excerpt":{"rendered":"<p>Le prix Nobel de la Paix 2015 \u00e9tait tr\u00e8s sollicit\u00e9 \u00e0 Washington DC, tout au long de l\u2019intense semaine qu\u2019elle y avait pass\u00e9e, mi-avril. Ouided Bouchamaoui devait jongler avec un agenda fort charg\u00e9. Il y avait d\u2019abord les R\u00e9unions de printemps de la Banque mondiale et du FMI, avec tant de conf\u00e9rences, de s\u00e9minaires et [&hellip;]<\/p>\n","protected":false},"author":1772,"featured_media":33883,"comment_status":"closed","ping_status":"closed","sticky":false,"template":"","format":"standard","meta":{"fifu_image_url":"","fifu_image_alt":"","footnotes":""},"categories":[73,55],"tags":[],"class_list":["post-33882","post","type-post","status-publish","format-standard","has-post-thumbnail","hentry","category-actualite","category-tunisie"],"_links":{"self":[{"href":"https:\/\/linitiative.ca\/International\/wp-json\/wp\/v2\/posts\/33882","targetHints":{"allow":["GET"]}}],"collection":[{"href":"https:\/\/linitiative.ca\/International\/wp-json\/wp\/v2\/posts"}],"about":[{"href":"https:\/\/linitiative.ca\/International\/wp-json\/wp\/v2\/types\/post"}],"author":[{"embeddable":true,"href":"https:\/\/linitiative.ca\/International\/wp-json\/wp\/v2\/users\/1772"}],"replies":[{"embeddable":true,"href":"https:\/\/linitiative.ca\/International\/wp-json\/wp\/v2\/comments?post=33882"}],"version-history":[{"count":0,"href":"https:\/\/linitiative.ca\/International\/wp-json\/wp\/v2\/posts\/33882\/revisions"}],"wp:featuredmedia":[{"embeddable":true,"href":"https:\/\/linitiative.ca\/International\/wp-json\/"}],"wp:attachment":[{"href":"https:\/\/linitiative.ca\/International\/wp-json\/wp\/v2\/media?parent=33882"}],"wp:term":[{"taxonomy":"category","embeddable":true,"href":"https:\/\/linitiative.ca\/International\/wp-json\/wp\/v2\/categories?post=33882"},{"taxonomy":"post_tag","embeddable":true,"href":"https:\/\/linitiative.ca\/International\/wp-json\/wp\/v2\/tags?post=33882"}],"curies":[{"name":"wp","href":"https:\/\/api.w.org\/{rel}","templated":true}]}}