{"id":33886,"date":"2019-05-12T06:00:00","date_gmt":"2019-05-12T10:00:00","guid":{"rendered":"https:\/\/linitiative.ca\/International\/rachid-frank-zappa\/"},"modified":"2019-05-12T06:00:00","modified_gmt":"2019-05-12T10:00:00","slug":"rachid-frank-zappa","status":"publish","type":"post","link":"https:\/\/linitiative.ca\/International\/rachid-frank-zappa\/","title":{"rendered":"Rachid &amp; Frank Zappa"},"content":{"rendered":"<p>Rachid Alik, qui nous a quitt\u00e9s il y a quelques jours, animait au quotidien Le Matin\u00a0 une chronique TV sous la signature de Zappa. On pourrait croire que ce pseudonyme a \u00e9t\u00e9 choisi par rapport au zapping. Mais peut-\u00eatre qu\u2019il \u00e9tait fan de Frank Zappa. D\u2019ailleurs, ils se ressemblaient physiquement avec pratiquement la m\u00eame moustache. Le rocker am\u00e9ricain est mort \u00e0 l\u2019\u00e2ge de 52 ans, presque au\u00a0 m\u00eame \u00e2ge que Rachid Alik.\u00a0<\/p>\n<p><em><strong>K. B.<br \/>bakoukader@yahoo.fr<\/strong><\/em><\/p>\n<p>Auteur:<br \/>\n<a href=\"https:\/\/www.lesoirdalgerie.com\/culture\/rachid-frank-zappa-23691\">Cliquez ici pour lire l&rsquo;article depuis sa source.<\/a><\/p>\n","protected":false},"excerpt":{"rendered":"<p>Rachid Alik, qui nous a quitt\u00e9s il y a quelques jours, animait au quotidien Le Matin\u00a0 une chronique TV sous la signature de Zappa. On pourrait croire que ce pseudonyme a \u00e9t\u00e9 choisi par rapport au zapping. Mais peut-\u00eatre qu\u2019il \u00e9tait fan de Frank Zappa. D\u2019ailleurs, ils se ressemblaient physiquement avec pratiquement la m\u00eame moustache. [&hellip;]<\/p>\n","protected":false},"author":1741,"featured_media":0,"comment_status":"closed","ping_status":"closed","sticky":false,"template":"","format":"standard","meta":{"fifu_image_url":"","fifu_image_alt":"","footnotes":""},"categories":[73,53],"tags":[],"class_list":["post-33886","post","type-post","status-publish","format-standard","hentry","category-actualite","category-algerie"],"_links":{"self":[{"href":"https:\/\/linitiative.ca\/International\/wp-json\/wp\/v2\/posts\/33886","targetHints":{"allow":["GET"]}}],"collection":[{"href":"https:\/\/linitiative.ca\/International\/wp-json\/wp\/v2\/posts"}],"about":[{"href":"https:\/\/linitiative.ca\/International\/wp-json\/wp\/v2\/types\/post"}],"author":[{"embeddable":true,"href":"https:\/\/linitiative.ca\/International\/wp-json\/wp\/v2\/users\/1741"}],"replies":[{"embeddable":true,"href":"https:\/\/linitiative.ca\/International\/wp-json\/wp\/v2\/comments?post=33886"}],"version-history":[{"count":0,"href":"https:\/\/linitiative.ca\/International\/wp-json\/wp\/v2\/posts\/33886\/revisions"}],"wp:attachment":[{"href":"https:\/\/linitiative.ca\/International\/wp-json\/wp\/v2\/media?parent=33886"}],"wp:term":[{"taxonomy":"category","embeddable":true,"href":"https:\/\/linitiative.ca\/International\/wp-json\/wp\/v2\/categories?post=33886"},{"taxonomy":"post_tag","embeddable":true,"href":"https:\/\/linitiative.ca\/International\/wp-json\/wp\/v2\/tags?post=33886"}],"curies":[{"name":"wp","href":"https:\/\/api.w.org\/{rel}","templated":true}]}}