{"id":33887,"date":"2019-05-12T06:00:00","date_gmt":"2019-05-12T10:00:00","guid":{"rendered":"https:\/\/linitiative.ca\/International\/le-patrimoine-culturel-des-wilayas-du-sud-a-lhonneur\/"},"modified":"2019-05-12T06:00:00","modified_gmt":"2019-05-12T10:00:00","slug":"le-patrimoine-culturel-des-wilayas-du-sud-a-lhonneur","status":"publish","type":"post","link":"https:\/\/linitiative.ca\/International\/le-patrimoine-culturel-des-wilayas-du-sud-a-lhonneur\/","title":{"rendered":"Le patrimoine culturel des wilayas du Sud \u00e0 l&rsquo;honneur"},"content":{"rendered":"<p>Une premi\u00e8re soir\u00e9e ramadanesque de la\u00a0 manifestation \u00abNuits d&rsquo;Alger\u00bb a \u00e9t\u00e9 organis\u00e9e jeudi au palais de la culture\u00a0 Moufdi-Zakaria (Alger), marqu\u00e9e par une exposition exceptionnelle du\u00a0 patrimoine culturel et touristique des wilayas du sud du pays. Au d\u00e9but de la soir\u00e9e, une table d&rsquo;el iftar traditionnelle avec diff\u00e9rents\u00a0 plats sp\u00e9cifiques au Sud alg\u00e9rien a \u00e9t\u00e9 organis\u00e9e\u00a0 avant que\u00a0 les participants ne sillonnent les diff\u00e9rentes expositions sur les objets\u00a0 traditionnels et les sites historiques et arch\u00e9ologiques, sur le patrimoine culturel immat\u00e9riel du continent africain&#8230; Parmi les participants \u00e0 cet \u00e9v\u00e8nement figure la pr\u00e9sidente de l&rsquo;association culturelle Ihiket de l&rsquo;artisanat \u00e0 Tamanrasset, Tati Fatma,\u00a0 qui a d\u00e9cor\u00e9 le Palais de la culture avec une tente targuie traditionnelle, refl\u00e9tant ainsi la richesse et la diversit\u00e9 de l&rsquo;art local. Saluant cette manifestation, Mme Tati l&rsquo;a qualifi\u00e9e \u00abd&rsquo;occasion importante pour l&rsquo;\u00e9change culturel inter-wilayas\u00bb.\u00a0<br \/>Cette soir\u00e9e a \u00e9t\u00e9 marqu\u00e9e \u00e9galement par la participation d&rsquo;autres artisans \u00e0 l&rsquo;image de Mohamedi Ahmed (commune de Messaad, Djelfa),\u00a0 sp\u00e9cialiste en burnous en poils et en kachabia ainsi que Daghmane Dalila (Ouargla), sp\u00e9cialis\u00e9e en broderie et habit traditionnel de Touggourt.\u00a0<br \/>Organis\u00e9e par le minist\u00e8re de la Culture en collaboration avec le\u00a0 minist\u00e8re du Tourisme dans le cadre de la c\u00e9l\u00e9bration des soir\u00e9es\u00a0 ramadanesques et le mois du patrimoine, cette manifestation a vu la\u00a0 pr\u00e9sence des ministres de la Culture, Meriem Merdaci, du Tourisme et de l&rsquo;Artisanat, Abdelkader Messaoud, des Affaires \u00e9trang\u00e8res, Sabri Boukadoum, et de la Communication et porte-parole du gouvernement, Hassan Rabhi. A cette occasion, la ministre de la Culture a estim\u00e9 que cette manifestation\u00a0 se veut \u00abun renforcement et une valorisation de l&rsquo;image de l&rsquo;Alg\u00e9rie aussi bien \u00e0 l&rsquo;int\u00e9rieur qu&rsquo;\u00e0 l&rsquo;ext\u00e9rieur en faisant conna\u00eetre la richesse des\u00a0 constantes culturelle, touristique et patrimoniale de toute l&rsquo;Alg\u00e9rie\u00bb.\u00a0<br \/>Pour sa part, le ministre du Tourisme a indiqu\u00e9 que les \u00abNuits d&rsquo;Alger\u00bb\u00a0 visent \u00e0 concr\u00e9tiser l&rsquo;image de l&rsquo;Alg\u00e9rie avec \u00abson patrimoine culturel\u00a0 diversifi\u00e9 et ses appartenances \u00e0 la M\u00e9diterran\u00e9e, au Sahara et autres\u00bb. Trois autres soir\u00e9es sont attendues \u00e9galement tous les jeudis de ce\u00a0 mois de Ramadhan, lesquelles seront consacr\u00e9es respectivement \u00e0 l&rsquo;ouest, au\u00a0 centre et \u00e0 l&rsquo;est du pays.\u00a0<\/p>\n<p>Auteur:<br \/>\n<a href=\"https:\/\/www.lesoirdalgerie.com\/culture\/le-patrimoine-culturel-des-wilayas-du-sud-a-lhonneur-23690\">Cliquez ici pour lire l&rsquo;article depuis sa source.<\/a><\/p>\n","protected":false},"excerpt":{"rendered":"<p>Une premi\u00e8re soir\u00e9e ramadanesque de la\u00a0 manifestation \u00abNuits d&rsquo;Alger\u00bb a \u00e9t\u00e9 organis\u00e9e jeudi au palais de la culture\u00a0 Moufdi-Zakaria (Alger), marqu\u00e9e par une exposition exceptionnelle du\u00a0 patrimoine culturel et touristique des wilayas du sud du pays. Au d\u00e9but de la soir\u00e9e, une table d&rsquo;el iftar traditionnelle avec diff\u00e9rents\u00a0 plats sp\u00e9cifiques au Sud alg\u00e9rien a \u00e9t\u00e9 [&hellip;]<\/p>\n","protected":false},"author":1741,"featured_media":0,"comment_status":"closed","ping_status":"closed","sticky":false,"template":"","format":"standard","meta":{"fifu_image_url":"","fifu_image_alt":"","footnotes":""},"categories":[73,53],"tags":[],"class_list":["post-33887","post","type-post","status-publish","format-standard","hentry","category-actualite","category-algerie"],"_links":{"self":[{"href":"https:\/\/linitiative.ca\/International\/wp-json\/wp\/v2\/posts\/33887","targetHints":{"allow":["GET"]}}],"collection":[{"href":"https:\/\/linitiative.ca\/International\/wp-json\/wp\/v2\/posts"}],"about":[{"href":"https:\/\/linitiative.ca\/International\/wp-json\/wp\/v2\/types\/post"}],"author":[{"embeddable":true,"href":"https:\/\/linitiative.ca\/International\/wp-json\/wp\/v2\/users\/1741"}],"replies":[{"embeddable":true,"href":"https:\/\/linitiative.ca\/International\/wp-json\/wp\/v2\/comments?post=33887"}],"version-history":[{"count":0,"href":"https:\/\/linitiative.ca\/International\/wp-json\/wp\/v2\/posts\/33887\/revisions"}],"wp:attachment":[{"href":"https:\/\/linitiative.ca\/International\/wp-json\/wp\/v2\/media?parent=33887"}],"wp:term":[{"taxonomy":"category","embeddable":true,"href":"https:\/\/linitiative.ca\/International\/wp-json\/wp\/v2\/categories?post=33887"},{"taxonomy":"post_tag","embeddable":true,"href":"https:\/\/linitiative.ca\/International\/wp-json\/wp\/v2\/tags?post=33887"}],"curies":[{"name":"wp","href":"https:\/\/api.w.org\/{rel}","templated":true}]}}