{"id":33888,"date":"2019-05-12T06:00:00","date_gmt":"2019-05-12T10:00:00","guid":{"rendered":"https:\/\/linitiative.ca\/International\/ouverture-de-la-manifestation-souvenons-nous-des-amis-artistes\/"},"modified":"2019-05-12T06:00:00","modified_gmt":"2019-05-12T10:00:00","slug":"ouverture-de-la-manifestation-souvenons-nous-des-amis-artistes","status":"publish","type":"post","link":"https:\/\/linitiative.ca\/International\/ouverture-de-la-manifestation-souvenons-nous-des-amis-artistes\/","title":{"rendered":"Ouverture de la manifestation  \u00abSouvenons-nous des amis artistes\u00bb"},"content":{"rendered":"<p>Les repr\u00e9sentations de la deuxi\u00e8me \u00e9dition de la\u00a0 manifestation culturelle et artistique \u00abSouvenons-nous des amis artistes\u00bb ont d\u00e9but\u00e9 jeudi, dans la soir\u00e9e, \u00e0 la salle de plein air de la Cin\u00e9math\u00e8que\u00a0 nationale de B\u00e9char, sous le signe \u00abTous pour un art de qualit\u00e9\u00bb. Une centaine d\u2019artistes du cru animent cette manifestation, dont le coup d\u2019envoi a \u00e9t\u00e9 donn\u00e9 par le nouvel orchestre de musique classique de B\u00e9char,\u00a0 conduit par le musicien Amar Amroun, compositeur et auteur de plusieurs musiques de films et documentaires de t\u00e9l\u00e9vision. Le passage sur sc\u00e8ne de cette formation n\u2019a pas laiss\u00e9 indiff\u00e9rent le\u00a0 public pr\u00e9sent \u00e0 cette premi\u00e8re soir\u00e9e, qui a appr\u00e9ci\u00e9 plusieurs morceaux de musique classique alg\u00e9rienne et autres, pr\u00e9sent\u00e9s par cette formation musicale compos\u00e9e d\u2019une dizaine de musiciens de la r\u00e9gion.\u00a0<br \/>Initi\u00e9e par l\u2019association culturelle et artistique Saharienne, cette manifestation, qui se poursuivra jusqu\u2019au 30 mai courant, est \u00abune contribution b\u00e9n\u00e9vole du mouvement associatif local pour le d\u00e9veloppement et la promotion des arts et des traditions culturelles et musicales de la Saoura durant le mois de Ramadhan, a indiqu\u00e9 \u00e0 l\u2019APS le pr\u00e9sident de Saharienne, Noureddine Rahou. \u00abAvec l\u2019aide et la contribution de la Cin\u00e9math\u00e8que nationale, nous avons\u00a0 organis\u00e9 avec nos moyens financiers et logistiques cette manifestation, qui\u00a0 vient comme preuve que la soci\u00e9t\u00e9 civile peut se prendre en charge et\u00a0 apporter sa part de contribution au d\u00e9veloppement culturel de la r\u00e9gion\u00bb,\u00a0 a-t-il soulign\u00e9.\u00a0<br \/>Cette deuxi\u00e8me \u00e9dition de \u00abSouvenons-nous des amis artistes\u00bb est un espace propice \u00e0 la promotion des cultures et musiques traditionnelles et populaires de la Saoura, et ce, \u00e0 travers la programmation de plusieurs\u00a0 spectacles de troupes et formations musicales, de danses et chor\u00e9graphies traditionnelles de la r\u00e9gion, signale M. Rahou. La sc\u00e8ne artistique de cette manifestation, dont les repr\u00e9sentations sont pr\u00e9vues d\u00e8s la fin des pri\u00e8res des tarawih, verra le passage des formations artistiques invit\u00e9es, notamment celles de musique et danse diwane, hadra, medh et aissaoua. Cette derni\u00e8re sera conduite par le cheikh Baba Zegmir, l\u2019un des ma\u00eetres de la voie soufie dans le pays. La troupe f\u00e9minine de medh de la r\u00e9gion frontali\u00e8re de B\u00e9ni-Ounif est\u00a0 \u00e9galement au programme de cette manifestation, dans le but de mettre en\u00a0 exergue le r\u00f4le des femmes dans la pr\u00e9servation et la promotion du chant religieux local qui fait partie int\u00e9grante du patrimoine culturel et religieux de la Saoura, selon le responsable de l\u2019association Saharienne.\u00a0<br \/>Cette troupe, form\u00e9e il y a deux ann\u00e9es \u00e0 l\u2019initiative de l\u2019association culturelle Rahik, fait revivre toute une tradition de medh et autres chants religieux f\u00e9minin et dont les textes chant\u00e9s sont puis\u00e9s dans les po\u00e8mes des diff\u00e9rents po\u00e8tes et chouyoukh de la Saoura, soit un patrimoine po\u00e9tique de plusieurs si\u00e8cles, selon Mlle Ikram Ayachi, repr\u00e9sentante de\u00a0 cette troupe. Des expositions de travaux artistiques (peinture, tableaux de sable,\u00a0 couture traditionnelle, d\u2019artisanat et autres travaux artistiques) sont aussi au menu de cette manifestation, soutenue par des bienfaiteurs locaux.\u00a0\u00a0<\/p>\n<p>Auteur:<br \/>\n<a href=\"https:\/\/www.lesoirdalgerie.com\/culture\/ouverture-de-la-manifestation-souvenons-nous-des-amis-artistes-23689\">Cliquez ici pour lire l&rsquo;article depuis sa source.<\/a><\/p>\n","protected":false},"excerpt":{"rendered":"<p>Les repr\u00e9sentations de la deuxi\u00e8me \u00e9dition de la\u00a0 manifestation culturelle et artistique \u00abSouvenons-nous des amis artistes\u00bb ont d\u00e9but\u00e9 jeudi, dans la soir\u00e9e, \u00e0 la salle de plein air de la Cin\u00e9math\u00e8que\u00a0 nationale de B\u00e9char, sous le signe \u00abTous pour un art de qualit\u00e9\u00bb. Une centaine d\u2019artistes du cru animent cette manifestation, dont le coup d\u2019envoi [&hellip;]<\/p>\n","protected":false},"author":1741,"featured_media":0,"comment_status":"closed","ping_status":"closed","sticky":false,"template":"","format":"standard","meta":{"fifu_image_url":"","fifu_image_alt":"","footnotes":""},"categories":[73,53],"tags":[],"class_list":["post-33888","post","type-post","status-publish","format-standard","hentry","category-actualite","category-algerie"],"_links":{"self":[{"href":"https:\/\/linitiative.ca\/International\/wp-json\/wp\/v2\/posts\/33888","targetHints":{"allow":["GET"]}}],"collection":[{"href":"https:\/\/linitiative.ca\/International\/wp-json\/wp\/v2\/posts"}],"about":[{"href":"https:\/\/linitiative.ca\/International\/wp-json\/wp\/v2\/types\/post"}],"author":[{"embeddable":true,"href":"https:\/\/linitiative.ca\/International\/wp-json\/wp\/v2\/users\/1741"}],"replies":[{"embeddable":true,"href":"https:\/\/linitiative.ca\/International\/wp-json\/wp\/v2\/comments?post=33888"}],"version-history":[{"count":0,"href":"https:\/\/linitiative.ca\/International\/wp-json\/wp\/v2\/posts\/33888\/revisions"}],"wp:attachment":[{"href":"https:\/\/linitiative.ca\/International\/wp-json\/wp\/v2\/media?parent=33888"}],"wp:term":[{"taxonomy":"category","embeddable":true,"href":"https:\/\/linitiative.ca\/International\/wp-json\/wp\/v2\/categories?post=33888"},{"taxonomy":"post_tag","embeddable":true,"href":"https:\/\/linitiative.ca\/International\/wp-json\/wp\/v2\/tags?post=33888"}],"curies":[{"name":"wp","href":"https:\/\/api.w.org\/{rel}","templated":true}]}}