{"id":33890,"date":"2019-05-12T06:00:00","date_gmt":"2019-05-12T10:00:00","guid":{"rendered":"https:\/\/linitiative.ca\/International\/salade-composee-au-riz\/"},"modified":"2019-05-12T06:00:00","modified_gmt":"2019-05-12T10:00:00","slug":"salade-composee-au-riz","status":"publish","type":"post","link":"https:\/\/linitiative.ca\/International\/salade-composee-au-riz\/","title":{"rendered":"Salade compos\u00e9e au riz"},"content":{"rendered":"<p><em><strong>300 g de riz \u00e0 grains longs,\u00a0<br \/>10 c.\u00e0.s. de mayonnaise, 100 g de fromage r\u00e2p\u00e9, 1\u00a0 bo\u00eete de ma\u00efs en conserve, une bo\u00eete\u00a0 de thon en conserve, 1 petit bol de petits pois poch\u00e9s, 1 petit bol de carottes d\u00e9coup\u00e9es en d\u00e9s et poch\u00e9es, 1 petit bol de pommes de terre d\u00e9coup\u00e9es en d\u00e9s et poch\u00e9es, 1 petit bol de haricots verts poch\u00e9s \u00ad\u00ad\u00ad\u00ad<\/strong><\/em><\/p>\n<p><em><strong>Garniture :<br \/>1 concombre d\u00e9coup\u00e9 en fines rondelles, 2 c. \u00e0. s. de ma\u00efs en conserve,1 carotte r\u00e2p\u00e9e, quelques olives noires, la peau d&rsquo;une tomate, quelques feuilles de persil<\/strong><\/em><\/p>\n<p>Faire cuire le riz dans de l&rsquo;eau sal\u00e9e. \u00c9goutter et r\u00e9server quelques minutes avant de le mettre dans un r\u00e9cipient. Y ajouter 3 c. \u00e0. s. de mayonnaise, le fromage r\u00e2p\u00e9, la moiti\u00e9 du ma\u00efs et le thon.\u00a0<br \/>M\u00e9langer le tout.<br \/>Mettre les l\u00e9gumes poch\u00e9s dans un autre r\u00e9cipient, ajouter le reste de ma\u00efs et 2 c .\u00e0. s. de mayonnaise puis m\u00e9langer le tout.<br \/>Verser le m\u00e9lange de riz dans un moule rectangulaire, bien le tasser \u00e0 l&rsquo;aide du dos d&rsquo;une cuill\u00e8re.<br \/>Recouvrir avec le m\u00e9lange de l\u00e9gumes et tasser \u00e0 nouveau. Garder au r\u00e9frig\u00e9rateur environ 30 minutes.<br \/>Renverser la salade dans un plat de pr\u00e9sentation. Mettre la mayonnaise dans une poche \u00e0 douille et en garnir la salade. Disposer la carotte r\u00e2p\u00e9e et les grains de ma\u00efs sur les 2 extr\u00e9mit\u00e9s de la salade puis les garnir d&rsquo;olives noires. Enrouler la peau d&rsquo;une tomate en forme de fleur et la mettre au centre de la salade avec quelques feuilles de persil. Entourer le riz de rondelles de concombre puis assaisonner le tout d&rsquo;une sauce vinaigrette. Servir aussit\u00f4t.<\/p>\n<p>Auteur:<br \/>\n<a href=\"https:\/\/www.lesoirdalgerie.com\/femme-magazine\/salade-composee-au-riz-23687\">Cliquez ici pour lire l&rsquo;article depuis sa source.<\/a><\/p>\n","protected":false},"excerpt":{"rendered":"<p>300 g de riz \u00e0 grains longs,\u00a010 c.\u00e0.s. de mayonnaise, 100 g de fromage r\u00e2p\u00e9, 1\u00a0 bo\u00eete de ma\u00efs en conserve, une bo\u00eete\u00a0 de thon en conserve, 1 petit bol de petits pois poch\u00e9s, 1 petit bol de carottes d\u00e9coup\u00e9es en d\u00e9s et poch\u00e9es, 1 petit bol de pommes de terre d\u00e9coup\u00e9es en d\u00e9s et [&hellip;]<\/p>\n","protected":false},"author":1741,"featured_media":0,"comment_status":"closed","ping_status":"closed","sticky":false,"template":"","format":"standard","meta":{"fifu_image_url":"","fifu_image_alt":"","footnotes":""},"categories":[73,53],"tags":[],"class_list":["post-33890","post","type-post","status-publish","format-standard","hentry","category-actualite","category-algerie"],"_links":{"self":[{"href":"https:\/\/linitiative.ca\/International\/wp-json\/wp\/v2\/posts\/33890","targetHints":{"allow":["GET"]}}],"collection":[{"href":"https:\/\/linitiative.ca\/International\/wp-json\/wp\/v2\/posts"}],"about":[{"href":"https:\/\/linitiative.ca\/International\/wp-json\/wp\/v2\/types\/post"}],"author":[{"embeddable":true,"href":"https:\/\/linitiative.ca\/International\/wp-json\/wp\/v2\/users\/1741"}],"replies":[{"embeddable":true,"href":"https:\/\/linitiative.ca\/International\/wp-json\/wp\/v2\/comments?post=33890"}],"version-history":[{"count":0,"href":"https:\/\/linitiative.ca\/International\/wp-json\/wp\/v2\/posts\/33890\/revisions"}],"wp:attachment":[{"href":"https:\/\/linitiative.ca\/International\/wp-json\/wp\/v2\/media?parent=33890"}],"wp:term":[{"taxonomy":"category","embeddable":true,"href":"https:\/\/linitiative.ca\/International\/wp-json\/wp\/v2\/categories?post=33890"},{"taxonomy":"post_tag","embeddable":true,"href":"https:\/\/linitiative.ca\/International\/wp-json\/wp\/v2\/tags?post=33890"}],"curies":[{"name":"wp","href":"https:\/\/api.w.org\/{rel}","templated":true}]}}