{"id":33896,"date":"2019-05-12T06:18:55","date_gmt":"2019-05-12T10:18:55","guid":{"rendered":"https:\/\/linitiative.ca\/International\/dun-ramadan-a-lautre-le-long-chemin-du-foot-marocain\/"},"modified":"2019-05-12T06:18:55","modified_gmt":"2019-05-12T10:18:55","slug":"dun-ramadan-a-lautre-le-long-chemin-du-foot-marocain","status":"publish","type":"post","link":"https:\/\/linitiative.ca\/International\/dun-ramadan-a-lautre-le-long-chemin-du-foot-marocain\/","title":{"rendered":"D\u2019un Ramadan \u00e0 l\u2019autre, le long chemin du foot marocain"},"content":{"rendered":"<p class=\"p1\"><strong>Moscou 2018<\/strong><\/p>\n<div class=\"c10\"\/>\n<p class=\"p2\">Rappelez-vous c\u2019\u00e9tait au mois de juin 2018, un jour de vendredi et de surcro\u00eet un jour de f\u00eate, et pas n\u2019importe quelle f\u00eate, la f\u00eate de l\u2019A\u00efd El Fitr, celle qui cl\u00f4ture le mois de Ramadan.<\/p>\n<p class=\"p3\">L\u2019an dernier donc, quasiment jour pour jour, \u00e0 un mois pr\u00e8s tout de m\u00eame, l\u2019\u00e9quipe nationale de football d\u00e9butait \u00ab sa\u00bb Coupe du monde 2018. Souvenez-vous encore, c\u2019\u00e9tait contre l\u2019Iran, un match perdu, en d\u00e9pit du bon sens, mais perdu dans tous les sens du terme car la d\u00e9faite, en ce jour de f\u00eate des plus symboliques, fut cruellement ressentie au Maroc. D\u2019autant plus que face \u00e0 l\u2019Iran, les Lions de l\u2019Atlas d\u2019Herv\u00e9 Renard et Fouzi Lekjaa jouaient l\u00e0, ce qui paraissait \u00eatre le match le plus abordable du Mondial 2018, un Mondial que l\u2019on retrouvait apr\u00e8s une \u00e9clipse de 20 ans.<\/p>\n<p class=\"p3\">Ah oui, la gifle avait \u00e9t\u00e9 brutale et tous, nous la pr\u00eemes de plein fouet. Surtout les plus contempteurs d\u2019entre nous, ceux qui tressent les lauriers des victoires bien avant les matchs et qui, apr\u00e8s coup, n\u2019en sont que de plus f\u00e9roces accusateurs.<\/p>\n<p class=\"p3\">Il en aura entendu des vertes et des pas m\u00fbres, le sieur Renard, coach adul\u00e9 apr\u00e8s la qualification \u00e0 cette Coupe du monde de Russie, mais jet\u00e9 aux orties apr\u00e8s le coup de massue iranien.<\/p>\n<p class=\"p3\">Rien n\u2019est jamais simple en football surtout dans le foot marocain o\u00f9 la tentation de br\u00fbler tout ce qu\u2019on a ador\u00e9 est toujours vivace.<\/p>\n<p class=\"p3\">Heureusement, pour la survie des choses, les Lions de l\u2019Atlas se remirent \u00e0 rugir et la prestation finale contre l\u2019Espagne, dernier match de notre campagne de Russie fit oublier la d\u00e9faite face \u00e0 l\u2019Iran.<\/p>\n<p class=\"p3\">Et comme en 1970, d\u00e9j\u00e0 au si\u00e8cle dernier, date de la premi\u00e8re participation \u00e0 un Mondial de foot, la bande \u00e0 Benatia revint au Maroc avec les honneurs, comme ce fut le cas pour l\u2019\u00e9quipe de feu Bamous.<\/p>\n<p class=\"p3\">M\u00eame sort, m\u00eame conclusion \u00e0 pr\u00e8s de cinquante ann\u00e9es de distance : on avait particip\u00e9 \u00e0 une Coupe du Monde, on y avait jou\u00e9 le premier tour, on n\u2019y avait gagn\u00e9 aucun match, mais l\u2019impression g\u00e9n\u00e9rale laiss\u00e9e par la prestation marocaine avait \u00e9t\u00e9 plus que satisfaisante.<\/p>\n<p class=\"p3\">Mission accomplie donc pour les Lions de l\u2019Atlas version Ziyech et Nasri ?<\/p>\n<p class=\"p3\">Oui, comme le fut celle de la g\u00e9n\u00e9ration des feux Allal et Houmane.<\/p>\n<p class=\"p3\">Cependant, en cinquante ann\u00e9es, le monde a chang\u00e9 bien s\u00fbr. Si la performance de 1970 a perdur\u00e9 dans le temps et restera \u00e9voqu\u00e9e durant des d\u00e9cennies comme un glorieux fait du si\u00e8cle pass\u00e9, celle de Moscou 2018 fut largement contest\u00e9e par divers commentateurs et r\u00e9seaux sociaux aidant, on tomba m\u00eame tr\u00e8s bas, car la d\u00e9sinformation s\u2019en m\u00eala et Moscou 2018 devint sinon un naufrage, du moins un ratage.<\/p>\n<p class=\"p3\">Un ratage dont on essuie les effets encore aujourd\u2019hui, puisque le limogeage de Nacer Larguet, l\u2019ex-DTN de la FRMF n\u2019est que la cons\u00e9quence dudit Mondial 2018 beaucoup plus qu\u2019il n\u2019est d\u00fb aux r\u00e9sultats des \u00e9quipes de jeunes et olympique.<\/p>\n<p class=\"p3\">Rappelons-nous que c\u2019est au lendemain de la Coupe du Monde, qu\u2019au cours d\u2019une conf\u00e9rence de presse \u00e0 l\u2019agence MAP que le pr\u00e9sident de la FRMF,<span class=\"Apple-converted-space\">\u00a0<\/span> Fouzi Lekjaa s\u2019\u00e9tait interrog\u00e9, publiquement, sur le r\u00f4le r\u00e9el du DTN, et qu\u2019il avait annonc\u00e9 qu\u2019il allait faire \u00abauditer\u00bb son travail par un bureau \u00e9tranger sp\u00e9cialiste des questions techniques, ajoutant m\u00eame <em>\u00ab Moi Lekjaa, je ne suis que le pr\u00e9sident de la FRMF, je n\u2019ai pas les comp\u00e9tences pour analyser un travail technique, il y a des personnes qui peuvent le faire et ils vont s\u2019en charger \u00bb<\/em>.<\/p>\n<p class=\"p3\">L\u2019audit autour du v\u00e9ritable r\u00f4le du DTN dans le foot national a pris fin et ses conclusions ont amen\u00e9 le limogeage de Nacer Larguet, la semaine derni\u00e8re. Le communiqu\u00e9 officiel de la FRMF a soulev\u00e9 un tout petit d\u00e9bat, m\u00eame si certains ont voulu pol\u00e9miquer en y voyant un imbroglio complotiste.<\/p>\n<p class=\"p3\">La d\u00e9cision de la FRMF \u00e9tait pr\u00e9par\u00e9e, r\u00e9p\u00e9tons-le, depuis la fin du dernier mondial.<\/p>\n<p class=\"p3\">Elle a \u00e9t\u00e9 act\u00e9e tardivement, mais elle est arriv\u00e9e \u00e0 quelques semaines du d\u00e9but de la CAN 2019. Herv\u00e9 Renard, toujours grand seigneur, a eu les mots de r\u00e9confort envers un DTN dont il estimait la personnalit\u00e9. Sinon, on a vu que pas grand monde n\u2019a regrett\u00e9 le d\u00e9part d\u2019un DTN dont le travail \u00e9tait invisible pour beaucoup. Mais on le sait, il n\u2019y a pas pire aveugle que celui qui ne veut pas voir. Et on se contentera de dire cela pour passer \u00e0 autre chose.<\/p>\n<p class=\"p1\"><strong>La CAN 2019 et le Ramadan<\/strong><\/p>\n<p class=\"p5\">Dans un peu plus d\u2019un mois, \u00e0 partir de ce jour, aura lieu la Coupe d\u2019Afrique des Nations en Egypte. Cette CAN 2019, forte de 24 s\u00e9lections nationales (un record in\u00e9dit) et qui va se mouiller dans l\u2019implacable chaleur du pays des pharaons, a \u00e9t\u00e9 plac\u00e9e par la vox-populi marocaine, comme celle o\u00f9 nos Lions de l\u2019Atlas vont enfin corriger une incongruit\u00e9, celle qui depuis 76 et notre dernier titre africain, nous emp\u00eache d\u2019\u00eatre couronn\u00e9s \u00e0 nouveau.<\/p>\n<p class=\"p3\">C\u2019est dire que l\u2019enjeu est d\u2019ores et d\u00e9j\u00e0 \u00e9norme et le d\u00e9fi, plac\u00e9 dans les pieds et sur les \u00e9paules des co\u00e9quipiers de Ziyech est purement gigantesque et \u2026 imprudent.<\/p>\n<p class=\"p3\">Comment peut-on d\u00e9cider qu\u2019en Juillet 2019 \u00e0 la fin de la comp\u00e9tition on sera couronn\u00e9 champion continental ? Que Lekjaa en tant que pr\u00e9sident ait consid\u00e9r\u00e9 que le foot marocain devait gagner le troph\u00e9e, est une ambition normale. Comme est tout \u00e0 fait normal que Renard ait pr\u00e9f\u00e9r\u00e9 temp\u00e9rer les choses en consid\u00e9rant que non seulement, il est pr\u00e9matur\u00e9 de parler de finale et de victoire alors que le premier match du premier tour n\u2019est m\u00eame pas commenc\u00e9, mais qu\u2019en Egypte il y aura d\u2019autres \u00e9quipes qui peuvent pr\u00e9tendre \u00e0 la victoire supr\u00eame.<\/p>\n<p class=\"p3\">Question de points de vue, bien s\u00fbr et en parlant ainsi, chacun est dans son r\u00f4le, mais l\u2019essentiel est ailleurs comme d\u2019habitude. Personne ne peut nier que le Maroc, vu le niveau de son effectif et le travail accompli par toute la structure f\u00e9d\u00e9rale, se doit d\u2019\u00eatre parmi les grands favoris de cette comp\u00e9tition. Notre histoire l\u2019exige, notre ambition l\u2019impose et nos moyens techniques, strat\u00e9giques et financiers, nous permettent de nourrir ce r\u00eave.<\/p>\n<p class=\"p3\">Et surtout qu\u2019on ne vienne pas nous dire que Renard ne veut pas gagner, qu\u2019il va partir apr\u00e8s la CAN et que m\u00eame, il est d\u00e9j\u00e0 parti parce qu\u2019il aurait \u00e9t\u00e9 voir ailleurs (o\u00f9 ?) et que la FRMF est \u00e0 la recherche de son rempla\u00e7ant.<\/p>\n<p class=\"p3\">Tout cela n\u2019est que balivernes et stupidit\u00e9s. Des fakes- news ! comme le dirait un certain Donald.<\/p>\n<p class=\"p3\">Comment peut-on penser qu\u2019un gars comme Renard n\u2019ambitionnait pas d\u2019enrichir son palmar\u00e8s d\u00e9j\u00e0 riche de deux CAN, avec une troisi\u00e8me qui le ferait entrer dans la l\u00e9gende du foot africain ? Loin devant tous les coachs, m\u00eame devant son mentor Claude Leroy. Il deviendrait ainsi le seul technicien \u00e0 avoir gagn\u00e9 3 troph\u00e9es avec 3 pays diff\u00e9rents. Qui peut d\u00e9daigner un exploit pareil ?<\/p>\n<p class=\"p3\">Quant \u00e0 d\u00e9sirer que Renard parte, parce qu\u2019on n\u2019aime pas le voir porter une chemise blanche, parce qu\u2019il pr\u00e9f\u00e8rerait vivre au S\u00e9n\u00e9gal et qu\u2019il se pr\u00e9parerait \u00e0 aller gagner plus de dollars ailleurs, ce serait m\u00e9conna\u00eetre l\u2019intelligence d\u2019un homme comme Lekjaa qui sait ce que le foot national doit \u00e0 Renard.<\/p>\n<p class=\"p3\">Renard est un homme s\u00e9rieux, organis\u00e9, humain, professionnel en un mot. Cela s\u2019est vu dans l\u2019\u00e9volution des Lions de l\u2019Atlas, car il y a d\u00e9sormais un groupe o\u00f9 cohabitent une mosa\u00efque de joueurs qui ne se sont jamais aussi bien entendus. Et bien vivre ensemble est la vraie garantie du bien jouer ensemble.<\/p>\n<p class=\"p3\">Le caract\u00e8re modeste de Renard a fait que l\u2019on ait \u00e9chapp\u00e9 \u00e0 un ent\u00eatement qui nous aurait priv\u00e9 de l\u2019apport de Ziyech comme celui de Zaki nous avait priv\u00e9, \u00e0 un moment de l\u2019histoire, de Naybet.<\/p>\n<p class=\"p3\">Rien que pour cela, on reste optimistes pour le devenir du foot marocain.<\/p>\n<p class=\"p3\">Avec Lekjaa et Renard.<span class=\"s2\">\u00a0<\/span><\/p>\n<div class=\"c17\">\n<fieldset class=\"c16\">\n<legend><strong><span class=\"c11\">Challenge<\/span><span class=\"c12\">news<\/span><\/strong><\/legend>\n<div class=\"c15\">Le meilleur de la r\u00e9daction s\u00e9lectionn\u00e9 par Challenge :<\/p>\n<\/div>\n<\/fieldset>\n<\/div>\n<p>Auteur: Najib Salmi<br \/>\n<a href=\"https:\/\/www.challenge.ma\/dun-ramadan-a-lautre-le-long-chemin-du-foot-marocain-108982\/\">Cliquez ici pour lire l&rsquo;article depuis sa source.<\/a><\/p>\n","protected":false},"excerpt":{"rendered":"<p>Moscou 2018 Rappelez-vous c\u2019\u00e9tait au mois de juin 2018, un jour de vendredi et de surcro\u00eet un jour de f\u00eate, et pas n\u2019importe quelle f\u00eate, la f\u00eate de l\u2019A\u00efd El Fitr, celle qui cl\u00f4ture le mois de Ramadan. L\u2019an dernier donc, quasiment jour pour jour, \u00e0 un mois pr\u00e8s tout de m\u00eame, l\u2019\u00e9quipe nationale de [&hellip;]<\/p>\n","protected":false},"author":1787,"featured_media":0,"comment_status":"closed","ping_status":"closed","sticky":false,"template":"","format":"standard","meta":{"fifu_image_url":"","fifu_image_alt":"","footnotes":""},"categories":[78,54],"tags":[],"class_list":["post-33896","post","type-post","status-publish","format-standard","hentry","category-economie","category-maroc"],"_links":{"self":[{"href":"https:\/\/linitiative.ca\/International\/wp-json\/wp\/v2\/posts\/33896","targetHints":{"allow":["GET"]}}],"collection":[{"href":"https:\/\/linitiative.ca\/International\/wp-json\/wp\/v2\/posts"}],"about":[{"href":"https:\/\/linitiative.ca\/International\/wp-json\/wp\/v2\/types\/post"}],"author":[{"embeddable":true,"href":"https:\/\/linitiative.ca\/International\/wp-json\/wp\/v2\/users\/1787"}],"replies":[{"embeddable":true,"href":"https:\/\/linitiative.ca\/International\/wp-json\/wp\/v2\/comments?post=33896"}],"version-history":[{"count":0,"href":"https:\/\/linitiative.ca\/International\/wp-json\/wp\/v2\/posts\/33896\/revisions"}],"wp:attachment":[{"href":"https:\/\/linitiative.ca\/International\/wp-json\/wp\/v2\/media?parent=33896"}],"wp:term":[{"taxonomy":"category","embeddable":true,"href":"https:\/\/linitiative.ca\/International\/wp-json\/wp\/v2\/categories?post=33896"},{"taxonomy":"post_tag","embeddable":true,"href":"https:\/\/linitiative.ca\/International\/wp-json\/wp\/v2\/tags?post=33896"}],"curies":[{"name":"wp","href":"https:\/\/api.w.org\/{rel}","templated":true}]}}