{"id":33897,"date":"2019-05-12T16:43:37","date_gmt":"2019-05-12T20:43:37","guid":{"rendered":"https:\/\/linitiative.ca\/International\/marrakech-safi-55-millions-de-dollars-de-la-banque-mondiale-pour-lemployabilite-des-jeunes\/"},"modified":"2019-05-12T16:43:37","modified_gmt":"2019-05-12T20:43:37","slug":"marrakech-safi-55-millions-de-dollars-de-la-banque-mondiale-pour-lemployabilite-des-jeunes","status":"publish","type":"post","link":"https:\/\/linitiative.ca\/International\/marrakech-safi-55-millions-de-dollars-de-la-banque-mondiale-pour-lemployabilite-des-jeunes\/","title":{"rendered":"Marrakech-Safi\u00a0: 55 millions de dollars de la Banque Mondiale pour l\u2019employabilit\u00e9 des jeunes"},"content":{"rendered":"<p>La r\u00e9gion de <strong>Marrakech-Safi<\/strong> vient de b\u00e9n\u00e9ficier d\u2019un don de 55 millions de dollars (plus de 500 millions de DH) de la <strong>Banque Mondiale<\/strong> en appui \u00e0 des programmes d\u2019am\u00e9lioration de l\u2019employabilit\u00e9 des jeunes de la r\u00e9gion.<\/p>\n<div class=\"c10\"\/>\n<p>Il s\u2019agit d\u2019un projet de soutien \u00e0 l\u2019inclusion \u00e9conomique des jeunes, qui\u00a0finance une <strong>approche innovante<\/strong>, alliant formation pour des jeunes peu qualifi\u00e9s, soutien aux entrepreneurs en herbe et investissements dans les entreprises locales op\u00e9rant dans des cha\u00eenes de valeur prometteuses.<\/p>\n<p>Soulignons qu\u2019il s\u2019appuiera sur les enseignements des pr\u00e9c\u00e9dents programmes de renforcement des capacit\u00e9s des autorit\u00e9s locales \u00e0 combattre le <strong>ch\u00f4mage<\/strong>, en rapprochant les jeunes des d\u00e9bouch\u00e9s \u00e9conomiques. Selon Marie Fran\u00e7oise Marie-Nelly, Directrice des op\u00e9rations pour le\u00a0Maghreb, ce projet mettra l\u2019accent sur le <strong>renforcement des comp\u00e9tences<\/strong> des jeunes gens en recherche d\u2019emploi et, parall\u00e8lement, sur le d\u00e9veloppement des d\u00e9bouch\u00e9s \u00e9conomiques gr\u00e2ce \u00e0 un environnement op\u00e9rationnel des entreprises optimis\u00e9.<\/p>\n<p>\u00ab\u00a0Con\u00e7u pour r\u00e9pondre aux enjeux sp\u00e9cifiques de la r\u00e9gion de Marrakech-Safi, le mod\u00e8le efficace et int\u00e9gr\u00e9 sous-tendant ce premier projet sera, \u00e0 terme, d\u00e9ploy\u00e9 sur l\u2019ensemble du territoire\u00a0\u00bb, assure-t-elle. Dans les d\u00e9tails, ledit projet cible les jeunes femmes et les jeunes hommes qui ne sont actuellement ni au travail, ni \u00e0 l\u2019\u00e9cole, ni en formation (NEET) mais \u00e9galement de jeunes entrepreneurs en herbe ou des entit\u00e9s de petite et moyenne taille op\u00e9rant dans des <strong>cha\u00eenes de valeur<\/strong> ayant un fort potentiel de croissance.<\/p>\n<p>Il faut savoir aussi que le projet ouvrira des \u00ab\u00a0guichets uniques\u00a0\u00bb pour offrir des services d\u2019orientation professionnelle et une formation continue dans les sept provinces de la r\u00e9gion et dans la pr\u00e9fecture de Marrakech. La Banque Mondiale souligne que ces guichets uniques seront g\u00e9r\u00e9s par l\u2019<strong>ANAPEC<\/strong> (Agence nationale de promotion de l\u2019emploi et des comp\u00e9tences) et serviront d\u2019espace pour le renforcement des synergies entre les programmes nationaux existants, le secteur priv\u00e9 et les autorit\u00e9s publiques concern\u00e9es dans le but d\u2019identifier les besoins des agents priv\u00e9s locaux et d\u2019impartir aux jeunes les <strong>comp\u00e9tences<\/strong> et les informations dont ils ont besoin pour acc\u00e9der \u00e0 ces d\u00e9bouch\u00e9s et maximiser les opportunit\u00e9s. Pour Ana Paula Fialho Lopes, sp\u00e9cialiste senior du d\u00e9veloppement social et co-chef d\u2019\u00e9quipe du projet, la r\u00e9gion manque singuli\u00e8rement de professionnels semi-qualifi\u00e9s, surtout dans les secteurs \u00e0 forte <strong>croissance<\/strong>.<\/p>\n<p>\u00ab\u00a0Le projet veut op\u00e9rer au plus pr\u00e8s des jeunes de la r\u00e9gion, suivre une approche adapt\u00e9e pour les orienter vers la formation et un soutien continu et, ainsi, maximiser l\u2019employabilit\u00e9 de la jeunesse\u00a0\u00bb, poursuit-elle. \u00ab\u00a0Le caract\u00e8re novateur de ce nouveau projet tient aux services de soutien qui seront propos\u00e9s tout au long de son d\u00e9ploiement.\u00a0En s\u2019appuyant sur des programmes existants, \u00e0 l\u2019instar de l\u2019Initiative nationale pour le d\u00e9veloppement humain (INDH), il s\u2019agit d\u2019offrir aux jeunes des services de conseil mais aussi de les soutenir financi\u00e8rement gr\u00e2ce \u00e0 de petites subventions\u00a0\u00bb, rench\u00e9rit\u00a0Hind Kadiri,\u00a0sp\u00e9cialiste senior du d\u00e9veloppement du secteur priv\u00e9 et co-chef d\u2019\u00e9quipe du projet. Force est de noter que ledit projet s\u2019inscrit dans la continuit\u00e9 des programmes d\u2019employabilit\u00e9 du gouvernement tels que la Strat\u00e9gie nationale pour l\u2019emploi, la Strat\u00e9gie nationale pour la formation professionnelle et du pilier \u00ab\u00a0Inclusion des jeunes\u00a0\u00bb de la troisi\u00e8me phase de l\u2019INDH.<\/p>\n<div class=\"c17\">\n<fieldset class=\"c16\">\n<legend><strong><span class=\"c11\">Challenge<\/span><span class=\"c12\">news<\/span><\/strong><\/legend>\n<div class=\"c15\">Le meilleur de la r\u00e9daction s\u00e9lectionn\u00e9 par Challenge :<\/p>\n<\/div>\n<\/fieldset>\n<\/div>\n<p>Auteur: Roland Amoussou<br \/>\n<a href=\"https:\/\/www.challenge.ma\/marrakech-safi-55-millions-de-dollars-de-la-banque-mondiale-pour-lemployabilite-des-jeunes-109025\/\">Cliquez ici pour lire l&rsquo;article depuis sa source.<\/a><\/p>\n","protected":false},"excerpt":{"rendered":"<p>La r\u00e9gion de Marrakech-Safi vient de b\u00e9n\u00e9ficier d\u2019un don de 55 millions de dollars (plus de 500 millions de DH) de la Banque Mondiale en appui \u00e0 des programmes d\u2019am\u00e9lioration de l\u2019employabilit\u00e9 des jeunes de la r\u00e9gion. Il s\u2019agit d\u2019un projet de soutien \u00e0 l\u2019inclusion \u00e9conomique des jeunes, qui\u00a0finance une approche innovante, alliant formation pour [&hellip;]<\/p>\n","protected":false},"author":1787,"featured_media":0,"comment_status":"closed","ping_status":"closed","sticky":false,"template":"","format":"standard","meta":{"fifu_image_url":"","fifu_image_alt":"","footnotes":""},"categories":[78,54],"tags":[],"class_list":["post-33897","post","type-post","status-publish","format-standard","hentry","category-economie","category-maroc"],"_links":{"self":[{"href":"https:\/\/linitiative.ca\/International\/wp-json\/wp\/v2\/posts\/33897","targetHints":{"allow":["GET"]}}],"collection":[{"href":"https:\/\/linitiative.ca\/International\/wp-json\/wp\/v2\/posts"}],"about":[{"href":"https:\/\/linitiative.ca\/International\/wp-json\/wp\/v2\/types\/post"}],"author":[{"embeddable":true,"href":"https:\/\/linitiative.ca\/International\/wp-json\/wp\/v2\/users\/1787"}],"replies":[{"embeddable":true,"href":"https:\/\/linitiative.ca\/International\/wp-json\/wp\/v2\/comments?post=33897"}],"version-history":[{"count":0,"href":"https:\/\/linitiative.ca\/International\/wp-json\/wp\/v2\/posts\/33897\/revisions"}],"wp:attachment":[{"href":"https:\/\/linitiative.ca\/International\/wp-json\/wp\/v2\/media?parent=33897"}],"wp:term":[{"taxonomy":"category","embeddable":true,"href":"https:\/\/linitiative.ca\/International\/wp-json\/wp\/v2\/categories?post=33897"},{"taxonomy":"post_tag","embeddable":true,"href":"https:\/\/linitiative.ca\/International\/wp-json\/wp\/v2\/tags?post=33897"}],"curies":[{"name":"wp","href":"https:\/\/api.w.org\/{rel}","templated":true}]}}