{"id":33898,"date":"2019-05-12T06:47:05","date_gmt":"2019-05-12T10:47:05","guid":{"rendered":"https:\/\/linitiative.ca\/International\/france-marseille-liberation-de-belhassen-trabelsi\/"},"modified":"2019-05-12T06:47:05","modified_gmt":"2019-05-12T10:47:05","slug":"france-marseille-liberation-de-belhassen-trabelsi","status":"publish","type":"post","link":"https:\/\/linitiative.ca\/International\/france-marseille-liberation-de-belhassen-trabelsi\/","title":{"rendered":"France\u00a0: Marseille\u00a0: Lib\u00e9ration de Belhassen Trabelsi"},"content":{"rendered":"<div class=\"post-cont-in left relative\">\n<p>Le tribunal d\u2019Aix en Provence a conc\u00e9d\u00e9 \u00e0 la nouvelle requ\u00eate de Belhassen Trabelsi, gendre de l\u2019ex-pr\u00e9sident tunisien, Ben Ali, en rapport avec sa remise en libert\u00e9.<\/p>\n<p>Le tribunal a d\u00e9cid\u00e9, \u00e0 la date du 9 mai courant, sa remise en libert\u00e9 provisoire, tout en le maintenant sous contr\u00f4le judiciaire strict, lui interdisant de quitter le territoire fran\u00e7ais et lui intimant de se pr\u00e9senter de fa\u00e7on quotidienne aux services de contr\u00f4le judiciaire.<\/p>\n<div class=\"code-block code-block-1 c3\"><ins class=\"adsbygoogle c2\" data-ad-layout=\"in-article\" data-ad-format=\"fluid\" data-ad-client=\"ca-pub-2102118777505746\" data-ad-slot=\"7301775417\"\/> <\/div>\n<div class=\"mvp-org-wrap mvp-org-logo\" itemprop=\"publisher\" itemscope=\"\" itemtype=\"https:\/\/schema.org\/Organization\"><img decoding=\"async\" src=\"https:\/\/www.tunisienumerique.com\/wp-content\/uploads\/2017\/02\/logo_tunisie_numerique.png\"\/><\/div>\n<div class=\"mvp-related-posts left relative\">\n<h4 class=\"post-header\"><span class=\"post-header\">Lire aussi<\/span><\/h4>\n<\/div>\n<\/div>\n<p>Auteur: LM<br \/>\n<a href=\"https:\/\/www.tunisienumerique.com\/france-marseille-liberation-de-belhassen-trabelsi\/\">Cliquez ici pour lire l&rsquo;article depuis sa source.<\/a><\/p>\n","protected":false},"excerpt":{"rendered":"<p>Le tribunal d\u2019Aix en Provence a conc\u00e9d\u00e9 \u00e0 la nouvelle requ\u00eate de Belhassen Trabelsi, gendre de l\u2019ex-pr\u00e9sident tunisien, Ben Ali, en rapport avec sa remise en libert\u00e9. Le tribunal a d\u00e9cid\u00e9, \u00e0 la date du 9 mai courant, sa remise en libert\u00e9 provisoire, tout en le maintenant sous contr\u00f4le judiciaire strict, lui interdisant de quitter [&hellip;]<\/p>\n","protected":false},"author":1789,"featured_media":33899,"comment_status":"closed","ping_status":"closed","sticky":false,"template":"","format":"standard","meta":{"fifu_image_url":"","fifu_image_alt":"","footnotes":""},"categories":[73,55],"tags":[],"class_list":["post-33898","post","type-post","status-publish","format-standard","has-post-thumbnail","hentry","category-actualite","category-tunisie"],"_links":{"self":[{"href":"https:\/\/linitiative.ca\/International\/wp-json\/wp\/v2\/posts\/33898","targetHints":{"allow":["GET"]}}],"collection":[{"href":"https:\/\/linitiative.ca\/International\/wp-json\/wp\/v2\/posts"}],"about":[{"href":"https:\/\/linitiative.ca\/International\/wp-json\/wp\/v2\/types\/post"}],"author":[{"embeddable":true,"href":"https:\/\/linitiative.ca\/International\/wp-json\/wp\/v2\/users\/1789"}],"replies":[{"embeddable":true,"href":"https:\/\/linitiative.ca\/International\/wp-json\/wp\/v2\/comments?post=33898"}],"version-history":[{"count":0,"href":"https:\/\/linitiative.ca\/International\/wp-json\/wp\/v2\/posts\/33898\/revisions"}],"wp:featuredmedia":[{"embeddable":true,"href":"https:\/\/linitiative.ca\/International\/wp-json\/"}],"wp:attachment":[{"href":"https:\/\/linitiative.ca\/International\/wp-json\/wp\/v2\/media?parent=33898"}],"wp:term":[{"taxonomy":"category","embeddable":true,"href":"https:\/\/linitiative.ca\/International\/wp-json\/wp\/v2\/categories?post=33898"},{"taxonomy":"post_tag","embeddable":true,"href":"https:\/\/linitiative.ca\/International\/wp-json\/wp\/v2\/tags?post=33898"}],"curies":[{"name":"wp","href":"https:\/\/api.w.org\/{rel}","templated":true}]}}