{"id":33900,"date":"2019-05-12T06:49:10","date_gmt":"2019-05-12T10:49:10","guid":{"rendered":"https:\/\/linitiative.ca\/International\/tunisie-deces-dun-agent-de-la-garde-nationale-et-6-autres-personnes-blessees-dans-un-accident-de-la-route\/"},"modified":"2019-05-12T06:49:10","modified_gmt":"2019-05-12T10:49:10","slug":"tunisie-deces-dun-agent-de-la-garde-nationale-et-6-autres-personnes-blessees-dans-un-accident-de-la-route","status":"publish","type":"post","link":"https:\/\/linitiative.ca\/International\/tunisie-deces-dun-agent-de-la-garde-nationale-et-6-autres-personnes-blessees-dans-un-accident-de-la-route\/","title":{"rendered":"Tunisie: D\u00e9c\u00e8s d\u2019un agent de la garde nationale et 6 autres personnes bless\u00e9es dans un accident de la route"},"content":{"rendered":"<div class=\"post-cont-in left relative\">\n<p>Un accident de la circulation a eu lieu samedi soir entre Kairouan et la d\u00e9l\u00e9gation de Sbikha au niveau de la caserne militaire de Kairouan (nord) peu avant la rupture de je\u00fbne, consistant au renversement d\u2019un camion l\u00e9ger transportant une famille de sept personnes, en provenance de Tunis se rendant vers la ville de Kasserine.<\/p>\n<p>L\u2019accident a entra\u00een\u00e9 la mort d\u2019un membre de la famille, un agent de la garde nationale, n\u00e9 en 1982 et en a bless\u00e9 six autres de la m\u00eame famille, \u00e0 des degr\u00e9s de gravit\u00e9 variable, a indiqu\u00e9 une source de la protection civile qui explique l\u2019accident par l\u2019\u00e9clatement d\u2019un pneu de l\u2019un des v\u00e9hicules.<\/p>\n<div class=\"code-block code-block-1 c3\"><ins class=\"adsbygoogle c2\" data-ad-layout=\"in-article\" data-ad-format=\"fluid\" data-ad-client=\"ca-pub-2102118777505746\" data-ad-slot=\"7301775417\"\/> <\/div>\n<div class=\"mvp-org-wrap mvp-org-logo\" itemprop=\"publisher\" itemscope=\"\" itemtype=\"https:\/\/schema.org\/Organization\"><img decoding=\"async\" src=\"https:\/\/www.tunisienumerique.com\/wp-content\/uploads\/2017\/02\/logo_tunisie_numerique.png\"\/><\/div>\n<div class=\"mvp-related-posts left relative\">\n<h4 class=\"post-header\"><span class=\"post-header\">Lire aussi<\/span><\/h4>\n<\/div>\n<\/div>\n<p>Auteur: Mourad S<br \/>\n<a href=\"https:\/\/www.tunisienumerique.com\/tunisie-deces-dun-agent-de-la-garde-nationale-et-6-autres-personnes-blessees-dans-un-accident-de-la-route\/\">Cliquez ici pour lire l&rsquo;article depuis sa source.<\/a><\/p>\n","protected":false},"excerpt":{"rendered":"<p>Un accident de la circulation a eu lieu samedi soir entre Kairouan et la d\u00e9l\u00e9gation de Sbikha au niveau de la caserne militaire de Kairouan (nord) peu avant la rupture de je\u00fbne, consistant au renversement d\u2019un camion l\u00e9ger transportant une famille de sept personnes, en provenance de Tunis se rendant vers la ville de Kasserine. [&hellip;]<\/p>\n","protected":false},"author":1789,"featured_media":33901,"comment_status":"closed","ping_status":"closed","sticky":false,"template":"","format":"standard","meta":{"fifu_image_url":"","fifu_image_alt":"","footnotes":""},"categories":[73,55],"tags":[],"class_list":["post-33900","post","type-post","status-publish","format-standard","has-post-thumbnail","hentry","category-actualite","category-tunisie"],"_links":{"self":[{"href":"https:\/\/linitiative.ca\/International\/wp-json\/wp\/v2\/posts\/33900","targetHints":{"allow":["GET"]}}],"collection":[{"href":"https:\/\/linitiative.ca\/International\/wp-json\/wp\/v2\/posts"}],"about":[{"href":"https:\/\/linitiative.ca\/International\/wp-json\/wp\/v2\/types\/post"}],"author":[{"embeddable":true,"href":"https:\/\/linitiative.ca\/International\/wp-json\/wp\/v2\/users\/1789"}],"replies":[{"embeddable":true,"href":"https:\/\/linitiative.ca\/International\/wp-json\/wp\/v2\/comments?post=33900"}],"version-history":[{"count":0,"href":"https:\/\/linitiative.ca\/International\/wp-json\/wp\/v2\/posts\/33900\/revisions"}],"wp:featuredmedia":[{"embeddable":true,"href":"https:\/\/linitiative.ca\/International\/wp-json\/"}],"wp:attachment":[{"href":"https:\/\/linitiative.ca\/International\/wp-json\/wp\/v2\/media?parent=33900"}],"wp:term":[{"taxonomy":"category","embeddable":true,"href":"https:\/\/linitiative.ca\/International\/wp-json\/wp\/v2\/categories?post=33900"},{"taxonomy":"post_tag","embeddable":true,"href":"https:\/\/linitiative.ca\/International\/wp-json\/wp\/v2\/tags?post=33900"}],"curies":[{"name":"wp","href":"https:\/\/api.w.org\/{rel}","templated":true}]}}