{"id":33902,"date":"2019-05-12T07:35:25","date_gmt":"2019-05-12T11:35:25","guid":{"rendered":"https:\/\/linitiative.ca\/International\/tunisie-kotti-ben-sedrine-jouit-dun-appui-politique-qui-nous-empeche-de-la-remettre-a-sa-place\/"},"modified":"2019-05-12T07:35:25","modified_gmt":"2019-05-12T11:35:25","slug":"tunisie-kotti-ben-sedrine-jouit-dun-appui-politique-qui-nous-empeche-de-la-remettre-a-sa-place","status":"publish","type":"post","link":"https:\/\/linitiative.ca\/International\/tunisie-kotti-ben-sedrine-jouit-dun-appui-politique-qui-nous-empeche-de-la-remettre-a-sa-place\/","title":{"rendered":"Tunisie \u2013 Kotti\u00a0: Ben Sedrine jouit d\u2019un appui politique qui nous emp\u00eache de la remettre \u00e0 sa place"},"content":{"rendered":"<div class=\"post-cont-in left relative\">\n<p>Le leader au sein de Nidaa Tounes, Abdelaziz Kotti a annonc\u00e9, ce dimanche sur les ondes de Radio ExpressFM, que \u201cla pr\u00e9sidente de l\u2019IVD, Sihem Ben Sedrine, jouissait d\u2019un soutien politique qui nous a emp\u00each\u00e9s de la remettre \u00e0 sa place.\u201d<\/p>\n<p>Il a ajout\u00e9 qu\u2019elle a commis tellement de d\u00e9passements, qu\u2019elle a fini par faillir \u00e0 sa mission d\u2019assurer la justice transitionnelle et l\u00e2ch\u00e9e par un grand nombre des membres de son instance.<\/p>\n<div class=\"code-block code-block-1 c3\"><ins class=\"adsbygoogle c2\" data-ad-layout=\"in-article\" data-ad-format=\"fluid\" data-ad-client=\"ca-pub-2102118777505746\" data-ad-slot=\"7301775417\"\/> <\/div>\n<p>Kotti a ajout\u00e9 que les d\u00e9bordements relev\u00e9s par la Cour des comptes concernant la gestion de l\u2019IVD, doivent, imp\u00e9rativement, faire l\u2019objet d\u2019une action en justice, afin de s\u00e9vir contre tous ceux qui ont fait un mauvais usage des deniers publics.<\/p>\n<div class=\"mvp-org-wrap mvp-org-logo\" itemprop=\"publisher\" itemscope=\"\" itemtype=\"https:\/\/schema.org\/Organization\"><img decoding=\"async\" src=\"https:\/\/www.tunisienumerique.com\/wp-content\/uploads\/2017\/02\/logo_tunisie_numerique.png\"\/><\/div>\n<div class=\"mvp-related-posts left relative\">\n<h4 class=\"post-header\"><span class=\"post-header\">Lire aussi<\/span><\/h4>\n<\/div>\n<\/div>\n<p>Auteur: LM<br \/>\n<a href=\"https:\/\/www.tunisienumerique.com\/tunisie-kotti-ben-sedrine-jouit-dun-appui-politique-qui-nous-empeche-de-la-remettre-a-sa-place\/\">Cliquez ici pour lire l&rsquo;article depuis sa source.<\/a><\/p>\n","protected":false},"excerpt":{"rendered":"<p>Le leader au sein de Nidaa Tounes, Abdelaziz Kotti a annonc\u00e9, ce dimanche sur les ondes de Radio ExpressFM, que \u201cla pr\u00e9sidente de l\u2019IVD, Sihem Ben Sedrine, jouissait d\u2019un soutien politique qui nous a emp\u00each\u00e9s de la remettre \u00e0 sa place.\u201d Il a ajout\u00e9 qu\u2019elle a commis tellement de d\u00e9passements, qu\u2019elle a fini par faillir [&hellip;]<\/p>\n","protected":false},"author":1789,"featured_media":33903,"comment_status":"closed","ping_status":"closed","sticky":false,"template":"","format":"standard","meta":{"fifu_image_url":"","fifu_image_alt":"","footnotes":""},"categories":[73,55],"tags":[],"class_list":["post-33902","post","type-post","status-publish","format-standard","has-post-thumbnail","hentry","category-actualite","category-tunisie"],"_links":{"self":[{"href":"https:\/\/linitiative.ca\/International\/wp-json\/wp\/v2\/posts\/33902","targetHints":{"allow":["GET"]}}],"collection":[{"href":"https:\/\/linitiative.ca\/International\/wp-json\/wp\/v2\/posts"}],"about":[{"href":"https:\/\/linitiative.ca\/International\/wp-json\/wp\/v2\/types\/post"}],"author":[{"embeddable":true,"href":"https:\/\/linitiative.ca\/International\/wp-json\/wp\/v2\/users\/1789"}],"replies":[{"embeddable":true,"href":"https:\/\/linitiative.ca\/International\/wp-json\/wp\/v2\/comments?post=33902"}],"version-history":[{"count":0,"href":"https:\/\/linitiative.ca\/International\/wp-json\/wp\/v2\/posts\/33902\/revisions"}],"wp:featuredmedia":[{"embeddable":true,"href":"https:\/\/linitiative.ca\/International\/wp-json\/"}],"wp:attachment":[{"href":"https:\/\/linitiative.ca\/International\/wp-json\/wp\/v2\/media?parent=33902"}],"wp:term":[{"taxonomy":"category","embeddable":true,"href":"https:\/\/linitiative.ca\/International\/wp-json\/wp\/v2\/categories?post=33902"},{"taxonomy":"post_tag","embeddable":true,"href":"https:\/\/linitiative.ca\/International\/wp-json\/wp\/v2\/tags?post=33902"}],"curies":[{"name":"wp","href":"https:\/\/api.w.org\/{rel}","templated":true}]}}