{"id":33904,"date":"2019-05-12T08:16:11","date_gmt":"2019-05-12T12:16:11","guid":{"rendered":"https:\/\/linitiative.ca\/International\/italie-arrestation-du-meurtrier-de-lathlete-tunisienne-imen-chatbri\/"},"modified":"2019-05-12T08:16:11","modified_gmt":"2019-05-12T12:16:11","slug":"italie-arrestation-du-meurtrier-de-lathlete-tunisienne-imen-chatbri","status":"publish","type":"post","link":"https:\/\/linitiative.ca\/International\/italie-arrestation-du-meurtrier-de-lathlete-tunisienne-imen-chatbri\/","title":{"rendered":"Italie\u00a0: Arrestation du meurtrier de l\u2019athl\u00e8te tunisienne Imen Chatbri"},"content":{"rendered":"<div class=\"post-cont-in left relative\">\n<p>La police italienne a r\u00e9ussi \u00e0 identifier et \u00e0 arr\u00eater l\u2019assassin de la jeune athl\u00e8te tunisienne \u00e0 Rome, il y a quelques jours.<\/p>\n<p>Pour rappel l\u2019athl\u00e8te tunisienne Imen Chatbri, ancien membre de l\u2019\u00e9quipe nationale tunisienne d\u2019athl\u00e9tisme a \u00e9t\u00e9 retrouv\u00e9e morte sous un pont \u00e0 Rome.<\/p>\n<div class=\"code-block code-block-1 c3\"><ins class=\"adsbygoogle c2\" data-ad-layout=\"in-article\" data-ad-format=\"fluid\" data-ad-client=\"ca-pub-2102118777505746\" data-ad-slot=\"7301775417\"\/> <\/div>\n<p>L\u2019individu en question est un roumain \u00e2g\u00e9 de 26 ans, qui connaissait la victime et qui l\u2019a attendue le jour des faits au niveau du pont en question, avant de la pousser par derri\u00e8re dans le vide.<\/p>\n<p>La victime morte quelques m\u00e8tres plus bas sur les quais, a \u00e9t\u00e9 d\u00e9valis\u00e9e par l\u2019assassin qui lui a ensuite, mis son sac \u00e0 main sur le visage, pour donner l\u2019impression aux passants qu\u2019elle \u00e9tait en train de dormir l\u00e0.<\/p>\n<div class=\"mvp-org-wrap mvp-org-logo\" itemprop=\"publisher\" itemscope=\"\" itemtype=\"https:\/\/schema.org\/Organization\"><img decoding=\"async\" src=\"https:\/\/www.tunisienumerique.com\/wp-content\/uploads\/2017\/02\/logo_tunisie_numerique.png\"\/><\/div>\n<div class=\"mvp-related-posts left relative\">\n<h4 class=\"post-header\"><span class=\"post-header\">Lire aussi<\/span><\/h4>\n<\/div>\n<\/div>\n<p>Auteur: LM<br \/>\n<a href=\"https:\/\/www.tunisienumerique.com\/italie-arrestation-du-meurtrier-de-lathlete-tunisienne-imen-chatbri\/\">Cliquez ici pour lire l&rsquo;article depuis sa source.<\/a><\/p>\n","protected":false},"excerpt":{"rendered":"<p>La police italienne a r\u00e9ussi \u00e0 identifier et \u00e0 arr\u00eater l\u2019assassin de la jeune athl\u00e8te tunisienne \u00e0 Rome, il y a quelques jours. Pour rappel l\u2019athl\u00e8te tunisienne Imen Chatbri, ancien membre de l\u2019\u00e9quipe nationale tunisienne d\u2019athl\u00e9tisme a \u00e9t\u00e9 retrouv\u00e9e morte sous un pont \u00e0 Rome. L\u2019individu en question est un roumain \u00e2g\u00e9 de 26 ans, [&hellip;]<\/p>\n","protected":false},"author":1789,"featured_media":33905,"comment_status":"closed","ping_status":"closed","sticky":false,"template":"","format":"standard","meta":{"fifu_image_url":"","fifu_image_alt":"","footnotes":""},"categories":[73,55],"tags":[],"class_list":["post-33904","post","type-post","status-publish","format-standard","has-post-thumbnail","hentry","category-actualite","category-tunisie"],"_links":{"self":[{"href":"https:\/\/linitiative.ca\/International\/wp-json\/wp\/v2\/posts\/33904","targetHints":{"allow":["GET"]}}],"collection":[{"href":"https:\/\/linitiative.ca\/International\/wp-json\/wp\/v2\/posts"}],"about":[{"href":"https:\/\/linitiative.ca\/International\/wp-json\/wp\/v2\/types\/post"}],"author":[{"embeddable":true,"href":"https:\/\/linitiative.ca\/International\/wp-json\/wp\/v2\/users\/1789"}],"replies":[{"embeddable":true,"href":"https:\/\/linitiative.ca\/International\/wp-json\/wp\/v2\/comments?post=33904"}],"version-history":[{"count":0,"href":"https:\/\/linitiative.ca\/International\/wp-json\/wp\/v2\/posts\/33904\/revisions"}],"wp:featuredmedia":[{"embeddable":true,"href":"https:\/\/linitiative.ca\/International\/wp-json\/"}],"wp:attachment":[{"href":"https:\/\/linitiative.ca\/International\/wp-json\/wp\/v2\/media?parent=33904"}],"wp:term":[{"taxonomy":"category","embeddable":true,"href":"https:\/\/linitiative.ca\/International\/wp-json\/wp\/v2\/categories?post=33904"},{"taxonomy":"post_tag","embeddable":true,"href":"https:\/\/linitiative.ca\/International\/wp-json\/wp\/v2\/tags?post=33904"}],"curies":[{"name":"wp","href":"https:\/\/api.w.org\/{rel}","templated":true}]}}