{"id":33906,"date":"2019-05-12T08:44:22","date_gmt":"2019-05-12T12:44:22","guid":{"rendered":"https:\/\/linitiative.ca\/International\/tunisie-chahed-aleca-aucun-accord-ne-prenant-pas-en-compte-le-benefice-de-lagriculteur-et-du-pecheur-tunisien-ne-sera-signe\/"},"modified":"2019-05-12T08:44:22","modified_gmt":"2019-05-12T12:44:22","slug":"tunisie-chahed-aleca-aucun-accord-ne-prenant-pas-en-compte-le-benefice-de-lagriculteur-et-du-pecheur-tunisien-ne-sera-signe","status":"publish","type":"post","link":"https:\/\/linitiative.ca\/International\/tunisie-chahed-aleca-aucun-accord-ne-prenant-pas-en-compte-le-benefice-de-lagriculteur-et-du-pecheur-tunisien-ne-sera-signe\/","title":{"rendered":"Tunisie \u2013 Chahed\u00a0: ALECA\u00a0: Aucun accord ne prenant pas en compte le b\u00e9n\u00e9fice de l\u2019agriculteur et du p\u00eacheur tunisien ne sera sign\u00e9"},"content":{"rendered":"<div class=\"post-cont-in left relative\">\n<p>Le chef du gouvernement, Youssef Chahed a annonc\u00e9, ce dimanche matin, lors des festivit\u00e9s de la f\u00eate nationale de l\u2019agriculture et de la p\u00eache, en allusion aux accords de l\u2019ALECA, que la Tunisie ne signera aucun document o\u00f9 elle n\u2019est pas gagnante et o\u00f9 les int\u00e9r\u00eats de l\u2019agriculteur et du p\u00eacheur tunisiens ne soient pas garantis.<\/p>\n<div class=\"mvp-org-wrap mvp-org-logo\" itemprop=\"publisher\" itemscope=\"\" itemtype=\"https:\/\/schema.org\/Organization\"><img decoding=\"async\" src=\"https:\/\/www.tunisienumerique.com\/wp-content\/uploads\/2017\/02\/logo_tunisie_numerique.png\"\/><\/div>\n<div class=\"mvp-related-posts left relative\">\n<h4 class=\"post-header\"><span class=\"post-header\">Lire aussi<\/span><\/h4>\n<\/div>\n<\/div>\n<p>Auteur: LM<br \/>\n<a href=\"https:\/\/www.tunisienumerique.com\/tunisie-chahed-aleca-aucun-accord-ne-prenant-pas-en-compte-le-benefice-de-lagriculteur-et-du-pecheur-tunisien-ne-sera-signe\/\">Cliquez ici pour lire l&rsquo;article depuis sa source.<\/a><\/p>\n","protected":false},"excerpt":{"rendered":"<p>Le chef du gouvernement, Youssef Chahed a annonc\u00e9, ce dimanche matin, lors des festivit\u00e9s de la f\u00eate nationale de l\u2019agriculture et de la p\u00eache, en allusion aux accords de l\u2019ALECA, que la Tunisie ne signera aucun document o\u00f9 elle n\u2019est pas gagnante et o\u00f9 les int\u00e9r\u00eats de l\u2019agriculteur et du p\u00eacheur tunisiens ne soient pas [&hellip;]<\/p>\n","protected":false},"author":1789,"featured_media":33907,"comment_status":"closed","ping_status":"closed","sticky":false,"template":"","format":"standard","meta":{"fifu_image_url":"","fifu_image_alt":"","footnotes":""},"categories":[73,55],"tags":[],"class_list":["post-33906","post","type-post","status-publish","format-standard","has-post-thumbnail","hentry","category-actualite","category-tunisie"],"_links":{"self":[{"href":"https:\/\/linitiative.ca\/International\/wp-json\/wp\/v2\/posts\/33906","targetHints":{"allow":["GET"]}}],"collection":[{"href":"https:\/\/linitiative.ca\/International\/wp-json\/wp\/v2\/posts"}],"about":[{"href":"https:\/\/linitiative.ca\/International\/wp-json\/wp\/v2\/types\/post"}],"author":[{"embeddable":true,"href":"https:\/\/linitiative.ca\/International\/wp-json\/wp\/v2\/users\/1789"}],"replies":[{"embeddable":true,"href":"https:\/\/linitiative.ca\/International\/wp-json\/wp\/v2\/comments?post=33906"}],"version-history":[{"count":0,"href":"https:\/\/linitiative.ca\/International\/wp-json\/wp\/v2\/posts\/33906\/revisions"}],"wp:featuredmedia":[{"embeddable":true,"href":"https:\/\/linitiative.ca\/International\/wp-json\/"}],"wp:attachment":[{"href":"https:\/\/linitiative.ca\/International\/wp-json\/wp\/v2\/media?parent=33906"}],"wp:term":[{"taxonomy":"category","embeddable":true,"href":"https:\/\/linitiative.ca\/International\/wp-json\/wp\/v2\/categories?post=33906"},{"taxonomy":"post_tag","embeddable":true,"href":"https:\/\/linitiative.ca\/International\/wp-json\/wp\/v2\/tags?post=33906"}],"curies":[{"name":"wp","href":"https:\/\/api.w.org\/{rel}","templated":true}]}}