{"id":33918,"date":"2019-05-12T08:38:39","date_gmt":"2019-05-12T12:38:39","guid":{"rendered":"https:\/\/linitiative.ca\/International\/sanmatenga-leglise-de-dablo-attaquee-6-personnes-tuees\/"},"modified":"2019-05-12T08:38:39","modified_gmt":"2019-05-12T12:38:39","slug":"sanmatenga-leglise-de-dablo-attaquee-6-personnes-tuees","status":"publish","type":"post","link":"https:\/\/linitiative.ca\/International\/sanmatenga-leglise-de-dablo-attaquee-6-personnes-tuees\/","title":{"rendered":"Sanmatenga: l\u2019Eglise de Dablo attaqu\u00e9e, 6 personnes tu\u00e9es"},"content":{"rendered":"<div class=\"td-a-rec td-a-rec-id-content_top td_uid_30_5cd893a398dbe_rand td_block_template_1\"><img loading=\"lazy\" decoding=\"async\" class=\"aligncenter size-full wp-image-4463\" src=\"https:\/\/www.sidwaya.info\/wp-content\/uploads\/2019\/02\/FESPACO-TOUR-2019-Bannie%CC%80re-728x90-1.jpg\" alt=\"\" width=\"728\" height=\"90\"\/><\/div>\n<p>Des individus arm\u00e9s ont attaqu\u00e9, ce dimanche 12 mai, \u00e0 Dablo dans la province de Sanmatenga, l\u2019\u00e9glise catholique, peu avant le d\u00e9but du culte.\u00a0 \u00a0 Selon une\u00a0 source locale, les assaillants\u00a0 ont tu\u00e9 6 fid\u00e8les\u00a0 dont un pr\u00eatre;\u00a0 deux v\u00e9hicules ont \u00e9t\u00e9 \u00e9galement\u00a0 incendi\u00e9s \u00e0 l\u2019\u00e9glise et au CSPS.<\/p>\n<div class=\"td-a-rec td-a-rec-id-content_bottom td_uid_31_5cd893a398f71_rand td_block_template_1\"><img loading=\"lazy\" decoding=\"async\" class=\"alignright size-full wp-image-1724\" src=\"https:\/\/www.sidwaya.info\/wp-content\/uploads\/2018\/12\/sidwaya-pub.jpg\" alt=\"\" width=\"720\" height=\"90\"\/><\/div>\n<p>Auteur: BS. Sidwaya<br \/>\n<a href=\"https:\/\/www.sidwaya.info\/blog\/2019\/05\/12\/sanmatenga-leglise-de-dablo-attaquee\/\">Cliquez ici pour lire l&rsquo;article depuis sa source.<\/a><\/p>\n","protected":false},"excerpt":{"rendered":"<p>Des individus arm\u00e9s ont attaqu\u00e9, ce dimanche 12 mai, \u00e0 Dablo dans la province de Sanmatenga, l\u2019\u00e9glise catholique, peu avant le d\u00e9but du culte.\u00a0 \u00a0 Selon une\u00a0 source locale, les assaillants\u00a0 ont tu\u00e9 6 fid\u00e8les\u00a0 dont un pr\u00eatre;\u00a0 deux v\u00e9hicules ont \u00e9t\u00e9 \u00e9galement\u00a0 incendi\u00e9s \u00e0 l\u2019\u00e9glise et au CSPS. Auteur: BS. Sidwaya Cliquez ici pour [&hellip;]<\/p>\n","protected":false},"author":1816,"featured_media":33919,"comment_status":"closed","ping_status":"closed","sticky":false,"template":"","format":"standard","meta":{"fifu_image_url":"","fifu_image_alt":"","footnotes":""},"categories":[73,81],"tags":[],"class_list":["post-33918","post","type-post","status-publish","format-standard","has-post-thumbnail","hentry","category-actualite","category-burkina-faso"],"_links":{"self":[{"href":"https:\/\/linitiative.ca\/International\/wp-json\/wp\/v2\/posts\/33918","targetHints":{"allow":["GET"]}}],"collection":[{"href":"https:\/\/linitiative.ca\/International\/wp-json\/wp\/v2\/posts"}],"about":[{"href":"https:\/\/linitiative.ca\/International\/wp-json\/wp\/v2\/types\/post"}],"author":[{"embeddable":true,"href":"https:\/\/linitiative.ca\/International\/wp-json\/wp\/v2\/users\/1816"}],"replies":[{"embeddable":true,"href":"https:\/\/linitiative.ca\/International\/wp-json\/wp\/v2\/comments?post=33918"}],"version-history":[{"count":0,"href":"https:\/\/linitiative.ca\/International\/wp-json\/wp\/v2\/posts\/33918\/revisions"}],"wp:featuredmedia":[{"embeddable":true,"href":"https:\/\/linitiative.ca\/International\/wp-json\/"}],"wp:attachment":[{"href":"https:\/\/linitiative.ca\/International\/wp-json\/wp\/v2\/media?parent=33918"}],"wp:term":[{"taxonomy":"category","embeddable":true,"href":"https:\/\/linitiative.ca\/International\/wp-json\/wp\/v2\/categories?post=33918"},{"taxonomy":"post_tag","embeddable":true,"href":"https:\/\/linitiative.ca\/International\/wp-json\/wp\/v2\/tags?post=33918"}],"curies":[{"name":"wp","href":"https:\/\/api.w.org\/{rel}","templated":true}]}}