{"id":33920,"date":"2019-05-12T16:27:10","date_gmt":"2019-05-12T20:27:10","guid":{"rendered":"https:\/\/linitiative.ca\/International\/mine-dor-de-sanbrado-50-tonnes-de-metal-jaune-attendues\/"},"modified":"2019-05-12T16:27:10","modified_gmt":"2019-05-12T20:27:10","slug":"mine-dor-de-sanbrado-50-tonnes-de-metal-jaune-attendues","status":"publish","type":"post","link":"https:\/\/linitiative.ca\/International\/mine-dor-de-sanbrado-50-tonnes-de-metal-jaune-attendues\/","title":{"rendered":"Mine d\u2019or de Sanbrado : 50 tonnes de m\u00e9tal jaune attendues"},"content":{"rendered":"<div class=\"td-post-featured-image\"><a href=\"https:\/\/i2.wp.com\/www.sidwaya.info\/wp-content\/uploads\/2019\/05\/1-27.jpg?fit=798%2C532&#038;ssl=1\" data-caption=\"\"><img loading=\"lazy\" decoding=\"async\" width=\"696\" height=\"464\" class=\"entry-thumb td-modal-image\" src=\"https:\/\/i2.wp.com\/www.sidwaya.info\/wp-content\/uploads\/2019\/05\/1-27.jpg?resize=696%2C464&#038;ssl=1\" srcset=\"https:\/\/i2.wp.com\/www.sidwaya.info\/wp-content\/uploads\/2019\/05\/1-27.jpg?w=798&#038;ssl=1 798w, https:\/\/i2.wp.com\/www.sidwaya.info\/wp-content\/uploads\/2019\/05\/1-27.jpg?resize=300%2C200&#038;ssl=1 300w, https:\/\/i2.wp.com\/www.sidwaya.info\/wp-content\/uploads\/2019\/05\/1-27.jpg?resize=768%2C512&#038;ssl=1 768w, https:\/\/i2.wp.com\/www.sidwaya.info\/wp-content\/uploads\/2019\/05\/1-27.jpg?resize=696%2C464&#038;ssl=1 696w, https:\/\/i2.wp.com\/www.sidwaya.info\/wp-content\/uploads\/2019\/05\/1-27.jpg?resize=630%2C420&#038;ssl=1 630w\" sizes=\"auto, (max-width: 696px) 100vw, 696px\" alt=\"\" title=\"1\"\/><\/a><\/div>\n<div class=\"td-a-rec td-a-rec-id-content_top td_uid_30_5cd893a7bf8d5_rand td_block_template_1\"><img loading=\"lazy\" decoding=\"async\" class=\"aligncenter size-full wp-image-4463\" src=\"https:\/\/www.sidwaya.info\/wp-content\/uploads\/2019\/02\/FESPACO-TOUR-2019-Bannie%CC%80re-728x90-1.jpg\" alt=\"\" width=\"728\" height=\"90\"\/><\/div>\n<p><strong>Le Premier ministre, Christophe Joseph Marie Dabir\u00e9, a lanc\u00e9, le vendredi 10 mai 2019, dans la commune de Boudry, la construction de la mine d\u2019or de Sanbrado, dans la r\u00e9gion du Plateau central. Pr\u00e9vue pour durer 11 ans, l\u2019exploitation de cette mine, dont le premier lingot est attendu en juillet 2020, va produire 50 tonnes d\u2019or durant la p\u00e9riode.<\/strong><\/p>\n<p>En juillet en 2020, la mine d\u2019or de Sanbrado, dans la province du Ganzourgou, r\u00e9gion du Plateau central, va couler son premier lingot. En effet, le lancement des travaux de construction de la 14e mine industrielle du Burkina Faso, est intervenu, le vendredi 10 mai 2019, en pr\u00e9sence du Premier ministre, Christophe Joseph Marie Dabir\u00e9. Au cours de ses six premi\u00e8res ann\u00e9es, elle va produire 7,3 tonnes par an et \u00e0 terme, au minimum 50 tonnes d\u2019or. Le ministre des Mines et des carri\u00e8res, Oumarou Idani, a indiqu\u00e9 que le lancement des travaux s\u2019inscrit dans une dynamique d\u2019accorder une importance \u00e0 tous les secteurs strat\u00e9giques pouvant permettre de transformer structurellement l\u2019\u00e9conomie burkinab\u00e8 pour une croissance forte. \u00abLes ambitions fix\u00e9es par le Plan national de d\u00e9veloppement \u00e9conomique et social ont plac\u00e9 les mines et les carri\u00e8res en p\u00f4le position, en leur confiant des missions exaltantes et de choix.<\/p>\n<p>En effet, en plus de la contribution des industries extractives dans le PIB, il s\u2019agit d\u2019augmenter la proportion des achats locaux dans les consommations alimentaires des industries mini\u00e8res et d\u2019accro\u00eetre le montant moyen des investissements locaux r\u00e9alis\u00e9s\u00bb, a-t-il laiss\u00e9 entendre. En outre, M. Idani a confi\u00e9 que ce projet port\u00e9 par la Soci\u00e9t\u00e9 des mines de Sanbrado (SOMISA) est un processus vieux de plus de 30 ans dont l\u2019aboutissement r\u00e9jouit le gouvernement. A \u00e9couter le ministre, les retomb\u00e9es socio-\u00e9conomiques de la mine justifient l\u2019int\u00e9r\u00eat que l\u2019ex\u00e9cutif burkinab\u00e8 lui accorde, car les contributions directes au budget de l\u2019Etat sont estim\u00e9es \u00e0 156,5 milliards francs CFA sur la dur\u00e9e de son fonctionnement.<\/p>\n<p>\u00abAu titre des emplois, la mine et ses sous-traitants vont employer dans ses phases de construction et de production respectivement plus de 800 personnes et cr\u00e9er 700 emplois permanents, avec une forte pr\u00e9dominance des comp\u00e9tences locales\u00bb, a fait savoir le ministre Idani. Pour le chef du gouvernement, la multiplication des mines industrielles est la preuve que le Burkina Faso est un pays minier.<\/p>\n<p><strong>Une contribution de 11,275 milliards au budget de l\u2019Etat<\/strong><\/p>\n<p>Afin de permettre aux populations locales de profiter de ces mines, a dit Christophe Joseph Marie Dabir\u00e9, la loi sur le Fonds minier de d\u00e9veloppement local (FMDL) a adopt\u00e9e pour qu\u2019il y ait des retomb\u00e9es directes pour les habitants des localit\u00e9s o\u00f9 elles sont install\u00e9es, \u00e0 travers des infrastructures socio-\u00e9conomiques de base et des emplois. \u00abLes populations sont toujours impatientes, mais il faut du temps pour que les efforts que nous faisons puissent renforcer les capacit\u00e9s d\u2019intervention de l\u2019Etat\u00bb, a soutenu le chef du gouvernement. Il a pr\u00e9cis\u00e9 que l\u2019orientation du chef de l\u2019Etat est que les mines participent, de fa\u00e7on effective, au d\u00e9veloppement \u00e9conomique du pays. Selon le ministre des Mines, au titre du FMDL, la SOMISA contribuera \u00e0 hauteur de 11,275 milliards francs et 2,2 milliards FCFA au Fonds de r\u00e9habilitation environnementale. Le Pr\u00e9sident directeur g\u00e9n\u00e9ral de la SOMISA, Richard Hyde a, pour sa part, fait savoir que l\u2019installation de la mine a affect\u00e9 613 personnes dont le co\u00fbt de r\u00e9habilitation s\u2019\u00e9l\u00e8ve \u00e0 environ 3 milliards de francs CFA.<\/p>\n<p>\u00abLa mise en \u0153uvre du plan d\u2019actions de r\u00e9installation est en cours et la soci\u00e9t\u00e9 s\u2019emploie \u00e0 ce que toute famille d\u00e9plac\u00e9e soit r\u00e9install\u00e9e dans sa nouvelle r\u00e9sidence, munie de tous ses droits avant mai 2020\u00bb, a-t-il rassur\u00e9. Au-del\u00e0, a-t-il dit, son entreprise est anim\u00e9e d\u2019une ferme volont\u00e9 de contribuer \u00e0 poser les bases locales d\u2019un d\u00e9veloppement durable et \u00e0 dresser un plan de restauration des moyens de subsistance en mati\u00e8re d\u2019agriculture, d\u2019\u00e9levage et d\u2019activit\u00e9s g\u00e9n\u00e9ratrices de revenus pour les personnes d\u00e9plac\u00e9es. Du reste, il s\u2019est engag\u00e9 \u00e0 respecter les d\u00e9lais et a confi\u00e9 qu\u2019au stade de production, la mine accordera la priorit\u00e9 aux ressortissants de la commune de Boudry pour les emplois non qualifi\u00e9s ou n\u00e9cessitant une formation de courte dur\u00e9e. \u00abSOMISA ne foulera aux pieds aucune des obligations auxquelles la convention mini\u00e8re l\u2019assujettit. Mais, pour cela, il lui faudra imp\u00e9rativement b\u00e9n\u00e9ficier d\u2019un climat social apais\u00e9 et d\u2019un accompagnement encore plus soutenu des autorit\u00e9s centrales et d\u00e9concentr\u00e9es ainsi que coutumi\u00e8res locales\u00bb, a lanc\u00e9 le PDG.<\/p>\n<p class=\"c1\"><strong>Joseph HARO<\/strong><\/p>\n<div class=\"td-a-rec td-a-rec-id-content_bottom td_uid_31_5cd893a7bfbb0_rand td_block_template_1\"><img loading=\"lazy\" decoding=\"async\" class=\"alignright size-full wp-image-1724\" src=\"https:\/\/www.sidwaya.info\/wp-content\/uploads\/2018\/12\/sidwaya-pub.jpg\" alt=\"\" width=\"720\" height=\"90\"\/><\/div>\n<p>Auteur: DD. Sidwaya<br \/>\n<a href=\"https:\/\/www.sidwaya.info\/blog\/2019\/05\/12\/mine-dor-de-sanbrado-50-tonnes-de-metal-jaune-attendues\/\">Cliquez ici pour lire l&rsquo;article depuis sa source.<\/a><\/p>\n","protected":false},"excerpt":{"rendered":"<p>Le Premier ministre, Christophe Joseph Marie Dabir\u00e9, a lanc\u00e9, le vendredi 10 mai 2019, dans la commune de Boudry, la construction de la mine d\u2019or de Sanbrado, dans la r\u00e9gion du Plateau central. Pr\u00e9vue pour durer 11 ans, l\u2019exploitation de cette mine, dont le premier lingot est attendu en juillet 2020, va produire 50 tonnes [&hellip;]<\/p>\n","protected":false},"author":1816,"featured_media":0,"comment_status":"closed","ping_status":"closed","sticky":false,"template":"","format":"standard","meta":{"fifu_image_url":"","fifu_image_alt":"","footnotes":""},"categories":[73,81],"tags":[],"class_list":["post-33920","post","type-post","status-publish","format-standard","hentry","category-actualite","category-burkina-faso"],"_links":{"self":[{"href":"https:\/\/linitiative.ca\/International\/wp-json\/wp\/v2\/posts\/33920","targetHints":{"allow":["GET"]}}],"collection":[{"href":"https:\/\/linitiative.ca\/International\/wp-json\/wp\/v2\/posts"}],"about":[{"href":"https:\/\/linitiative.ca\/International\/wp-json\/wp\/v2\/types\/post"}],"author":[{"embeddable":true,"href":"https:\/\/linitiative.ca\/International\/wp-json\/wp\/v2\/users\/1816"}],"replies":[{"embeddable":true,"href":"https:\/\/linitiative.ca\/International\/wp-json\/wp\/v2\/comments?post=33920"}],"version-history":[{"count":0,"href":"https:\/\/linitiative.ca\/International\/wp-json\/wp\/v2\/posts\/33920\/revisions"}],"wp:attachment":[{"href":"https:\/\/linitiative.ca\/International\/wp-json\/wp\/v2\/media?parent=33920"}],"wp:term":[{"taxonomy":"category","embeddable":true,"href":"https:\/\/linitiative.ca\/International\/wp-json\/wp\/v2\/categories?post=33920"},{"taxonomy":"post_tag","embeddable":true,"href":"https:\/\/linitiative.ca\/International\/wp-json\/wp\/v2\/tags?post=33920"}],"curies":[{"name":"wp","href":"https:\/\/api.w.org\/{rel}","templated":true}]}}