{"id":33921,"date":"2019-05-12T16:38:17","date_gmt":"2019-05-12T20:38:17","guid":{"rendered":"https:\/\/linitiative.ca\/International\/patrimoine-mondial-de-lunesco-les-fourneaux-de-tiwega-en-competition\/"},"modified":"2019-05-12T16:38:17","modified_gmt":"2019-05-12T20:38:17","slug":"patrimoine-mondial-de-lunesco-les-fourneaux-de-tiwega-en-competition","status":"publish","type":"post","link":"https:\/\/linitiative.ca\/International\/patrimoine-mondial-de-lunesco-les-fourneaux-de-tiwega-en-competition\/","title":{"rendered":"Patrimoine mondial de l\u2019UNESCO `: les fourneaux de Tiw\u00e8ga en comp\u00e9tition"},"content":{"rendered":"<div class=\"td-post-featured-image\"><a href=\"https:\/\/i0.wp.com\/www.sidwaya.info\/wp-content\/uploads\/2019\/05\/1-28.jpg?fit=765%2C574&#038;ssl=1\" data-caption=\"\"><img loading=\"lazy\" decoding=\"async\" width=\"696\" height=\"522\" class=\"entry-thumb td-modal-image\" src=\"https:\/\/i0.wp.com\/www.sidwaya.info\/wp-content\/uploads\/2019\/05\/1-28.jpg?resize=696%2C522&#038;ssl=1\" srcset=\"https:\/\/i0.wp.com\/www.sidwaya.info\/wp-content\/uploads\/2019\/05\/1-28.jpg?w=765&#038;ssl=1 765w, https:\/\/i0.wp.com\/www.sidwaya.info\/wp-content\/uploads\/2019\/05\/1-28.jpg?resize=300%2C225&#038;ssl=1 300w, https:\/\/i0.wp.com\/www.sidwaya.info\/wp-content\/uploads\/2019\/05\/1-28.jpg?resize=80%2C60&#038;ssl=1 80w, https:\/\/i0.wp.com\/www.sidwaya.info\/wp-content\/uploads\/2019\/05\/1-28.jpg?resize=265%2C198&#038;ssl=1 265w, https:\/\/i0.wp.com\/www.sidwaya.info\/wp-content\/uploads\/2019\/05\/1-28.jpg?resize=696%2C522&#038;ssl=1 696w, https:\/\/i0.wp.com\/www.sidwaya.info\/wp-content\/uploads\/2019\/05\/1-28.jpg?resize=560%2C420&#038;ssl=1 560w\" sizes=\"auto, (max-width: 696px) 100vw, 696px\" alt=\"\" title=\"1\"\/><\/a><\/div>\n<div class=\"td-a-rec td-a-rec-id-content_top td_uid_30_5cd893aaa481f_rand td_block_template_1\"><img loading=\"lazy\" decoding=\"async\" class=\"aligncenter size-full wp-image-4463\" src=\"https:\/\/www.sidwaya.info\/wp-content\/uploads\/2019\/02\/FESPACO-TOUR-2019-Bannie%CC%80re-728x90-1.jpg\" alt=\"\" width=\"728\" height=\"90\"\/><\/div>\n<p><strong>Le minist\u00e8re de la Culture, des Arts et du Tourisme a c\u00e9l\u00e9br\u00e9 en diff\u00e9r\u00e9, le jeudi 9 mai 2019 \u00e0 Kaya, la IVe \u00e9dition de la Journ\u00e9e mondiale du patrimoine africain.<\/strong><\/p>\n<p>Le Site des fourneaux de Tiw\u00e8ga (SFT), situ\u00e9 dans la commune de Kaya, est candidat pour l\u2019inscription sur la liste du patrimoine mondial de l\u2019Organisation des Nations unies pour l\u2019\u00e9ducation, la science et la culture (UNESCO). C\u2019est pourquoi, le minist\u00e8re de la Culture, des Arts et du Tourisme (MCAT) a port\u00e9 son choix sur ce site pour la c\u00e9l\u00e9bration en diff\u00e9r\u00e9 de la IVe \u00e9dition de la Journ\u00e9e mondiale du patrimoine africain (JMPA), plac\u00e9e sous le th\u00e8me : \u00abPatrimoine et innovations\u00bb. C\u2019\u00e9tait le jeudi 9 mai 2019, \u00e0 Kaya. L\u2019objectif est d\u2019attirer l\u2019attention de la jeunesse burkinab\u00e8 sur l\u2019utilit\u00e9 de prot\u00e9ger le SFT, en vue de le l\u00e9guer aux g\u00e9n\u00e9rations futures, selon le Secr\u00e9taire g\u00e9n\u00e9ral (SG) du MCAT, Dr Lassina Simpor\u00e9. \u00abLes \u00e9l\u00e8ves sont des ambassadeurs du patrimoine burkinab\u00e8, \u00e0 travers leurs t\u00e9l\u00e9phones portables.<\/p>\n<p>Etant donn\u00e9 qu\u2019ils sont la rel\u00e8ve de demain, cela est un message important que nous lan\u00e7ons afin que chaque parent transmette le patrimoine \u00e0 son enfant \u00bb, a-t-il souhait\u00e9. Dans le m\u00eame ordre d\u2019id\u00e9es, la charg\u00e9e de mission au d\u00e9partement en charge de la culture Mariam Ou\u00e9draogo a indiqu\u00e9 que la JMPA constitue un cadre privil\u00e9gi\u00e9 pour la valorisation du SFT, dans le but de susciter une prise de conscience et une appropriation des enjeux de l\u2019inscription d\u2019un bien au patrimoine mondial. De ce fait, elle a invit\u00e9 les collectivit\u00e9s territoriales \u00e0 \u0153uvrer \u00e0 son entretien.<\/p>\n<p>\u00abL\u2019inscription d\u2019un site au patrimoine mondial consacre la valeur universelle de ces biens qui font d\u00e9sormais partie des sites du patrimoine de l\u2019humanit\u00e9 et des principales attractions touristiques du pays\u00bb, a-t-elle soulign\u00e9. Depuis l\u2019\u00e9rection des ruines de Lorop\u00e9ni au rang des biens du patrimoine de l\u2019humanit\u00e9 en 2009 et du parc W en 2017, le MCAT s\u2019est engag\u00e9, de l\u2019avis de Mme Ou\u00e9draogo, dans un processus d\u2019\u00e9laboration de nouvelles propositions d\u2019inscription des biens. Pour le chef du village de Tiw\u00e8ga, Naaba Sikiri, les trois fourneaux de son village datent du XVe si\u00e8cle. A l\u2019entendre, il s\u2019agit des a\u00e9riens \u00e0 tirage naturel. Apr\u00e8s le SFT, le cap a \u00e9t\u00e9 mis sur le site du festival Wedbind\u00e9 o\u00f9 sont \u00e9rig\u00e9s des fourneaux du Burkina Faso et ceux des pays voisins.<\/p>\n<p class=\"c1\"><strong>Emil SEGDA<\/strong><br \/><strong>Segda9emil@gmail.com<\/strong><\/p>\n<div class=\"td-a-rec td-a-rec-id-content_bottom td_uid_31_5cd893aaa49ac_rand td_block_template_1\"><img loading=\"lazy\" decoding=\"async\" class=\"alignright size-full wp-image-1724\" src=\"https:\/\/www.sidwaya.info\/wp-content\/uploads\/2018\/12\/sidwaya-pub.jpg\" alt=\"\" width=\"720\" height=\"90\"\/><\/div>\n<p>Auteur: DD. Sidwaya<br \/>\n<a href=\"https:\/\/www.sidwaya.info\/blog\/2019\/05\/12\/patrimoine-mondial-de-lunesco-les-fourneaux-de-tiwega-en-competition\/\">Cliquez ici pour lire l&rsquo;article depuis sa source.<\/a><\/p>\n","protected":false},"excerpt":{"rendered":"<p>Le minist\u00e8re de la Culture, des Arts et du Tourisme a c\u00e9l\u00e9br\u00e9 en diff\u00e9r\u00e9, le jeudi 9 mai 2019 \u00e0 Kaya, la IVe \u00e9dition de la Journ\u00e9e mondiale du patrimoine africain. Le Site des fourneaux de Tiw\u00e8ga (SFT), situ\u00e9 dans la commune de Kaya, est candidat pour l\u2019inscription sur la liste du patrimoine mondial de [&hellip;]<\/p>\n","protected":false},"author":1816,"featured_media":0,"comment_status":"closed","ping_status":"closed","sticky":false,"template":"","format":"standard","meta":{"fifu_image_url":"","fifu_image_alt":"","footnotes":""},"categories":[73,81],"tags":[],"class_list":["post-33921","post","type-post","status-publish","format-standard","hentry","category-actualite","category-burkina-faso"],"_links":{"self":[{"href":"https:\/\/linitiative.ca\/International\/wp-json\/wp\/v2\/posts\/33921","targetHints":{"allow":["GET"]}}],"collection":[{"href":"https:\/\/linitiative.ca\/International\/wp-json\/wp\/v2\/posts"}],"about":[{"href":"https:\/\/linitiative.ca\/International\/wp-json\/wp\/v2\/types\/post"}],"author":[{"embeddable":true,"href":"https:\/\/linitiative.ca\/International\/wp-json\/wp\/v2\/users\/1816"}],"replies":[{"embeddable":true,"href":"https:\/\/linitiative.ca\/International\/wp-json\/wp\/v2\/comments?post=33921"}],"version-history":[{"count":0,"href":"https:\/\/linitiative.ca\/International\/wp-json\/wp\/v2\/posts\/33921\/revisions"}],"wp:attachment":[{"href":"https:\/\/linitiative.ca\/International\/wp-json\/wp\/v2\/media?parent=33921"}],"wp:term":[{"taxonomy":"category","embeddable":true,"href":"https:\/\/linitiative.ca\/International\/wp-json\/wp\/v2\/categories?post=33921"},{"taxonomy":"post_tag","embeddable":true,"href":"https:\/\/linitiative.ca\/International\/wp-json\/wp\/v2\/tags?post=33921"}],"curies":[{"name":"wp","href":"https:\/\/api.w.org\/{rel}","templated":true}]}}