{"id":33922,"date":"2019-05-12T16:47:35","date_gmt":"2019-05-12T20:47:35","guid":{"rendered":"https:\/\/linitiative.ca\/International\/zone-cotonniere-de-ndorola-le-ok-des-fetiches-pour-la-reprise-de-la-production\/"},"modified":"2019-05-12T16:47:35","modified_gmt":"2019-05-12T20:47:35","slug":"zone-cotonniere-de-ndorola-le-ok-des-fetiches-pour-la-reprise-de-la-production","status":"publish","type":"post","link":"https:\/\/linitiative.ca\/International\/zone-cotonniere-de-ndorola-le-ok-des-fetiches-pour-la-reprise-de-la-production\/","title":{"rendered":"Zone cotonni\u00e8re de N\u2019Dorola : le \u00abOK des f\u00e9tiches\u00bb pour la reprise  de la production"},"content":{"rendered":"<div class=\"td-post-featured-image\"><a href=\"https:\/\/i2.wp.com\/www.sidwaya.info\/wp-content\/uploads\/2019\/05\/1-29.jpg?fit=738%2C553&#038;ssl=1\" data-caption=\"\"><img loading=\"lazy\" decoding=\"async\" width=\"696\" height=\"522\" class=\"entry-thumb td-modal-image\" src=\"https:\/\/i2.wp.com\/www.sidwaya.info\/wp-content\/uploads\/2019\/05\/1-29.jpg?resize=696%2C522&#038;ssl=1\" srcset=\"https:\/\/i2.wp.com\/www.sidwaya.info\/wp-content\/uploads\/2019\/05\/1-29.jpg?w=738&#038;ssl=1 738w, https:\/\/i2.wp.com\/www.sidwaya.info\/wp-content\/uploads\/2019\/05\/1-29.jpg?resize=300%2C225&#038;ssl=1 300w, https:\/\/i2.wp.com\/www.sidwaya.info\/wp-content\/uploads\/2019\/05\/1-29.jpg?resize=80%2C60&#038;ssl=1 80w, https:\/\/i2.wp.com\/www.sidwaya.info\/wp-content\/uploads\/2019\/05\/1-29.jpg?resize=265%2C198&#038;ssl=1 265w, https:\/\/i2.wp.com\/www.sidwaya.info\/wp-content\/uploads\/2019\/05\/1-29.jpg?resize=696%2C522&#038;ssl=1 696w, https:\/\/i2.wp.com\/www.sidwaya.info\/wp-content\/uploads\/2019\/05\/1-29.jpg?resize=561%2C420&#038;ssl=1 561w\" sizes=\"auto, (max-width: 696px) 100vw, 696px\" alt=\"\" title=\"1\"\/><\/a><\/div>\n<div class=\"td-a-rec td-a-rec-id-content_top td_uid_30_5cd893ad8ecbc_rand td_block_template_1\"><img loading=\"lazy\" decoding=\"async\" class=\"aligncenter size-full wp-image-4463\" src=\"https:\/\/www.sidwaya.info\/wp-content\/uploads\/2019\/02\/FESPACO-TOUR-2019-Bannie%CC%80re-728x90-1.jpg\" alt=\"\" width=\"728\" height=\"90\"\/><\/div>\n<p><strong>Le ministre du Commerce, de l\u2019Industrie et de l\u2019Artisanat, Harouna Kabor\u00e9, par ailleurs pr\u00e9sident du comit\u00e9 de haut niveau du suivi de la relance de la production cotonni\u00e8re du Burkina Faso, a \u00e9chang\u00e9, le 11 mai 2019 \u00e0 Kourouma, avec les cotonculteurs de la r\u00e9gion cotonni\u00e8re de N\u2019Dorola. Les leaders coutumiers ont, \u00e0 l\u2019occasion, rassur\u00e9 les autorit\u00e9s que les interdits (invocations des f\u00e9tiches) \u00e0 la suite de la crise de la campagne \u00e9coul\u00e9e, ont \u00e9t\u00e9 lev\u00e9s afin de reprendre la culture du coton dans ladite zone.<\/strong><\/p>\n<p>La culture du coton est d\u00e9sormais de retour dans la zone cotonni\u00e8re de N\u2019Dorola. Les coutumiers ont, le 11 mai 2019, rassur\u00e9 le ministre du Commerce, de l\u2019Industrie et de l\u2019Artisanat, Harouna Kabor\u00e9, par ailleurs pr\u00e9sident du comit\u00e9 de haut niveau du suivi de la relance de la production cotonni\u00e8re du Burkina Faso, de la lev\u00e9e des interdits \u00e0 la suite de la crise de la campagne \u00e9coul\u00e9e.<\/p>\n<p>\u00abLa r\u00e9union d\u2019aujourd\u2019hui nous a beaucoup encourag\u00e9s. Ils ont \u00e9t\u00e9 chez les coutumiers qui leur ont donn\u00e9 leur faveur. (\u2026). Nous sommes pr\u00eats \u00e0 produire, car, nous avons tu\u00e9 des poulets sur les f\u00e9tiches et tout s\u2019est bien pass\u00e9\u00bb, a laiss\u00e9 entendre le d\u00e9l\u00e9gu\u00e9 des coutumiers de Kourouma, Gnagnara Pascal Traor\u00e9, \u00e0 l\u2019issue de la rencontre. Avant d\u2019\u00e9changer avec les producteurs, le ministre s\u2019est rendu chez les leaders religieux et coutumiers de N\u2019Dorola et de Kourama.<\/p>\n<p>Apr\u00e8s la tourn\u00e9e, place a \u00e9t\u00e9 faite aux \u00e9changes, dans un esprit bon enfant. Sans d\u00e9tour, les intervenants ont \u00e9num\u00e9r\u00e9 des griefs aux autorit\u00e9s, \u00e0 la Soci\u00e9t\u00e9 burkinab\u00e8 des fibres textiles (SOFITEX) et \u00e0 l\u2019Union nationale des soci\u00e9t\u00e9s coop\u00e9ratives de producteurs de coton du Burkina (UNPCB). Ils se r\u00e9sument, entre autres, \u00e0 la mauvaise qualit\u00e9 des semences, au classement du coton lors de son achat, aux prix jug\u00e9s \u00e9lev\u00e9s de l\u2019engrais et des insecticides ainsi que leur mauvaise qualit\u00e9.<\/p>\n<p><strong>Le DG SOFITEX salue le retour \u00e0 la culture du coton<\/strong><\/p>\n<p>Le mauvais \u00e9tat de la route s\u2019est aussi invit\u00e9 aux \u00e9changes. Pour planter le d\u00e9cor, le ministre est revenu sur les mesures prises, en ce d\u00e9but de campagne. Les soci\u00e9t\u00e9s cotonni\u00e8res avaient d\u00e9cid\u00e9 d\u2019acheter le kilogramme de coton graine \u00e0 260 F CFA lieu de 250 F CFA, a-t-il dit. Mais, a poursuivi M. Kabor\u00e9, le gouvernement a mobilis\u00e9 3 milliards 500 mille F CFA afin de fixer \u00e0 265 F CFA le prix d\u2019achat du kilogramme. Concernant la qualit\u00e9 des semences, a-t-il soulign\u00e9, des mesures ont \u00e9t\u00e9 prises pour que le taux de germination atteigne 60 %. \u00abSur le prix de cession des intrants, un effort de 13 milliards 600 millions F CFA, a \u00e9t\u00e9 fait afin que le sac de 50 kg de NPK et d\u2019ur\u00e9e, passe de 15 000 \u00e0 14 000 F CFA. Aussi, le gouvernement a d\u00e9cid\u00e9 d\u2019accompagner certains producteurs dans l\u2019apurement de leur dette. Nous avons demand\u00e9 \u00e0 la SOFITEX, \u00e0 Faso Coton et SOCOMA de nous \u00e9valuer la dette. Mais nous allons demander aux producteurs de faire un effort \u00e9galement\u00bb, a indiqu\u00e9 le ministre.<\/p>\n<p>A l\u2019issue des \u00e9changes, il a laiss\u00e9 entendre que le gouvernement s\u2019est engag\u00e9 \u00e0 analyser l\u2019ensemble des pr\u00e9occupations pour qu\u2019au fur et \u00e0 mesure \u00abnous puissions juguler l\u2019ensemble des probl\u00e8mes qui ont \u00e9t\u00e9 soulev\u00e9s\u00bb. Le directeur g\u00e9n\u00e9ral de la SOFITEX, Wilfried Yam\u00e9ogo a salu\u00e9 le fait que les producteurs se sont engag\u00e9s au retour de la culture du coton sur la base du dialogue. \u00abNous partons satisfaits de cette premi\u00e8re approche qui consacre le retour des producteurs \u00e0 la culture du coton. Il est aussi important de relever que nous avons pris des engagements (\u2026), de travailler \u00e0 ce que la qualit\u00e9 de ce partenariat raffermisse la confiance\u00bb, a soulign\u00e9 le directeur g\u00e9n\u00e9ral.<\/p>\n<p class=\"c1\"><strong>Boubi\u00e9 G\u00e9rard BAYALA<\/strong><\/p>\n<div class=\"td-a-rec td-a-rec-id-content_bottom td_uid_31_5cd893ad8ee7d_rand td_block_template_1\"><img loading=\"lazy\" decoding=\"async\" class=\"alignright size-full wp-image-1724\" src=\"https:\/\/www.sidwaya.info\/wp-content\/uploads\/2018\/12\/sidwaya-pub.jpg\" alt=\"\" width=\"720\" height=\"90\"\/><\/div>\n<p>Auteur: DD. Sidwaya<br \/>\n<a href=\"https:\/\/www.sidwaya.info\/blog\/2019\/05\/12\/zone-cotonniere-de-ndorola-le-ok-des-fetiches-pour-la-reprise-de-la-production\/\">Cliquez ici pour lire l&rsquo;article depuis sa source.<\/a><\/p>\n","protected":false},"excerpt":{"rendered":"<p>Le ministre du Commerce, de l\u2019Industrie et de l\u2019Artisanat, Harouna Kabor\u00e9, par ailleurs pr\u00e9sident du comit\u00e9 de haut niveau du suivi de la relance de la production cotonni\u00e8re du Burkina Faso, a \u00e9chang\u00e9, le 11 mai 2019 \u00e0 Kourouma, avec les cotonculteurs de la r\u00e9gion cotonni\u00e8re de N\u2019Dorola. Les leaders coutumiers ont, \u00e0 l\u2019occasion, rassur\u00e9 [&hellip;]<\/p>\n","protected":false},"author":1816,"featured_media":0,"comment_status":"closed","ping_status":"closed","sticky":false,"template":"","format":"standard","meta":{"fifu_image_url":"","fifu_image_alt":"","footnotes":""},"categories":[73,81],"tags":[],"class_list":["post-33922","post","type-post","status-publish","format-standard","hentry","category-actualite","category-burkina-faso"],"_links":{"self":[{"href":"https:\/\/linitiative.ca\/International\/wp-json\/wp\/v2\/posts\/33922","targetHints":{"allow":["GET"]}}],"collection":[{"href":"https:\/\/linitiative.ca\/International\/wp-json\/wp\/v2\/posts"}],"about":[{"href":"https:\/\/linitiative.ca\/International\/wp-json\/wp\/v2\/types\/post"}],"author":[{"embeddable":true,"href":"https:\/\/linitiative.ca\/International\/wp-json\/wp\/v2\/users\/1816"}],"replies":[{"embeddable":true,"href":"https:\/\/linitiative.ca\/International\/wp-json\/wp\/v2\/comments?post=33922"}],"version-history":[{"count":0,"href":"https:\/\/linitiative.ca\/International\/wp-json\/wp\/v2\/posts\/33922\/revisions"}],"wp:attachment":[{"href":"https:\/\/linitiative.ca\/International\/wp-json\/wp\/v2\/media?parent=33922"}],"wp:term":[{"taxonomy":"category","embeddable":true,"href":"https:\/\/linitiative.ca\/International\/wp-json\/wp\/v2\/categories?post=33922"},{"taxonomy":"post_tag","embeddable":true,"href":"https:\/\/linitiative.ca\/International\/wp-json\/wp\/v2\/tags?post=33922"}],"curies":[{"name":"wp","href":"https:\/\/api.w.org\/{rel}","templated":true}]}}